{"id":88086,"date":"2025-11-12T12:28:18","date_gmt":"2025-11-12T12:28:18","guid":{"rendered":"https:\/\/www.europesays.com\/fi\/88086\/"},"modified":"2025-11-12T12:28:18","modified_gmt":"2025-11-12T12:28:18","slug":"suomi-aloittaa-satelliittiyhteistyon-liittolaisten-kanssa","status":"publish","type":"post","link":"https:\/\/www.europesays.com\/fi\/88086\/","title":{"rendered":"Suomi aloittaa satelliittiyhteisty\u00f6n liittolaisten kanssa"},"content":{"rendered":"<p>Puolustus|Suomi on k\u00e4ynnist\u00e4nyt kansallisen hankkeen, jossa kehitet\u00e4\u00e4n avaruuskyvykkyyksi\u00e4.<\/p>\n<p class=\"article-body mb-nof-24 px-nof-16\">Suomi alkaa rakentaa satelliittiyhteisty\u00f6t\u00e4 yhdess\u00e4 liittolaisten kanssa. Puolustusministeri <a class=\"article-personlink\" href=\"https:\/\/www.hs.fi\/haku\/?query=Antti%20H%C3%A4kk%C3%A4nen\" rel=\"nofollow noopener\" target=\"_blank\">Antti H\u00e4kk\u00e4nen<\/a> (kok) kertoi asiasta Naton ensimm\u00e4isess\u00e4 Arctic Space Forum -tapahtumassa Helsingiss\u00e4 keskiviikkona.<\/p>\n<p class=\"article-body mb-nof-24 px-nof-16\">\u201dRakennamme vahvan ja kokonaisvaltaisen valvontakyvyn, jolla vahvistamme Naton pelotetta ja puolustusta Pohjois-Euroopassa. Suomen ja liittokunnan turvallisuus vahvistuvat\u201d, H\u00e4kk\u00e4nen sanoi tiedotteen mukaan.<\/p>\n<p class=\"article-body mb-nof-24 px-nof-16\">Suunnitelmana on monikansallisen yhteis\u00f6n luominen niiden liittolaismaiden kanssa, jotka k\u00e4ytt\u00e4v\u00e4t SAR-satelliitteja.<\/p>\n<p class=\"article-body mb-nof-24 px-nof-16\">SAR-satelliitti tarkoittaa satelliittia, jossa on SAR-tutka. Satelliitti kykenee muodostamaan kuvaa maasta, vaikka olisi pilvist\u00e4 tai pime\u00e4\u00e4, koska se ei k\u00e4yt\u00e4 valoa vaan tutka-aaltoja.<\/p>\n<p class=\"article-body mb-nof-24 px-nof-16\">\u201dAvaruus on muuttunut suurvaltakilpailun ja tieteellisen tutkimuksen alueesta globaalin liiketoiminnan ja taloudellisen vaikuttamisen alueeksi\u201d, H\u00e4kk\u00e4nen sanoo tiedotteessa.<\/p>\n<p class=\"article-body mb-nof-24 px-nof-16\">\u201dAvaruus oli aikanaan puhtaasti tieteellinen ja sotilaallinen alue. Nyt se on strateginen ja operatiivinen voimavara, joka muokkaa vallan tasapainoa. Avaruus on t\u00e4rke\u00e4 my\u00f6s Naton pelotteen ja puolustuksen kannalta.\u201d<\/p>\n<p class=\"article-body mb-nof-24 px-nof-16\">H\u00e4kk\u00e4sen mukaan Suomi on k\u00e4ynnist\u00e4nyt kansallisen avaruuskyvykkyyksien kehitt\u00e4mishankkeen.<\/p>\n<p class=\"article-body mb-nof-24 px-nof-16\">Sen my\u00f6t\u00e4 Suomi on hankkinut kolme Iceye-yhti\u00f6n SAR-satelliittia, jolla on m\u00e4\u00e4r\u00e4 vahvistaa valvontakyky\u00e4.<\/p>\n<p class=\"article-body mb-nof-24 px-nof-16\">\u201dSamalla viitoitamme tiet\u00e4 kokonaisvaltaisemmalle avaruuskapasiteetin kehitt\u00e4missuunnitelmalle\u201d, H\u00e4kk\u00e4nen sanoo tiedotteessa.<\/p>\n<p class=\"article-body mb-nof-24 px-nof-16\">Naton Arctic Space -foorumin aiheina olivat muun muassa arktisen alueen strateginen merkitys ja puolustusalan ja kaupallisen avaruusalan yhteisty\u00f6n tiivist\u00e4minen.,<\/p>\n","protected":false},"excerpt":{"rendered":"Puolustus|Suomi on k\u00e4ynnist\u00e4nyt kansallisen hankkeen, jossa kehitet\u00e4\u00e4n avaruuskyvykkyyksi\u00e4. Suomi alkaa rakentaa satelliittiyhteisty\u00f6t\u00e4 yhdess\u00e4 liittolaisten kanssa. Puolustusministeri Antti H\u00e4kk\u00e4nen&hellip;\n","protected":false},"author":2,"featured_media":88087,"comment_status":"","ping_status":"","sticky":false,"template":"","format":"standard","meta":{"footnotes":""},"categories":[112],"tags":[33,31,30,46,118,32,119],"class_list":{"0":"post-88086","1":"post","2":"type-post","3":"status-publish","4":"format-standard","5":"has-post-thumbnail","7":"category-tiede","8":"tag-fi","9":"tag-finland","10":"tag-finnish","11":"tag-helsingin-sanomat","12":"tag-science","13":"tag-suomi","14":"tag-tiede"},"share_on_mastodon":{"url":"https:\/\/pubeurope.com\/@fi\/115536730867742538","error":""},"_links":{"self":[{"href":"https:\/\/www.europesays.com\/fi\/wp-json\/wp\/v2\/posts\/88086","targetHints":{"allow":["GET"]}}],"collection":[{"href":"https:\/\/www.europesays.com\/fi\/wp-json\/wp\/v2\/posts"}],"about":[{"href":"https:\/\/www.europesays.com\/fi\/wp-json\/wp\/v2\/types\/post"}],"author":[{"embeddable":true,"href":"https:\/\/www.europesays.com\/fi\/wp-json\/wp\/v2\/users\/2"}],"replies":[{"embeddable":true,"href":"https:\/\/www.europesays.com\/fi\/wp-json\/wp\/v2\/comments?post=88086"}],"version-history":[{"count":0,"href":"https:\/\/www.europesays.com\/fi\/wp-json\/wp\/v2\/posts\/88086\/revisions"}],"wp:featuredmedia":[{"embeddable":true,"href":"https:\/\/www.europesays.com\/fi\/wp-json\/wp\/v2\/media\/88087"}],"wp:attachment":[{"href":"https:\/\/www.europesays.com\/fi\/wp-json\/wp\/v2\/media?parent=88086"}],"wp:term":[{"taxonomy":"category","embeddable":true,"href":"https:\/\/www.europesays.com\/fi\/wp-json\/wp\/v2\/categories?post=88086"},{"taxonomy":"post_tag","embeddable":true,"href":"https:\/\/www.europesays.com\/fi\/wp-json\/wp\/v2\/tags?post=88086"}],"curies":[{"name":"wp","href":"https:\/\/api.w.org\/{rel}","templated":true}]}}