{"id":88088,"date":"2025-11-12T12:29:10","date_gmt":"2025-11-12T12:29:10","guid":{"rendered":"https:\/\/www.europesays.com\/fi\/88088\/"},"modified":"2025-11-12T12:29:10","modified_gmt":"2025-11-12T12:29:10","slug":"markus-raikkoseen-linkittyva-tekoaly-yritys-konkurssiin","status":"publish","type":"post","link":"https:\/\/www.europesays.com\/fi\/88088\/","title":{"rendered":"Markus R\u00e4ikk\u00f6seen linkittyv\u00e4 teko\u00e4ly-yritys konkurssiin"},"content":{"rendered":"<p>Konkurssit|Yhti\u00f6 on perustettu vuonna 2022. R\u00e4ikk\u00f6nen on toiminut yhti\u00f6n perustamisesta asti sen neuvonantajana.<\/p>\n<p class=\"article-body mb-nof-24 px-nof-16\">Suomen entisen p\u00e4\u00e4ministerin <a class=\"article-personlink\" href=\"https:\/\/www.hs.fi\/haku\/?query=Sanna%20Marinin\" rel=\"nofollow noopener\" target=\"_blank\">Sanna Marinin<\/a> entisen\u00e4 aviopuolisona tunnetun <a class=\"article-personlink\" href=\"https:\/\/www.hs.fi\/haku\/?query=Markus%20R%C3%A4ikk%C3%B6sen\" rel=\"nofollow noopener\" target=\"_blank\">Markus R\u00e4ikk\u00f6sen<\/a> yritys Forte AI on haettu konkurssiin.<\/p>\n<p class=\"article-body mb-nof-24 px-nof-16\">Konkurssia hakee verottaja.<\/p>\n<p class=\"article-body mb-nof-24 px-nof-16\">R\u00e4ikk\u00f6nen on yksi joensuulaisen teko\u00e4ly-yhti\u00f6n omistajista. H\u00e4n toimi my\u00f6s yhti\u00f6n toimitusjohtajana kuukausien ajan vuonna 2024. R\u00e4ikk\u00f6nen nostettiin tuolloin toimitusjohtajaksi, sill\u00e4 h\u00e4nen avullaan yritys koetti ker\u00e4t\u00e4 rahoitusta ja luoda maailmalta kontakteja.<\/p>\n<p class=\"article-body mb-nof-24 px-nof-16\">Yhti\u00f6 on perustettu vuonna 2022. R\u00e4ikk\u00f6nen on toiminut yhti\u00f6n perustamisesta asti sen neuvonantajana.<\/p>\n<p class=\"article-body mb-nof-24 px-nof-16\">R\u00e4ikk\u00f6nen oli Patentti- ja rekisterihallitukseen (PRH) toimitettujen tietojen mukaan viel\u00e4 lokakuussa yhti\u00f6n edunsaaja ja suuromistaja. H\u00e4nell\u00e4 oli 7. lokakuuta p\u00e4iv\u00e4ttyjen tietojen mukaan yrityksest\u00e4 runsaan 30 prosentin omistusosuus.<\/p>\n<p class=\"article-body mb-nof-24 px-nof-16\">Pian uutisen julkaisun j\u00e4lkeen R\u00e4ikk\u00f6nen viestitti HS:lle, ett\u00e4 h\u00e4nen omistusosuutensa yhti\u00f6st\u00e4 on vain 2 prosenttia.<\/p>\n<p class=\"article-body mb-nof-24 px-nof-16\">Yhti\u00f6n toimitusjohtaja, perustaja ja suuromistaja on t\u00e4ll\u00e4 haavaa <a class=\"article-personlink\" href=\"https:\/\/www.hs.fi\/haku\/?query=Jan%20Valkonen\" rel=\"nofollow noopener\" target=\"_blank\">Jan Valkonen<\/a>.<\/p>\n<p class=\"article-body mb-nof-24 px-nof-16\">Yhti\u00f6 ei ole raportoinut toiminta-aikanaan PRH:lle yht\u00e4\u00e4n tilinp\u00e4\u00e4t\u00f6st\u00e4. PRH on karhunnut sek\u00e4 vuoden 2023 ett\u00e4 2024 tilinp\u00e4\u00e4t\u00f6ksi\u00e4.<\/p>\n<p class=\"article-body nof-ui-body-medium mb-nof-24 px-nof-16\">Oikaisu 12.11. kello 11.24: Korjattu R\u00e4ikk\u00f6sen omistusosuus yhti\u00f6st\u00e4.<\/p>\n","protected":false},"excerpt":{"rendered":"Konkurssit|Yhti\u00f6 on perustettu vuonna 2022. R\u00e4ikk\u00f6nen on toiminut yhti\u00f6n perustamisesta asti sen neuvonantajana. Suomen entisen p\u00e4\u00e4ministerin Sanna Marinin&hellip;\n","protected":false},"author":2,"featured_media":88089,"comment_status":"","ping_status":"","sticky":false,"template":"","format":"standard","meta":{"footnotes":""},"categories":[84],"tags":[33,31,30,46,32,91,92],"class_list":{"0":"post-88088","1":"post","2":"type-post","3":"status-publish","4":"format-standard","5":"has-post-thumbnail","7":"category-teknologia","8":"tag-fi","9":"tag-finland","10":"tag-finnish","11":"tag-helsingin-sanomat","12":"tag-suomi","13":"tag-technology","14":"tag-teknologia"},"share_on_mastodon":{"url":"https:\/\/pubeurope.com\/@fi\/115536734738995653","error":""},"_links":{"self":[{"href":"https:\/\/www.europesays.com\/fi\/wp-json\/wp\/v2\/posts\/88088","targetHints":{"allow":["GET"]}}],"collection":[{"href":"https:\/\/www.europesays.com\/fi\/wp-json\/wp\/v2\/posts"}],"about":[{"href":"https:\/\/www.europesays.com\/fi\/wp-json\/wp\/v2\/types\/post"}],"author":[{"embeddable":true,"href":"https:\/\/www.europesays.com\/fi\/wp-json\/wp\/v2\/users\/2"}],"replies":[{"embeddable":true,"href":"https:\/\/www.europesays.com\/fi\/wp-json\/wp\/v2\/comments?post=88088"}],"version-history":[{"count":0,"href":"https:\/\/www.europesays.com\/fi\/wp-json\/wp\/v2\/posts\/88088\/revisions"}],"wp:featuredmedia":[{"embeddable":true,"href":"https:\/\/www.europesays.com\/fi\/wp-json\/wp\/v2\/media\/88089"}],"wp:attachment":[{"href":"https:\/\/www.europesays.com\/fi\/wp-json\/wp\/v2\/media?parent=88088"}],"wp:term":[{"taxonomy":"category","embeddable":true,"href":"https:\/\/www.europesays.com\/fi\/wp-json\/wp\/v2\/categories?post=88088"},{"taxonomy":"post_tag","embeddable":true,"href":"https:\/\/www.europesays.com\/fi\/wp-json\/wp\/v2\/tags?post=88088"}],"curies":[{"name":"wp","href":"https:\/\/api.w.org\/{rel}","templated":true}]}}