{"id":88105,"date":"2025-11-12T13:00:13","date_gmt":"2025-11-12T13:00:13","guid":{"rendered":"https:\/\/www.europesays.com\/fi\/88105\/"},"modified":"2025-11-12T13:00:13","modified_gmt":"2025-11-12T13:00:13","slug":"oloksen-tykkikisat-tassa-syy-iivo-niskasen-poissaoloon","status":"publish","type":"post","link":"https:\/\/www.europesays.com\/fi\/88105\/","title":{"rendered":"Oloksen tykkikisat: T\u00e4ss\u00e4 syy Iivo Niskasen poissaoloon"},"content":{"rendered":"<p>Oloksella pidet\u00e4\u00e4n viikonloppuna kovatasoiset Fis-kilpailut.<\/p>\n<p>Lue tiivistelm\u00e4<\/p>\n<p>Tiivistelm\u00e4 on teko\u00e4lyn tekem\u00e4 ja ihmisen tarkistama.<\/p>\n<p class=\"article-body mb-nof-24 px-nof-16 sndp-summary-bullet-point-font\">Kansainv\u00e4linen hiihtokausi alkaa viikonloppuna Oloksen Tykkikisoilla, joihin osallistuu yli 300 hiiht\u00e4j\u00e4\u00e4.<\/p>\n<p class=\"article-body mb-nof-24 px-nof-16 sndp-summary-bullet-point-font\">Olympiavoittaja Iivo Niskanen ei osallistu kisoihin, vaan kilpailee seuraavan kerran Rukan Suomen cupissa.<\/p>\n<p class=\"article-body mb-nof-24 px-nof-16 sndp-summary-bullet-point-font\">Asiantuntija Harri Kirvesniemi uskoo, ett\u00e4 Niskanen t\u00e4ht\u00e4\u00e4 vain helmikuun olympialaisiin.<\/p>\n<p class=\"article-body mb-nof-24 px-nof-16 sndp-summary-bullet-point-font\">Oloksen kisat antavat osviittaa talven voimasuhteista ja ISTV n\u00e4ytt\u00e4\u00e4 kisat suorina l\u00e4hetyksin\u00e4.<\/p>\n<p class=\"article-body mb-nof-24 px-nof-16\">Kansainv\u00e4linen hiihtokausi alkaa tulevana viikonloppuna Oloksen Tykkikisoilla.<\/p>\n<p class=\"article-body mb-nof-24 px-nof-16\">Kisoihin on ilmoittautunut yli 300 hiiht\u00e4j\u00e4\u00e4. Mukana on valtaosa Suomen k\u00e4rkitykeist\u00e4 sek\u00e4 esimerkiksi Saksan ja Italian maajoukkuehiiht\u00e4ji\u00e4.<\/p>\n<p class=\"article-body mb-nof-24 px-nof-16\">Osallistujalistasta kuitenkin puuttuu Tykkikisojen vakionimi, Olostunturin kupeessa nelj\u00e4n\u00e4 viime marraskuuna kisannut <a class=\"article-personlink\" href=\"https:\/\/www.is.fi\/haku\/?query=Iivo%20Niskanen\" rel=\"nofollow noopener\" target=\"_blank\">Iivo Niskanen<\/a>.<\/p>\n<p class=\"article-body mb-nof-24 px-nof-16\">Niskanen avasi kisakautensa 2. marraskuuta Vuokatin Suomen cupin viestiss\u00e4. H\u00e4n oli ilmoittautunut my\u00f6s Vuokatin Talvikisoihin viime viikonloppuna, mutta ei ilmestynyt viivalle.<\/p>\n<p class=\"article-body mb-nof-24 px-nof-16\">Niskasen, 33, poisj\u00e4\u00e4ntiin Muoniosta ei liity dramatiikkaa, vaan kisaa ei ollut alun perink\u00e4\u00e4n piirretty olympiavoittajan kalenteriin. Kuopiolainen kilpailee seuraavan kerran Rukan Suomen cupissa runsaan viikon kuluttua.<\/p>\n<p class=\"article-body mb-nof-24 px-nof-16\">Asiantuntija <a class=\"article-personlink\" href=\"https:\/\/www.is.fi\/haku\/?query=Harri%20Kirvesniemen\" rel=\"nofollow noopener\" target=\"_blank\">Harri Kirvesniemen<\/a> mukaan Niskasen ratkaisu kielii siit\u00e4, ett\u00e4 t\u00e4m\u00e4 on asettanut t\u00e4ht\u00e4imens\u00e4 vain ja ainoastaan helmikuun olympialaisiin. Kisoihin on turha kiirehti\u00e4 viel\u00e4.<\/p>\n<p class=\"article-body mb-nof-24 px-nof-16\">\u2013 Olos on varmasti ollut aiempina vuosina Iivolle kokeilukisa Rukan maailmancupia ajatellen, mutta nyt painotus ei taida olla yht\u00e4 vahvasti siell\u00e4. Oletan, ett\u00e4 h\u00e4n hiiht\u00e4\u00e4 silti kovaa Rukan maailmancupissa.<\/p>\n<p class=\"article-body mb-nof-24 px-nof-16\">Niskasen peukalo murtui toukokuussa, mutta h\u00e4n on p\u00e4\u00e4ssyt harjoittelemaan normaalisti hein\u00e4kuusta l\u00e4htien. Viime aikoina h\u00e4n on treenannut ainakin kotikonnuillaan Kuopiossa ja Vuokatin ensilumenladulla.<\/p>\n<p class=\"article-body mb-nof-24 px-nof-16\">\u2013 Iivon syyskauden on t\u00e4ytynyt sujua aika hyvin, kun h\u00e4n halusi kisata jo Vuokatin Suomen cupissa. Ei Iivo olisi viestiin l\u00e4htenyt, jos h\u00e4nell\u00e4 olisi ollut jotain ongelmia, Kirvesniemi ruotii.<\/p>\n<p class=\"article-body mb-nof-24 px-nof-16\">Rukan maailmancup suihkitaan 28.\u201330. marraskuuta.<\/p>\n<p class=\"article-body mb-nof-24 px-nof-16\">Oloksen tykkikisat alkavat perjantaina perinteisen sprinteill\u00e4. Lauantaina on vuorossa perinteisen ja sunnuntaina vapaan normaalimatkat.<\/p>\n<p class=\"article-body mb-nof-24 px-nof-16\">Kisaj\u00e4rjest\u00e4j\u00e4t ovat saamassa aikaisen joululahjan ennen perjantaita. Muonioon on satanut alkuviikolla noin viiden senttimetrin lumipeite, ja torstaina lunta tuivertaa ennusteiden mukaan per\u00e4ti 30 senttimetri\u00e4.<\/p>\n<p class=\"article-body mb-nof-24 px-nof-16\">\u2013 Se oli oikein toivottu ja kiva lis\u00e4 ihan jo maisemallisestikin, mutta my\u00f6s olosuhteiden kannalta. Ihan hieno juttu, ett\u00e4 tuli talvi, kilpailunjohtaja <a class=\"article-personlink\" href=\"https:\/\/www.is.fi\/haku\/?query=Tero%20Kyl%C3%A4-Kaila\" rel=\"nofollow noopener\" target=\"_blank\">Tero Kyl\u00e4-Kaila<\/a> herkuttelee.<\/p>\n<p class=\"article-body mb-nof-24 px-nof-16\">Oloksella kierret\u00e4\u00e4n viiden kilometrin lenkki\u00e4. Latua saadaan paranneltua ja levennetty\u00e4 luonnonlumen ansiosta.<\/p>\n<p><img decoding=\"async\" src=\"https:\/\/www.europesays.com\/fi\/wp-content\/uploads\/2025\/11\/1762952413_182_468.jpg\" alt=\"Katharina Hennig (vas.) hiiht\u00e4\u00e4 t\u00e4n\u00e4kin vuonna Oloksella.\" class=\"_Img_1rerz_1\" style=\"aspect-ratio:1.4988290398126465\" loading=\"eager\"\/><\/p>\n<p class=\"article-picture-caption\">Katharina Hennig (vas.) hiiht\u00e4\u00e4 t\u00e4n\u00e4kin vuonna Oloksella. Kuva:\u00a0tomi makipaa<\/p>\n<p class=\"article-body mb-nof-24 px-nof-16\">Oloksen kisat ovat aiempina vuosina antaneet vahvaa osviittaa talven voimasuhteista. Kirvesniemi odottaakin onnistumisia Suomen kokeneelta kaartilta, kuten <a class=\"article-personlink\" href=\"https:\/\/www.is.fi\/haku\/?query=Krista%20P%C3%A4rm%C3%A4koskelta\" rel=\"nofollow noopener\" target=\"_blank\">Krista P\u00e4rm\u00e4koskelta<\/a>,<a class=\"article-personlink\" href=\"https:\/\/www.is.fi\/haku\/?query=%20Kerttu%20Niskaselta\" rel=\"nofollow noopener\" target=\"_blank\"> Kerttu Niskaselta<\/a>, <a class=\"article-personlink\" href=\"https:\/\/www.is.fi\/haku\/?query=Perttu%20Hyv%C3%A4riselt%C3%A4\" rel=\"nofollow noopener\" target=\"_blank\">Perttu Hyv\u00e4riselt\u00e4<\/a> ja <a class=\"article-personlink\" href=\"https:\/\/www.is.fi\/haku\/?query=Ristomatti%20Hakolalta\" rel=\"nofollow noopener\" target=\"_blank\">Ristomatti Hakolalta<\/a>.<\/p>\n<p class=\"article-body mb-nof-24 px-nof-16\">Erityisell\u00e4 mielenkiinnolla Kirvesniemi seuraa<a class=\"article-personlink\" href=\"https:\/\/www.is.fi\/haku\/?query=%20Joni%20M%C3%A4en\" rel=\"nofollow noopener\" target=\"_blank\"> Joni M\u00e4en<\/a> ja <a class=\"article-personlink\" href=\"https:\/\/www.is.fi\/haku\/?query=Jasmin%20K%C3%A4h%C3%A4r%C3%A4n\" rel=\"nofollow noopener\" target=\"_blank\">Jasmin K\u00e4h\u00e4r\u00e4n <\/a>edesottamuksia perjantain sprintiss\u00e4. Olympialaisten sprintti kisataan Oloksen tavoin perinteisell\u00e4.<\/p>\n<p class=\"article-body mb-nof-24 px-nof-16\">M\u00e4ki on saanut valmistautua kauteen monesta muusta vuodesta poiketen p\u00e4\u00e4osin terveen\u00e4. Kirvesniemen mielest\u00e4 M\u00e4en kauden avaus Vuokatissa n\u00e4ytti \u201dharvinaisen helpolta\u201d, ja nyt olympiamitalisti p\u00e4\u00e4see hy\u00f6kk\u00e4\u00e4m\u00e4\u00e4n sprinttikisaan.<\/p>\n<p class=\"article-body mb-nof-24 px-nof-16\">\u2013 My\u00f6s K\u00e4h\u00e4r\u00e4 pisti silm\u00e4\u00e4n Vuokatin Suomen cupissa. Vaikutti silt\u00e4, ett\u00e4 h\u00e4n olisi ottanut isoja kehitysaskelia viime vuosista.<\/p>\n<p class=\"article-body nof-ui-body-medium mb-nof-24 px-nof-16\">ISTV n\u00e4ytt\u00e4\u00e4 Oloksen Tykkikisat suorina l\u00e4hetyksin\u00e4. Perjantain l\u00e4hetys alkaa karsintavaiheesta kello 10, er\u00e4vaihe k\u00e4ynnistyy kello 12. Lauantaina ja sunnuntaina l\u00e4hetykset alkavat kello 9.45.<\/p>\n","protected":false},"excerpt":{"rendered":"Oloksella pidet\u00e4\u00e4n viikonloppuna kovatasoiset Fis-kilpailut. Lue tiivistelm\u00e4 Tiivistelm\u00e4 on teko\u00e4lyn tekem\u00e4 ja ihmisen tarkistama. Kansainv\u00e4linen hiihtokausi alkaa viikonloppuna&hellip;\n","protected":false},"author":2,"featured_media":88106,"comment_status":"","ping_status":"","sticky":false,"template":"","format":"standard","meta":{"footnotes":""},"categories":[158],"tags":[33,31,30,34,159,32,160],"class_list":{"0":"post-88105","1":"post","2":"type-post","3":"status-publish","4":"format-standard","5":"has-post-thumbnail","7":"category-urheilu","8":"tag-fi","9":"tag-finland","10":"tag-finnish","11":"tag-ilta-sanomat","12":"tag-sports","13":"tag-suomi","14":"tag-urheilu"},"share_on_mastodon":{"url":"https:\/\/pubeurope.com\/@fi\/115536856761983657","error":""},"_links":{"self":[{"href":"https:\/\/www.europesays.com\/fi\/wp-json\/wp\/v2\/posts\/88105","targetHints":{"allow":["GET"]}}],"collection":[{"href":"https:\/\/www.europesays.com\/fi\/wp-json\/wp\/v2\/posts"}],"about":[{"href":"https:\/\/www.europesays.com\/fi\/wp-json\/wp\/v2\/types\/post"}],"author":[{"embeddable":true,"href":"https:\/\/www.europesays.com\/fi\/wp-json\/wp\/v2\/users\/2"}],"replies":[{"embeddable":true,"href":"https:\/\/www.europesays.com\/fi\/wp-json\/wp\/v2\/comments?post=88105"}],"version-history":[{"count":0,"href":"https:\/\/www.europesays.com\/fi\/wp-json\/wp\/v2\/posts\/88105\/revisions"}],"wp:featuredmedia":[{"embeddable":true,"href":"https:\/\/www.europesays.com\/fi\/wp-json\/wp\/v2\/media\/88106"}],"wp:attachment":[{"href":"https:\/\/www.europesays.com\/fi\/wp-json\/wp\/v2\/media?parent=88105"}],"wp:term":[{"taxonomy":"category","embeddable":true,"href":"https:\/\/www.europesays.com\/fi\/wp-json\/wp\/v2\/categories?post=88105"},{"taxonomy":"post_tag","embeddable":true,"href":"https:\/\/www.europesays.com\/fi\/wp-json\/wp\/v2\/tags?post=88105"}],"curies":[{"name":"wp","href":"https:\/\/api.w.org\/{rel}","templated":true}]}}