{"id":88116,"date":"2025-11-12T13:08:08","date_gmt":"2025-11-12T13:08:08","guid":{"rendered":"https:\/\/www.europesays.com\/fi\/88116\/"},"modified":"2025-11-12T13:08:08","modified_gmt":"2025-11-12T13:08:08","slug":"wwfn-luontolive-tuo-luonnon-lahelle-myos-liikuntarajoitteisille-wwf-suomi","status":"publish","type":"post","link":"https:\/\/www.europesays.com\/fi\/88116\/","title":{"rendered":"WWF:n Luontolive tuo luonnon l\u00e4helle my\u00f6s liikuntarajoitteisille \u2013 WWF Suomi"},"content":{"rendered":"<p><a href=\"https:\/\/wwf.fi\/luontolive\/talvilintu\/\" target=\"_blank\" rel=\"noopener nofollow\">WWF:n Luontolivess\u00e4<\/a> kuka tahansa meist\u00e4 p\u00e4\u00e4see n\u00e4kem\u00e4\u00e4n jotain, mit\u00e4 ei l\u00e4himets\u00e4ss\u00e4 tule vastaan. Luontolive on tarjonnut kurkistusikkunan muun muassa saimaannorppien karvanvaihtoon sek\u00e4 s\u00e4\u00e4ksien ja p\u00f6ll\u00f6jen perhe-el\u00e4m\u00e4\u00e4n, ilman ett\u00e4 el\u00e4imet h\u00e4iriintyv\u00e4t lainkaan.<\/p>\n<p>Luonnon tarkkailulla ja luonnossa oleilulla tiedet\u00e4\u00e4n olevan terveytt\u00e4 edist\u00e4vi\u00e4 vaikutuksia ja niit\u00e4 on tutkittu melko paljon. \u00a0Tied\u00e4mme, ett\u00e4 jo 15\u201320 minuutin oleilu luonnossa alentaa verenpainetta. Luonto lievitt\u00e4\u00e4 stressi\u00e4, kohentaa mielialaa ja vaikuttaa positiivisesti vuorovaikutukseen muiden ihmisten kanssa. Osa terveysvaikutuksista v\u00e4littyy my\u00f6s ruudun kautta. Luontokuvien ja -videoiden katselulla tiedet\u00e4\u00e4n olevan samansuuntaisia vaikutuksia.<\/p>\n<p>WWF:n Luontolivelle onkin rakentunut aivan erityinen seuraajakunta ihmisist\u00e4, jotka eiv\u00e4t itse p\u00e4\u00e4se luontoon esimerkiksi liikuntarajoitusten takia.<\/p>\n<p>\u00a0<\/p>\n<p>WWF:n Luontolive ilahduttaa ja aktivoi ik\u00e4ihmisi\u00e4 ja muistisairaita<\/p>\n<p>L\u00e4hihoitaja <strong>Sari Juntunen<\/strong> ohjaa ik\u00e4ihmisten p\u00e4iv\u00e4toimintaa Suomussalmella Kainuussa. Senioreja osallistuu Juntusen ohjaamaan toimintaan joka arkip\u00e4iv\u00e4, aina nelj\u00e4 tuntia kerrallaan. Juntunen itse viihtyy luonnossa ja saa iloa erityisesti kev\u00e4\u00e4st\u00e4. Siit\u00e4 syntyi ajatus, ett\u00e4 luonnon seuraaminen yhdess\u00e4 ik\u00e4ihmisten kanssa voisi tuoda iloa heid\u00e4nkin el\u00e4miins\u00e4.<\/p>\n<p>\u201dJoka viikko vilkaisemme yhdess\u00e4 mit\u00e4 Luontolivess\u00e4 tapahtuu, ja muistelemme mit\u00e4 edellisell\u00e4 viikolla n\u00e4imme\u201d, Juntunen kertoo. Jos jotain j\u00e4nnitt\u00e4v\u00e4\u00e4 tapahtuu kamerassa, sit\u00e4 j\u00e4\u00e4d\u00e4\u00e4n seuraamaan pidemm\u00e4ksikin aikaa.<\/p>\n<p>\u201dVanhemman ik\u00e4polven ihmisille on my\u00f6s suuri ihmetys, kuinka kamera on saatu luontoon ja kuinka se voi v\u00e4litt\u00e4\u00e4 kuvaa eri lajien el\u00e4m\u00e4st\u00e4 suorana l\u00e4hetyksen\u00e4\u201d, Juntunen kertoo.<\/p>\n<p>Juntusen mukaan ik\u00e4ihmisi\u00e4 ilahduttaa seurata esimerkiksi s\u00e4\u00e4ksiperheen el\u00e4m\u00e4\u00e4. Kev\u00e4\u00e4n ja kes\u00e4n aikana p\u00e4\u00e4see n\u00e4kem\u00e4\u00e4n pesimisen koko kaaren: munien ilmaantumisen pes\u00e4\u00e4n ja niiden kuoriutumisen, kuinka poikaset varttuvat avuttomista untuvikoista lentokykyisiksi nuoriksi linnuiksi ja ovat valmiina l\u00e4htem\u00e4\u00e4n talvehtimaan Afrikkaan. Juntunen kertoo, ett\u00e4 muutkin p\u00e4iv\u00e4toimintaryhm\u00e4t Kainuussa seuraavat WWF:n Luontoliven l\u00e4hetyksi\u00e4.<\/p>\n<p>WWF:n Luontoliven l\u00e4hetykset ovat tuttuja senioreille muuallakin. Virikevastaava <strong>Moona Metsoila<\/strong> Ikifitin hyvinvointikoti Apilasta Kangasalta kertoo huolehtivansa, ett\u00e4 WWF:n Luontolive-l\u00e4hetykset ovat ruudulla n\u00e4kyviss\u00e4, koska ne ovat olleet asukkaiden suosiossa. Luonto ja el\u00e4imet ovat hyvin rakkaita asioita muistisairaillekin.<\/p>\n<p>\u201dWWF:n Luontoliven l\u00e4hetykset her\u00e4tt\u00e4v\u00e4t ihastusta ja palauttavat mieleen omia luontokokemuksia ja -muistoja\u201d, Metsoila kertoo.<\/p>\n<p>\u201dLuonto ja el\u00e4imet her\u00e4tt\u00e4v\u00e4t nekin ihmiset, jotka ovat sairauden takia k\u00e4\u00e4ntyneet sis\u00e4\u00e4np\u00e4in ja poissaolevia\u201d, Metsoila sanoo. H\u00e4n kertoo, ett\u00e4 el\u00e4imist\u00e4 tehdyt havainnot her\u00e4tt\u00e4v\u00e4t keskustelua ja aktivoivat niin ik\u00e4ihmisi\u00e4 kuin hoitajiakin. Luontoliven l\u00e4hetykset mahdollistavat luontoel\u00e4mykset vuodepotilaillekin.<\/p>\n<p>\u201dSe on viihdett\u00e4, joka ei ole tylsistytt\u00e4v\u00e4\u00e4 ja passivoivaa, vaan aktivoivaa ja her\u00e4ttelev\u00e4\u00e4\u201d, h\u00e4n kertoo.<\/p>\n<p>My\u00f6s Oulun yliopistollinen sairaala alkoi marraskuussa tarjota WWF:n Luontolive\u00e4 potilailleen ja hoitajilleen. Luontoliven voi valita katseltavaksi sairaalan 600:lta potilas-tv-ruudulta. Sit\u00e4 n\u00e4ytet\u00e4\u00e4n my\u00f6s odotusauloissa, joissa on useampi n\u00e4ytt\u00f6, sek\u00e4 henkil\u00f6kunnan taukotiloissa.<\/p>\n","protected":false},"excerpt":{"rendered":"WWF:n Luontolivess\u00e4 kuka tahansa meist\u00e4 p\u00e4\u00e4see n\u00e4kem\u00e4\u00e4n jotain, mit\u00e4 ei l\u00e4himets\u00e4ss\u00e4 tule vastaan. Luontolive on tarjonnut kurkistusikkunan muun&hellip;\n","protected":false},"author":2,"featured_media":88117,"comment_status":"","ping_status":"","sticky":false,"template":"","format":"standard","meta":{"footnotes":""},"categories":[117],"tags":[33,31,30,72,476,118,32,119,477],"class_list":{"0":"post-88116","1":"post","2":"type-post","3":"status-publish","4":"format-standard","5":"has-post-thumbnail","7":"category-luonto","8":"tag-fi","9":"tag-finland","10":"tag-finnish","11":"tag-luonto","12":"tag-nature","13":"tag-science","14":"tag-suomi","15":"tag-tiede","16":"tag-wildlife"},"share_on_mastodon":{"url":"https:\/\/pubeurope.com\/@fi\/115536888017419522","error":""},"_links":{"self":[{"href":"https:\/\/www.europesays.com\/fi\/wp-json\/wp\/v2\/posts\/88116","targetHints":{"allow":["GET"]}}],"collection":[{"href":"https:\/\/www.europesays.com\/fi\/wp-json\/wp\/v2\/posts"}],"about":[{"href":"https:\/\/www.europesays.com\/fi\/wp-json\/wp\/v2\/types\/post"}],"author":[{"embeddable":true,"href":"https:\/\/www.europesays.com\/fi\/wp-json\/wp\/v2\/users\/2"}],"replies":[{"embeddable":true,"href":"https:\/\/www.europesays.com\/fi\/wp-json\/wp\/v2\/comments?post=88116"}],"version-history":[{"count":0,"href":"https:\/\/www.europesays.com\/fi\/wp-json\/wp\/v2\/posts\/88116\/revisions"}],"wp:featuredmedia":[{"embeddable":true,"href":"https:\/\/www.europesays.com\/fi\/wp-json\/wp\/v2\/media\/88117"}],"wp:attachment":[{"href":"https:\/\/www.europesays.com\/fi\/wp-json\/wp\/v2\/media?parent=88116"}],"wp:term":[{"taxonomy":"category","embeddable":true,"href":"https:\/\/www.europesays.com\/fi\/wp-json\/wp\/v2\/categories?post=88116"},{"taxonomy":"post_tag","embeddable":true,"href":"https:\/\/www.europesays.com\/fi\/wp-json\/wp\/v2\/tags?post=88116"}],"curies":[{"name":"wp","href":"https:\/\/api.w.org\/{rel}","templated":true}]}}