{"id":88120,"date":"2025-11-12T13:20:08","date_gmt":"2025-11-12T13:20:08","guid":{"rendered":"https:\/\/www.europesays.com\/fi\/88120\/"},"modified":"2025-11-12T13:20:08","modified_gmt":"2025-11-12T13:20:08","slug":"kolmen-taiteilijan-yhteisnayttely-avautuu-emil-cedercreutzin-museossa","status":"publish","type":"post","link":"https:\/\/www.europesays.com\/fi\/88120\/","title":{"rendered":"Kolmen taiteilijan yhteisn\u00e4yttely avautuu Emil Cedercreutzin museossa"},"content":{"rendered":"<p>N\u00e4yttelyn teemana Harjavallassa on hiljaisuus.<\/p>\n<p class=\"article-body mb-nof-24 px-nof-16\">Emil Cedercreutzin museossa aukeaa kolmen nykytaiteilijan yhteisn\u00e4yttely ensi viikolla. N\u00e4yttelyyn osallistuvat <a class=\"article-personlink\" href=\"https:\/\/www.sydansatakunta.fi\/haku\/?query=Niina%20Vincelot,\" rel=\"nofollow noopener\" target=\"_blank\">Niina Vincelot,<\/a> <a class=\"article-personlink\" href=\"https:\/\/www.sydansatakunta.fi\/haku\/?query=Sanna%20Pitk%C3%A4niemi-Toroska\" rel=\"nofollow noopener\" target=\"_blank\">Sanna Pitk\u00e4niemi-Toroska<\/a> sek\u00e4 <a class=\"article-personlink\" href=\"https:\/\/www.sydansatakunta.fi\/haku\/?query=Juhani%20J%C3%A4rvinen\" rel=\"nofollow noopener\" target=\"_blank\">Juhani J\u00e4rvinen<\/a>.<\/p>\n<p class=\"article-body mb-nof-24 px-nof-16\">Kahdelta ensin mainitulta n\u00e4yttelyyn tulee viimeisten vuosien aikana valmistuneita maalauksia, mink\u00e4 lis\u00e4ksi Pitk\u00e4niemi-Toroskalta esill\u00e4 on my\u00f6s rakukeraamisia installaatioita. J\u00e4rvinen puolestaan osallistuu n\u00e4yttelyyn veistoksillaan, joita h\u00e4n on tehnyt vuosina 2015\u20132024.<\/p>\n","protected":false},"excerpt":{"rendered":"N\u00e4yttelyn teemana Harjavallassa on hiljaisuus. Emil Cedercreutzin museossa aukeaa kolmen nykytaiteilijan yhteisn\u00e4yttely ensi viikolla. N\u00e4yttelyyn osallistuvat Niina Vincelot,&hellip;\n","protected":false},"author":2,"featured_media":88121,"comment_status":"","ping_status":"","sticky":false,"template":"","format":"standard","meta":{"footnotes":""},"categories":[135],"tags":[389,387,388,390,137,33,31,30,32,394,572,393,391,392,109],"class_list":{"0":"post-88120","1":"post","2":"type-post","3":"status-publish","4":"format-standard","5":"has-post-thumbnail","7":"category-taiteet-ja-suunnittelu","8":"tag-arts","9":"tag-arts-and-design","10":"tag-artsanddesign","11":"tag-design","12":"tag-entertainment","13":"tag-fi","14":"tag-finland","15":"tag-finnish","16":"tag-suomi","17":"tag-suunnittelu","18":"tag-sydan-satakunta","19":"tag-taiteet","20":"tag-taiteet-ja-suunnittelu","21":"tag-taiteetsuunnittelu","22":"tag-viihde"},"share_on_mastodon":{"url":"https:\/\/pubeurope.com\/@fi\/115536935190105781","error":""},"_links":{"self":[{"href":"https:\/\/www.europesays.com\/fi\/wp-json\/wp\/v2\/posts\/88120","targetHints":{"allow":["GET"]}}],"collection":[{"href":"https:\/\/www.europesays.com\/fi\/wp-json\/wp\/v2\/posts"}],"about":[{"href":"https:\/\/www.europesays.com\/fi\/wp-json\/wp\/v2\/types\/post"}],"author":[{"embeddable":true,"href":"https:\/\/www.europesays.com\/fi\/wp-json\/wp\/v2\/users\/2"}],"replies":[{"embeddable":true,"href":"https:\/\/www.europesays.com\/fi\/wp-json\/wp\/v2\/comments?post=88120"}],"version-history":[{"count":0,"href":"https:\/\/www.europesays.com\/fi\/wp-json\/wp\/v2\/posts\/88120\/revisions"}],"wp:featuredmedia":[{"embeddable":true,"href":"https:\/\/www.europesays.com\/fi\/wp-json\/wp\/v2\/media\/88121"}],"wp:attachment":[{"href":"https:\/\/www.europesays.com\/fi\/wp-json\/wp\/v2\/media?parent=88120"}],"wp:term":[{"taxonomy":"category","embeddable":true,"href":"https:\/\/www.europesays.com\/fi\/wp-json\/wp\/v2\/categories?post=88120"},{"taxonomy":"post_tag","embeddable":true,"href":"https:\/\/www.europesays.com\/fi\/wp-json\/wp\/v2\/tags?post=88120"}],"curies":[{"name":"wp","href":"https:\/\/api.w.org\/{rel}","templated":true}]}}