{"id":88185,"date":"2025-11-12T15:00:09","date_gmt":"2025-11-12T15:00:09","guid":{"rendered":"https:\/\/www.europesays.com\/fi\/88185\/"},"modified":"2025-11-12T15:00:09","modified_gmt":"2025-11-12T15:00:09","slug":"suomessa-kuvattua-dracula-elokuvaa-pihdataan-vain-kolme-naytosta-koko-maassa","status":"publish","type":"post","link":"https:\/\/www.europesays.com\/fi\/88185\/","title":{"rendered":"Suomessa kuvattua Dracula-elokuvaa pihdataan: Vain kolme n\u00e4yt\u00f6st\u00e4 koko maassa"},"content":{"rendered":"<p class=\"article-content article-content-width !bg-background\">Ranskalainen ohjaajaveteraani <a alt=\"Haku\" class=\"text-primary-red font-extrabold\" href=\"https:\/\/www.seiska.fi\/haku?q=Luc Besson\" rel=\"nofollow noopener\" target=\"_blank\">Luc Besson<\/a>, 66, on ty\u00f6nt\u00e4nyt lusikkansa veripalttuun ja tehnyt oman sovituksensa maailman kuuluisimmasta vampyyrista.<\/p>\n<p class=\"font-weight-bold m-font-weight-bold italic m-italic article-content article-content-width !bg-background\">Arkistovideo: Monika Lindemanin ja Darren McStayn suosikkikauhuelokuvat<\/p>\n<p class=\"article-content article-content-width !bg-background\">Bessonin Dracula on jo siit\u00e4kin syyst\u00e4 mielenkiintoinen, ett\u00e4 osa elokuvasta on kuvattu Suomessa. Mukana on isoja ulkokohtauksia, jotka oli alun perin tarkoitus kuvata Juran vuoristossa it\u00e4isess\u00e4 Ranskassa. Sielt\u00e4 ei kuitenkaan l\u00f6ytynyt lunta, jonka etsint\u00e4 vei Bessonin kuvausryhmineen Kajaaniin, Kuhmoon ja Sotkamoon.<\/p>\n<p class=\"article-content article-content-width !bg-background\">Suurin osa sis\u00e4kohtauksista on kuvattu studioilla Pariisin ulkopuolella. Elokuvan nimiroolissa n\u00e4hd\u00e4\u00e4n ohjaajan edellist\u00e4kin elokuvaa DogMan t\u00e4hditt\u00e4nyt <a alt=\"Haku\" class=\"text-primary-red font-extrabold\" href=\"https:\/\/www.seiska.fi\/haku?q=Caleb Landry Jones\" rel=\"nofollow noopener\" target=\"_blank\">Caleb Landry Jones<\/a> ja muissa osissa <a alt=\"Haku\" class=\"text-primary-red font-extrabold\" href=\"https:\/\/www.seiska.fi\/haku?q=Matilda De Angelis\" rel=\"nofollow noopener\" target=\"_blank\">Matilda De Angelis<\/a>, kaksinkertainen Oscar-voittaja <a alt=\"Haku\" class=\"text-primary-red font-extrabold\" href=\"https:\/\/www.seiska.fi\/haku?q=Christoph Waltz\" rel=\"nofollow noopener\" target=\"_blank\">Christoph Waltz<\/a> ja n\u00e4yttelij\u00e4 <a alt=\"Haku\" class=\"text-primary-red font-extrabold\" href=\"https:\/\/www.seiska.fi\/haku?q=Rosanna Arquetten\" rel=\"nofollow noopener\" target=\"_blank\">Rosanna Arquetten<\/a> tytt\u00e4ren\u00e4kin tunnettu <a alt=\"Haku\" class=\"text-primary-red font-extrabold\" href=\"https:\/\/www.seiska.fi\/haku?q=Zo\u00eb Bleu Sidel\" rel=\"nofollow noopener\" target=\"_blank\">Zo\u00eb Bleu Sidel<\/a>. Musiikin elokuvaan on s\u00e4velt\u00e4nyt yhteisty\u00f6st\u00e4\u00e4n <a alt=\"Haku\" class=\"text-primary-red font-extrabold\" href=\"https:\/\/www.seiska.fi\/haku?q=Tim Burtonin\" rel=\"nofollow noopener\" target=\"_blank\">Tim Burtonin<\/a> kanssa tunnettu <a alt=\"Haku\" class=\"text-primary-red font-extrabold\" href=\"https:\/\/www.seiska.fi\/haku?q=Danny Elfman\" rel=\"nofollow noopener\" target=\"_blank\">Danny Elfman<\/a>.<\/p>\n<p>                <img decoding=\"async\" src=\"https:\/\/www.europesays.com\/fi\/wp-content\/uploads\/2025\/11\/1989520.webp\" width=\"576\" height=\"274\" alt=\"Zo\u00eb Bleu Sidel ja Caleb Landry Jones elokuvassa Luc Besson's Dracula.\" loading=\"lazy\" \/>            <\/p>\n<p>\n            Zo\u00eb Bleu Sidel ja Caleb Landry Jones elokuvassa Luc Besson&#8217;s Dracula.<br \/>\n            Nordisk\n        <\/p>\n<p>Vain kolme n\u00e4yt\u00f6st\u00e4 Suomessa<\/p>\n<p class=\"article-content article-content-width !bg-background\">Suomi-kytk\u00f6ksest\u00e4 sek\u00e4 aiheen ja tekij\u00f6iden nimekkyydest\u00e4 huolimatta Bessonin Draculaa ei tuoda Suomessa lainkaan viralliseen teatterilevitykseen. Elokuva on mahdollista n\u00e4hd\u00e4 valkokankaalla ensi viikolla vain kolmessa erikoisn\u00e4yt\u00f6ksess\u00e4 kahdella festivaalilla.<\/p>\n<p class=\"article-content article-content-width !bg-background\">Helsingiss\u00e4 elokuva esitet\u00e4\u00e4n Night Visions -festivaalilla torstaina ja lauantaina 20. ja 22. marraskuuta. Lis\u00e4ksi elokuva n\u00e4hd\u00e4\u00e4n Joensuun Cinemare-festivaalilla lauantaina 22. marraskuuta.<\/p>\n<p class=\"article-content article-content-width !bg-background\">Tallinnaan matkaaville vinkkin\u00e4, ett\u00e4 Virossa Bessonin Dracula sai ensi-iltansa valkokankaalla jo elokuun puoliv\u00e4liss\u00e4 ja on yh\u00e4 katsottavissa muutamissa teattereissa.<\/p>\n","protected":false},"excerpt":{"rendered":"Ranskalainen ohjaajaveteraani Luc Besson, 66, on ty\u00f6nt\u00e4nyt lusikkansa veripalttuun ja tehnyt oman sovituksensa maailman kuuluisimmasta vampyyrista. Arkistovideo: Monika&hellip;\n","protected":false},"author":2,"featured_media":88186,"comment_status":"","ping_status":"","sticky":false,"template":"","format":"standard","meta":{"footnotes":""},"categories":[131],"tags":[17858,17698,17857,13389,155,137,33,173,31,30,16385,17856,172,17859,32,109,17860],"class_list":{"0":"post-88185","1":"post","2":"type-post","3":"status-publish","4":"format-standard","5":"has-post-thumbnail","7":"category-elokuvat","8":"tag-caleb-landry-jones","9":"tag-christoph-waltz","10":"tag-danny-elfman","11":"tag-dracula","12":"tag-elokuvat","13":"tag-entertainment","14":"tag-fi","15":"tag-film","16":"tag-finland","17":"tag-finnish","18":"tag-luc-besson","19":"tag-matilda-de-angelis","20":"tag-movies","21":"tag-night-visions-festivaali","22":"tag-suomi","23":"tag-viihde","24":"tag-zoe-bleu-sidel"},"share_on_mastodon":{"url":"https:\/\/pubeurope.com\/@fi\/115537328528820098","error":""},"_links":{"self":[{"href":"https:\/\/www.europesays.com\/fi\/wp-json\/wp\/v2\/posts\/88185","targetHints":{"allow":["GET"]}}],"collection":[{"href":"https:\/\/www.europesays.com\/fi\/wp-json\/wp\/v2\/posts"}],"about":[{"href":"https:\/\/www.europesays.com\/fi\/wp-json\/wp\/v2\/types\/post"}],"author":[{"embeddable":true,"href":"https:\/\/www.europesays.com\/fi\/wp-json\/wp\/v2\/users\/2"}],"replies":[{"embeddable":true,"href":"https:\/\/www.europesays.com\/fi\/wp-json\/wp\/v2\/comments?post=88185"}],"version-history":[{"count":0,"href":"https:\/\/www.europesays.com\/fi\/wp-json\/wp\/v2\/posts\/88185\/revisions"}],"wp:featuredmedia":[{"embeddable":true,"href":"https:\/\/www.europesays.com\/fi\/wp-json\/wp\/v2\/media\/88186"}],"wp:attachment":[{"href":"https:\/\/www.europesays.com\/fi\/wp-json\/wp\/v2\/media?parent=88185"}],"wp:term":[{"taxonomy":"category","embeddable":true,"href":"https:\/\/www.europesays.com\/fi\/wp-json\/wp\/v2\/categories?post=88185"},{"taxonomy":"post_tag","embeddable":true,"href":"https:\/\/www.europesays.com\/fi\/wp-json\/wp\/v2\/tags?post=88185"}],"curies":[{"name":"wp","href":"https:\/\/api.w.org\/{rel}","templated":true}]}}