{"id":88195,"date":"2025-11-12T15:08:08","date_gmt":"2025-11-12T15:08:08","guid":{"rendered":"https:\/\/www.europesays.com\/fi\/88195\/"},"modified":"2025-11-12T15:08:08","modified_gmt":"2025-11-12T15:08:08","slug":"mies-kuollut-poliisiasemalla","status":"publish","type":"post","link":"https:\/\/www.europesays.com\/fi\/88195\/","title":{"rendered":"Mies kuollut poliisiasemalla"},"content":{"rendered":"<p>Kuolemaan ei ep\u00e4ill\u00e4 liittyv\u00e4n rikosta.<\/p>\n<p><img decoding=\"async\" class=\"image image-show image-preview\" src=\"https:\/\/www.europesays.com\/fi\/wp-content\/uploads\/2025\/11\/1762960088_423_092997657b327ddc39d768601f487241d4c5fd0136c21e4415a03d90079dcaf6.jpg\" alt=\"\"\/><img decoding=\"async\" class=\"image image-show\" src=\"https:\/\/www.europesays.com\/fi\/wp-content\/uploads\/2025\/11\/1762960088_179_092997657b327ddc39d768601f487241d4c5fd0136c21e4415a03d90079dcaf6.jpg\" alt=\"\"\/><\/p>\n<p>Kuvituskuva Espoon poliisiasemalta. Inka Soveri<\/p>\n<p class=\"paragraph\">Imatran poliisiasemalla kuoli siell\u00e4 asioimassa ollut i\u00e4k\u00e4s mies keskiviikkona, tiedottaa Kaakkois-Suomen poliisilaitos.<\/p>\n<p class=\"paragraph\">Poliisi h\u00e4lytti paikalle ambulanssin, mutta mies kuoli siit\u00e4 huolimatta. Asiaan ei ep\u00e4ill\u00e4 liittyv\u00e4n rikosta, eik\u00e4 poliisi tiedota asiasta enemp\u00e4\u00e4.<\/p>\n","protected":false},"excerpt":{"rendered":"Kuolemaan ei ep\u00e4ill\u00e4 liittyv\u00e4n rikosta. Kuvituskuva Espoon poliisiasemalta. Inka Soveri Imatran poliisiasemalla kuoli siell\u00e4 asioimassa ollut i\u00e4k\u00e4s mies&hellip;\n","protected":false},"author":2,"featured_media":88196,"comment_status":"","ping_status":"","sticky":false,"template":"","format":"standard","meta":{"footnotes":""},"categories":[12],"tags":[35,22,23,26,27,33,31,30,17,55,24,25,28,29,15,18,21,122,54,52,32,19,20,546,16],"class_list":{"0":"post-88195","1":"post","2":"type-post","3":"status-publish","4":"format-standard","5":"has-post-thumbnail","7":"category-suomi","8":"tag-24h","9":"tag-breaking-news","10":"tag-breakingnews","11":"tag-featured-news","12":"tag-featurednews","13":"tag-fi","14":"tag-finland","15":"tag-finnish","16":"tag-headlines","17":"tag-lainvalvonta","18":"tag-latest-news","19":"tag-latestnews","20":"tag-main-news","21":"tag-mainnews","22":"tag-news","23":"tag-otsikot","24":"tag-paauutiset","25":"tag-pelastaminen","26":"tag-pelastuspalvelut","27":"tag-poliisi","28":"tag-suomi","29":"tag-top-stories","30":"tag-topstories","31":"tag-turvallisuus","32":"tag-uutiset"},"share_on_mastodon":{"url":"https:\/\/pubeurope.com\/@fi\/115537359916339392","error":""},"_links":{"self":[{"href":"https:\/\/www.europesays.com\/fi\/wp-json\/wp\/v2\/posts\/88195","targetHints":{"allow":["GET"]}}],"collection":[{"href":"https:\/\/www.europesays.com\/fi\/wp-json\/wp\/v2\/posts"}],"about":[{"href":"https:\/\/www.europesays.com\/fi\/wp-json\/wp\/v2\/types\/post"}],"author":[{"embeddable":true,"href":"https:\/\/www.europesays.com\/fi\/wp-json\/wp\/v2\/users\/2"}],"replies":[{"embeddable":true,"href":"https:\/\/www.europesays.com\/fi\/wp-json\/wp\/v2\/comments?post=88195"}],"version-history":[{"count":0,"href":"https:\/\/www.europesays.com\/fi\/wp-json\/wp\/v2\/posts\/88195\/revisions"}],"wp:featuredmedia":[{"embeddable":true,"href":"https:\/\/www.europesays.com\/fi\/wp-json\/wp\/v2\/media\/88196"}],"wp:attachment":[{"href":"https:\/\/www.europesays.com\/fi\/wp-json\/wp\/v2\/media?parent=88195"}],"wp:term":[{"taxonomy":"category","embeddable":true,"href":"https:\/\/www.europesays.com\/fi\/wp-json\/wp\/v2\/categories?post=88195"},{"taxonomy":"post_tag","embeddable":true,"href":"https:\/\/www.europesays.com\/fi\/wp-json\/wp\/v2\/tags?post=88195"}],"curies":[{"name":"wp","href":"https:\/\/api.w.org\/{rel}","templated":true}]}}