{"id":88221,"date":"2025-11-12T15:58:07","date_gmt":"2025-11-12T15:58:07","guid":{"rendered":"https:\/\/www.europesays.com\/fi\/88221\/"},"modified":"2025-11-12T15:58:07","modified_gmt":"2025-11-12T15:58:07","slug":"hanna-kinnunen-paljastaa-salatut-elamat-fanien-erikoiset-pyynnot","status":"publish","type":"post","link":"https:\/\/www.europesays.com\/fi\/88221\/","title":{"rendered":"Hanna Kinnunen paljastaa Salatut el\u00e4m\u00e4t -fanien erikoiset pyynn\u00f6t"},"content":{"rendered":"<p>\n            20250123, Helsinki. Salatut el\u00e4m\u00e4t 26-vuotta. Kuvassa Hanna Kinnunen.<br \/>\n            Timo Korhonen\n        <\/p>\n<p class=\"subtitle \">Salatut el\u00e4m\u00e4t -n\u00e4yttelij\u00e4 Hanna Kinnunen kertoo erikoisesta pyynn\u00f6st\u00e4, jonka saa toistuvasti faneiltaan.<\/p>\n<p class=\"article-content article-content-width !bg-background\">N\u00e4yttelij\u00e4  vierailee viikoittain katsojien olohuoneissa Salatut el\u00e4m\u00e4t -sarjan Salla Taalasmaana.<\/p>\n<p class=\"font-weight-bold m-font-weight-bold article-content article-content-width !bg-background\">Video: Kurkista Salkkareiden kulisseihin.<\/p>\n<p class=\"article-content article-content-width !bg-background\"><a href=\"https:\/\/www.instagram.com\/mtvsalatutelamat\/\" target=\"_blank\" rel=\"nofollow noopener\">Hanna vastaa katsojien kysymyksiin ohjelman Instagram-tilin tarinat-osiossa<\/a> 12. marraskuuta. Tarinat ovat katsottavissa 24 tuntia niiden julkaisusta.<\/p>\n<p class=\"article-content article-content-width !bg-background\">Hannaa pyydet\u00e4\u00e4n k\u00e4ytt\u00e4m\u00e4\u00e4n oman \u00e4\u00e4nens\u00e4 sijaan Sallan \u00e4\u00e4nt\u00e4, joka on korkeampi kuin n\u00e4yttelij\u00e4ll\u00e4 tosiel\u00e4m\u00e4ss\u00e4.<\/p>\n<p class=\"article-content article-content-width !bg-background\">\u2013 Hyv\u00e4\u00e4 huomenta, hanip\u00f6\u00f6, Hanna sanoo sallamaiseen tapaan.<\/p>\n<p class=\"article-content article-content-width !bg-background\">N\u00e4yttelij\u00e4 paljastaa, ett\u00e4 seuraavassa klipiss\u00e4 saavansa usein erityisi\u00e4 pyynt\u00f6j\u00e4 faneiltaan. H\u00e4nelt\u00e4 nimitt\u00e4in pyydet\u00e4\u00e4n \u00e4\u00e4niviestej\u00e4, joissa h\u00e4n puhuu Sallan \u00e4\u00e4nell\u00e4.<\/p>\n<p class=\"article-content article-content-width !bg-background\">\u2013 Tiktokissa on klippej\u00e4, joissa sanon jotain Sallan \u00e4\u00e4nell\u00e4. Jengi k\u00e4ytt\u00e4\u00e4 niit\u00e4 kuulemma esimerkiksi her\u00e4tyksen\u00e4 puhelimessa, Hanna toteaa.<\/p>\n<p>        <a itemprop=\"url\" href=\"https:\/\/www.seiska.fi\/katso\/hanna-kinnunen-paljastaa-tata-on-salkkarit-sallalle-luvassa\/1604615\" rel=\"nofollow noopener\" target=\"_blank\"><\/p>\n<p>\nSalkkarit-t\u00e4hti\n<\/p>\n<p class=\"section-date\">\n        <strong class=\"article-section\" data-section=\"katso\"><br \/>\n            katso<br \/>\n        <\/strong><br \/>\n        8.2. 07:15\n    <\/p>\n<p>Hanna Kinnunen paljastaa: t\u00e4t\u00e4 on Salkkarit-Sallalle luvassa\n    <\/p>\n<p itemprop=\"description\" class=\"subtitle \">\n    Salatut el\u00e4m\u00e4t -t\u00e4hti kertoo, miten perhe suhtautuu roolihahmoon.\n<\/p>\n<p>        <\/a><\/p>\n<p>Hanna ei muistuta Sallaa<\/p>\n<p class=\"article-content article-content-width !bg-background\">Hanna kertoi taannoin Katson haastattelussa, ett\u00e4 h\u00e4ness\u00e4 ja Sallassa ei ole juurikaan samoja piirteit\u00e4.<\/p>\n<p class=\"article-content article-content-width !bg-background\">\u2013 Meiss\u00e4 ei ole hirve\u00e4sti samaa. Ihan jo se, miten Salla puhuu, eroaa t\u00e4ysin siit\u00e4, miten itse puhun, Hanna kertoi Katson haastattelussa.<\/p>\n<p class=\"article-content article-content-width !bg-background\">\u2013 Viime syksyn\u00e4 nousi otsikoihin, kun minulla oli Salkkareiden somessa sellainen My day -tyyppinen p\u00e4iv\u00e4, jossa kysyin miehelt\u00e4ni, kuinka paljon meiss\u00e4 on samaa. H\u00e4n vastasi, ett\u00e4 aivan liikaa, Hanna naurahti ja viittasi Katson artikkeliin.<\/p>\n<p>        <a itemprop=\"url\" href=\"https:\/\/www.seiska.fi\/katso\/aviomies-sivaltaa-hulvattoman-kuitin-hanna-kinnuselle\/1484055\" rel=\"nofollow noopener\" target=\"_blank\"><\/p>\n<p class=\"section-date\">\n        <strong class=\"article-section\" data-section=\"katso\"><br \/>\n            katso<br \/>\n        <\/strong><br \/>\n        10.10.2024 15:15\n    <\/p>\n<p>Aviomies sivaltaa hulvattoman kuitin Hanna Kinnuselle\n    <\/p>\n<p itemprop=\"description\" class=\"subtitle \">\n    Katsojia usein askarruttaa, mit\u00e4 yhteist\u00e4 Salkkarit-n\u00e4yttelij\u00e4ll\u00e4 on roolihahmonsa kanssa.\n<\/p>\n<p>        <\/a><\/p>\n<p class=\"article-content article-content-width !bg-background\">Sallan nopea dynamiikka oli aikoinaan Hannan oma idea. Nopeatempoisuuden Hanna huomaa itsess\u00e4\u00e4nkin.<\/p>\n<p class=\"article-content article-content-width !bg-background\">\u2013 Uskallan kuitenkin v\u00e4itt\u00e4\u00e4, ett\u00e4 olen enemm\u00e4n jalat maassa kuin Salla.<\/p>\n<p class=\"article-content article-content-width !bg-background\">Hannan miest\u00e4 ei n\u00e4hd\u00e4 muuten julkisuudessa, ja somevideollakin Hanna kuvasi miehens\u00e4 selk\u00e4\u00e4. N\u00e4yttelij\u00e4 sai paljon palautetta kyseisest\u00e4 p\u00e4tk\u00e4st\u00e4. Fanit hehkuttivat, ett\u00e4 vihdoin totuus paljastuu.<\/p>\n<p class=\"article-content article-content-width !bg-background\">\u2013 T\u00e4m\u00e4 on meill\u00e4 perheess\u00e4 sellainen vitsin aihe. Varsinkin kun suutun, niin lapsetkin saattavat sanoa, ett\u00e4 hei, j\u00e4t\u00e4 se Salla pois.<\/p>\n<p class=\"italic m-italic article-content article-content-width !bg-background\">Salatut el\u00e4m\u00e4t MTV3:lla ja MTV Katsomossa maanantaista torstaihin, seuraavan viikon jaksot perjantaisin MTV Katsomo+ -tilauksella.<\/p>\n<p>        <a itemprop=\"url\" href=\"https:\/\/www.seiska.fi\/katso\/sami-uotila-avoin-tilitys-erosta\/1986831\" rel=\"nofollow noopener\" target=\"_blank\"><\/p>\n<p>\nSami Uotila\n<\/p>\n<p class=\"section-date\">\n        <strong class=\"article-section\" data-section=\"katso\"><br \/>\n            katso<br \/>\n        <\/strong><br \/>\n        9.11. 06:15\n    <\/p>\n<p>Sami Uotila: Avoin tilitys erosta\n    <\/p>\n<p itemprop=\"description\" class=\"subtitle \">\n    Salatut el\u00e4m\u00e4t -sarjastakin tuttu n\u00e4yttelij\u00e4 avaa eron j\u00e4lkeisi\u00e4 tuntemuksiaan Mielten vuoro -avausjaksossa 9. marraskuuta.\n<\/p>\n<p>        <\/a><\/p>\n<p><script async src=\"\/\/www.instagram.com\/embed.js\"><\/script><\/p>\n","protected":false},"excerpt":{"rendered":"20250123, Helsinki. Salatut el\u00e4m\u00e4t 26-vuotta. Kuvassa Hanna Kinnunen. Timo Korhonen Salatut el\u00e4m\u00e4t -n\u00e4yttelij\u00e4 Hanna Kinnunen kertoo erikoisesta pyynn\u00f6st\u00e4,&hellip;\n","protected":false},"author":2,"featured_media":88222,"comment_status":"","ping_status":"","sticky":false,"template":"","format":"standard","meta":{"footnotes":""},"categories":[133],"tags":[137,33,31,30,13491,905,209,4463,13490,32,206,2696,1318,156,109],"class_list":{"0":"post-88221","1":"post","2":"type-post","3":"status-publish","4":"format-standard","5":"has-post-thumbnail","7":"category-televisiot","8":"tag-entertainment","9":"tag-fi","10":"tag-finland","11":"tag-finnish","12":"tag-hanna-kinnunen","13":"tag-mtv3","14":"tag-salatut-elamat","15":"tag-salkkarit","16":"tag-salla-taalasmaa","17":"tag-suomi","18":"tag-televisiot","19":"tag-tiktok","20":"tag-tv-ohjelma","21":"tag-tv","22":"tag-viihde"},"share_on_mastodon":{"url":"https:\/\/pubeurope.com\/@fi\/115537556476382504","error":""},"_links":{"self":[{"href":"https:\/\/www.europesays.com\/fi\/wp-json\/wp\/v2\/posts\/88221","targetHints":{"allow":["GET"]}}],"collection":[{"href":"https:\/\/www.europesays.com\/fi\/wp-json\/wp\/v2\/posts"}],"about":[{"href":"https:\/\/www.europesays.com\/fi\/wp-json\/wp\/v2\/types\/post"}],"author":[{"embeddable":true,"href":"https:\/\/www.europesays.com\/fi\/wp-json\/wp\/v2\/users\/2"}],"replies":[{"embeddable":true,"href":"https:\/\/www.europesays.com\/fi\/wp-json\/wp\/v2\/comments?post=88221"}],"version-history":[{"count":0,"href":"https:\/\/www.europesays.com\/fi\/wp-json\/wp\/v2\/posts\/88221\/revisions"}],"wp:featuredmedia":[{"embeddable":true,"href":"https:\/\/www.europesays.com\/fi\/wp-json\/wp\/v2\/media\/88222"}],"wp:attachment":[{"href":"https:\/\/www.europesays.com\/fi\/wp-json\/wp\/v2\/media?parent=88221"}],"wp:term":[{"taxonomy":"category","embeddable":true,"href":"https:\/\/www.europesays.com\/fi\/wp-json\/wp\/v2\/categories?post=88221"},{"taxonomy":"post_tag","embeddable":true,"href":"https:\/\/www.europesays.com\/fi\/wp-json\/wp\/v2\/tags?post=88221"}],"curies":[{"name":"wp","href":"https:\/\/api.w.org\/{rel}","templated":true}]}}