{"id":88223,"date":"2025-11-12T16:02:09","date_gmt":"2025-11-12T16:02:09","guid":{"rendered":"https:\/\/www.europesays.com\/fi\/88223\/"},"modified":"2025-11-12T16:02:09","modified_gmt":"2025-11-12T16:02:09","slug":"hiihto-alexander-stubb-ja-iivo-niskanen-sateilivat-yhdessa-valtion-paamiehet","status":"publish","type":"post","link":"https:\/\/www.europesays.com\/fi\/88223\/","title":{"rendered":"Hiihto: Alexander Stubb ja Iivo Niskanen s\u00e4teiliv\u00e4t yhdess\u00e4 \u2013 \u201dValtion p\u00e4\u00e4miehet\u201d"},"content":{"rendered":"<p>Presidentti Savossa|Maakuntamatkalla oleva presidentti Stubb ja hiiht\u00e4j\u00e4 Iivo Niskanen treenasivat keskiviikkona jo ennen auringonnousua.<\/p>\n<p class=\"article-body mb-nof-24 px-nof-16\">Tasavallan presidentti <a class=\"article-personlink\" href=\"https:\/\/www.hs.fi\/haku\/?query=Alexander%20Stubb\" rel=\"nofollow noopener\" target=\"_blank\">Alexander Stubb<\/a> ja maastohiihdon supert\u00e4hti <a class=\"article-personlink\" href=\"https:\/\/www.hs.fi\/haku\/?query=Iivo%20Niskanen\" rel=\"nofollow noopener\" target=\"_blank\">Iivo Niskanen<\/a> lenkkeiliv\u00e4t keskiviikkona yhdess\u00e4 Kuopiossa.<\/p>\n<p class=\"article-body mb-nof-24 px-nof-16\">Niskanen julkaisi kaksikosta iloisen yhteiskuvan Instagramissa.<\/p>\n<p class=\"article-body mb-nof-24 px-nof-16\">Stubb ja Niskanen juoksivat lenkkins\u00e4 huomattavan aikaisin, sill\u00e4 kolminkertaisen olympiavoittajan julkaisema kuva on mit\u00e4 ilmeisimmin otettu jo ennen auringonnousua.<\/p>\n<p class=\"article-body mb-nof-24 px-nof-16\">\u201dAamulenkki tutuissa maisemissa, mutta kovassa peesiss\u00e4\u201d, Niskanen kirjoitti <a class=\"article-genericlink\" href=\"https:\/\/www.instagram.com\/p\/DQ8lIM2jPXN\/\" rel=\"nofollow noopener\" target=\"_blank\">Instagramissa<\/a>.\u201d<\/p>\n<p class=\"article-body mb-nof-24 px-nof-16\">\u201dKahvittelut Milano-Cortinassa?\u201d h\u00e4n kysyi Stubbilta tekstiss\u00e4 viitaten helmikuun talviolympialaisiin Italiassa.<\/p>\n<p class=\"article-body mb-nof-24 px-nof-16\">Stubb lis\u00e4si aamup\u00e4iv\u00e4ll\u00e4 kommentin Niskasen julkaisun alle.<\/p>\n<p class=\"article-body mb-nof-24 px-nof-16\">\u201dKiitos aamulenkkiseurasta. L\u00e4hti p\u00e4iv\u00e4 hyvin liikkeelle. Lykky\u00e4 treeneihin\u201d, presidentti kirjoitti.<\/p>\n<p class=\"article-body mb-nof-24 px-nof-16\">\u201dEspressot Milano-Cortinassa, ilman muuta\u201d, Stubb jatkoi.<\/p>\n<p class=\"article-body mb-nof-24 px-nof-16\">Stubb vierailee tiistaina ja keskiviikkona Pohjois-Savossa. Niskanen asuu itse Kuopiossa.<\/p>\n<p class=\"article-body mb-nof-24 px-nof-16\">Kovana urheilufanina tunnetun presidentin tie on kohdannut Niskasen kanssa aiemminkin.<\/p>\n<p class=\"article-body mb-nof-24 px-nof-16\">Stubb oli esimerkiksi seuraamassa Niskasen otteita marraskuussa 2023, kun maastohiihdon maailmancup k\u00e4ynnistyi Rukalla. Stubb k\u00e4vi tuolloin presidentinvaalikampanjaansa.<\/p>\n<p class=\"article-body mb-nof-24 px-nof-16\">Niskanen on hiihdon kolminkertainen olympiavoittaja sek\u00e4 maailmanmestari. H\u00e4n jahtaa nelj\u00e4tt\u00e4 olympiakultaansa helmikuussa Milanon-Cortinan kisoissa.<\/p>\n<p><script async src=\"\/\/www.instagram.com\/embed.js\"><\/script><\/p>\n","protected":false},"excerpt":{"rendered":"Presidentti Savossa|Maakuntamatkalla oleva presidentti Stubb ja hiiht\u00e4j\u00e4 Iivo Niskanen treenasivat keskiviikkona jo ennen auringonnousua. Tasavallan presidentti Alexander Stubb&hellip;\n","protected":false},"author":2,"featured_media":88224,"comment_status":"","ping_status":"","sticky":false,"template":"","format":"standard","meta":{"footnotes":""},"categories":[158],"tags":[33,31,30,46,159,32,160],"class_list":{"0":"post-88223","1":"post","2":"type-post","3":"status-publish","4":"format-standard","5":"has-post-thumbnail","7":"category-urheilu","8":"tag-fi","9":"tag-finland","10":"tag-finnish","11":"tag-helsingin-sanomat","12":"tag-sports","13":"tag-suomi","14":"tag-urheilu"},"share_on_mastodon":{"url":"https:\/\/pubeurope.com\/@fi\/115537572343126646","error":""},"_links":{"self":[{"href":"https:\/\/www.europesays.com\/fi\/wp-json\/wp\/v2\/posts\/88223","targetHints":{"allow":["GET"]}}],"collection":[{"href":"https:\/\/www.europesays.com\/fi\/wp-json\/wp\/v2\/posts"}],"about":[{"href":"https:\/\/www.europesays.com\/fi\/wp-json\/wp\/v2\/types\/post"}],"author":[{"embeddable":true,"href":"https:\/\/www.europesays.com\/fi\/wp-json\/wp\/v2\/users\/2"}],"replies":[{"embeddable":true,"href":"https:\/\/www.europesays.com\/fi\/wp-json\/wp\/v2\/comments?post=88223"}],"version-history":[{"count":0,"href":"https:\/\/www.europesays.com\/fi\/wp-json\/wp\/v2\/posts\/88223\/revisions"}],"wp:featuredmedia":[{"embeddable":true,"href":"https:\/\/www.europesays.com\/fi\/wp-json\/wp\/v2\/media\/88224"}],"wp:attachment":[{"href":"https:\/\/www.europesays.com\/fi\/wp-json\/wp\/v2\/media?parent=88223"}],"wp:term":[{"taxonomy":"category","embeddable":true,"href":"https:\/\/www.europesays.com\/fi\/wp-json\/wp\/v2\/categories?post=88223"},{"taxonomy":"post_tag","embeddable":true,"href":"https:\/\/www.europesays.com\/fi\/wp-json\/wp\/v2\/tags?post=88223"}],"curies":[{"name":"wp","href":"https:\/\/api.w.org\/{rel}","templated":true}]}}