{"id":88251,"date":"2025-11-12T16:35:07","date_gmt":"2025-11-12T16:35:07","guid":{"rendered":"https:\/\/www.europesays.com\/fi\/88251\/"},"modified":"2025-11-12T16:35:07","modified_gmt":"2025-11-12T16:35:07","slug":"torkeasta-raiskauksesta-tuomittu-paasi-nuorisokotiin-toihin-lapsiasiavaltuutettu-jyrahtaa-nyt-vaietusta-aiheesta","status":"publish","type":"post","link":"https:\/\/www.europesays.com\/fi\/88251\/","title":{"rendered":"T\u00f6rke\u00e4st\u00e4 raiskauksesta tuomittu p\u00e4\u00e4si nuorisokotiin t\u00f6ihin \u2013 Lapsiasiavaltuutettu jyr\u00e4ht\u00e4\u00e4 nyt vaietusta aiheesta"},"content":{"rendered":"<p>Turkulaisessa lastensuojeluyksik\u00f6ss\u00e4 ty\u00f6skenteli kuukausien ajan raskaista rikoksista tuomittu mies. Ty\u00f6nantaja oli tietoinen miehen taustasta. Lapsiasiavaltuutettu Elina Pekkarinen toivoo nyt, ett\u00e4 kokemusasiantuntijoiden k\u00e4yt\u00f6st\u00e4 lastensuojelussa ja nuorisoty\u00f6ss\u00e4 alettaisiin k\u00e4yd\u00e4 kriittist\u00e4 keskustelua.<\/p>\n<ul>\n<li>Iltalehti kertoi maanantaina t\u00f6rkeist\u00e4 rikoksista tuomitusta miehest\u00e4, joka ty\u00f6skenteli lastensuojeluty\u00f6ss\u00e4 nuorten parissa ilman asianmukaista koulutusta.<\/li>\n<li>Lapsiasiavaltuutetun mukaan kokemusasiantuntijoiden k\u00e4ytt\u00f6 ty\u00f6ss\u00e4 lasten ja nuorten parissa on riskialtista ja voi olla heille hyvinkin haitallista.<\/li>\n<li>Lastensuojeluun tarvittaisiin Pekkarisen mukaan enemm\u00e4n resursseja ja sosiaality\u00f6ntekij\u00f6iden tulisi jalkautua aktiivisemmin laitosten arkeen.<\/li>\n<\/ul>\n<p class=\"paragraph\">Lapsiasiavaltuutettu <strong>Elina Pekkarinen<\/strong> on huolissaan siit\u00e4, ett\u00e4 kokemusasiantuntijoiden k\u00e4yt\u00f6st\u00e4 lastensuojelussa ei k\u00e4yd\u00e4 Suomessa lainkaan julkista keskustelua. H\u00e4n kritisoi l\u00e4hestymistapaa etenkin silloin, kun kokemusasiantuntijuuden k\u00e4ytt\u00f6 ei ole rajattua, vaan he toimivat nuorille kasvattajina.<\/p>\n<p class=\"paragraph\">\u2013 Kokemusasiantuntijoiden k\u00e4ytt\u00f6 voi toisinaan liitty\u00e4 niin kutsuttuun scared straight -menetelm\u00e4\u00e4n, jossa ajatellaan, ett\u00e4 kun lapsi tai nuori kuulee vaikka vankilamaailmasta entisten vankien kokemuksia, niin h\u00e4n ik\u00e4\u00e4n kuin ajattelisi, ett\u00e4 \u201dei kamala, sinne m\u00e4 en halua\u201d. Mutta tutkimusten mukaan menetelm\u00e4 toimii ihan p\u00e4invastoin, Pekkarinen sanoo.<\/p>\n<p class=\"paragraph\">\u2013 Eli rikollisen k\u00e4ytt\u00e4ytymisen todenn\u00e4k\u00f6isyys kasvaa nuorilla, jotka osallistuvat t\u00e4llaisia menetelmi\u00e4 sis\u00e4lt\u00e4viin ohjelmiin.<\/p>\n<p class=\"paragraph\">Iltalehti <a href=\"https:\/\/www.iltalehti.fi\/kotimaa\/f9ad6503-c75c-4e23-bac4-b91acc4025bf\" rel=\"nofollow noopener\" target=\"_blank\">haastatteli<\/a> Pekkarista kokemusasiantuntijoiden k\u00e4yt\u00f6st\u00e4 tapauksen pohjalta, jossa t\u00f6rkeist\u00e4 rikoksista tuomittu mies <a href=\"https:\/\/www.iltalehti.fi\/kotimaa\/f9ad6503-c75c-4e23-bac4-b91acc4025bf\" rel=\"nofollow noopener\" target=\"_blank\">palkattiin ty\u00f6skentelem\u00e4\u00e4n<\/a> eritt\u00e4in haavoittuvaisessa asemassa olevien nuorten asuttamassa nuorisokoti Noste 2:ssa. Pekkarinen kommentoi aihepiiri\u00e4 yleisell\u00e4 tasolla Iltalehden haastattelussa.<\/p>\n<p class=\"paragraph\">Mies ty\u00f6skenteli niin kutsuttuna kokemusasiantuntijana. Sill\u00e4 tarkoitetaan henkil\u00f6\u00e4, joka pystyy lis\u00e4\u00e4m\u00e4\u00e4n ymm\u00e4rryst\u00e4 jostakin aiheesta oman kokemuksensa kautta, esimerkiksi juuri p\u00e4ihteidenk\u00e4yt\u00f6st\u00e4 ja rikollisuudesta.<\/p>\n<p class=\"paragraph\">Iltalehden <a href=\"https:\/\/www.iltalehti.fi\/kotimaa\/f9ad6503-c75c-4e23-bac4-b91acc4025bf\" rel=\"nofollow noopener\" target=\"_blank\">selvityksess\u00e4<\/a> miehest\u00e4 sek\u00e4 nuorisokodista paljastui useita seikkoja, jotka eiv\u00e4t kest\u00e4 p\u00e4iv\u00e4nvaloa.<\/p>\n<p class=\"paragraph\">Mies palkattiin yksikk\u00f6\u00f6n nuoriso- ja vapaa-ajanohjaajaksi tammikuussa 2025, vaikka h\u00e4nell\u00e4 ei ollut ty\u00f6h\u00f6n vaadittavaa koulutusta. H\u00e4n oli viel\u00e4 muutama kuukausi sitten ennen palkkaamista istunut kuuden vuoden vankeustuomiota useista vakavista rikoksista. Kev\u00e4\u00e4ll\u00e4 2018 h\u00e4n sai tuomion muun muassa t\u00f6rke\u00e4st\u00e4 raiskauksesta ja t\u00f6rke\u00e4st\u00e4 pahoinpitelyst\u00e4, joka oli tehty eritt\u00e4in raa\u2019alla ja julmalla tavalla.<\/p>\n<p class=\"paragraph\">Nuorisokodin yksik\u00f6njohtaja ei halunnut kommentoida asioita Iltalehdelle. Iltalehti ei tavoittanut useista yrityksist\u00e4 huolimatta Nosteen omistavaa Tabolia 3 Oy:n omistajaa <strong>Janne J\u00e4\u00e4skel\u00e4ist\u00e4<\/strong>.<\/p>\n<p>Lapsiasiavaltuutettu Elina Pekkarinen. Elle Laitila<\/p>\n<p>Mihin vedet\u00e4\u00e4n raja?<\/p>\n<p class=\"paragraph\">Kokemusasiantuntijuuden hy\u00f6dynt\u00e4minen on lis\u00e4\u00e4ntynyt lastensuojelussa, ja useimmiten heid\u00e4n roolinsa on k\u00e4yd\u00e4 puhujavierailuilla. Vaatimuksena on, ett\u00e4 henkil\u00f6 on suorittanut rangaistuksensa ja irtaantunut rikollisesta el\u00e4m\u00e4st\u00e4.<\/p>\n<p class=\"paragraph\">Pekkarisen mukaan nuoret toivovat usein sit\u00e4, ett\u00e4 saisivat jutella esimerkiksi huumeista ja rikollisuudesta ihmisten kanssa, jotka ovat itse kokeneet sellaista el\u00e4m\u00e4\u00e4.<\/p>\n<p class=\"paragraph\">\u2013 Se on heid\u00e4n harras toiveensa, mutta se ei v\u00e4ltt\u00e4m\u00e4tt\u00e4 edist\u00e4 heid\u00e4n hyvinvointiaan, Pekkarinen sanoo.<\/p>\n<p class=\"paragraph\"><strong>Mihin voidaan vet\u00e4\u00e4 se raja, ett\u00e4 miss\u00e4 m\u00e4\u00e4rin kokemusasiantuntijoiden k\u00e4ytt\u00f6 voi olla nuorille haitallista?<\/strong><\/p>\n<p class=\"paragraph\">\u2013 Sit\u00e4 on hyvin vaikea sanoa, koska t\u00e4m\u00e4 kriittinen keskustelu Suomen maasta puuttuu tyystin. Kukaan ei uskalla oikeastaan edes aloittaa sit\u00e4 keskustelua, sanoo Pekkarinen.<\/p>\n<p class=\"paragraph\">\u2013 Jos kokemusasiantuntijuutta kyseenalaistaa, tai siit\u00e4 toivoo siit\u00e4 keskustelua, niin sitten kokemustoimijat herk\u00e4sti itse sanovat, ett\u00e4 no niin, ett\u00e4 nyt meit\u00e4 taas alistetaan. Ja semmoinen fiilish\u00e4n siit\u00e4 herk\u00e4sti tulee. Mutta kun kyseess\u00e4 ovat lapset ja nuoret, ja heid\u00e4n kanssaan ty\u00f6skentely, niin siin\u00e4 pit\u00e4isi olla \u00e4\u00e4rimm\u00e4isen varovainen, koska he ovat vaikutteille tosi alttiita.<\/p>\n<p class=\"paragraph\">Pekkarisen mukaan etenk\u00e4\u00e4n haavoittuvaisessa asemassa olevilla nuorilla ei ole tarvittavaa kypsyytt\u00e4 ja kokemuspohjaa ymm\u00e4rt\u00e4\u00e4 entisten rikollisten kertomuksia ainoastaan varoittavina esimerkkein\u00e4.<\/p>\n<p class=\"paragraph\">\u2013 N\u00e4m\u00e4 kertomukset voivat olla tosi vaikuttavia ja sen t\u00e4hden tavallaan vied\u00e4 heid\u00e4n ajatteluaan v\u00e4\u00e4r\u00e4\u00e4n suuntaan.<\/p>\n<p class=\"paragraph\">Pekkarinen korostaa, ett\u00e4 kokemusasiantuntijoiden k\u00e4ytt\u00e4minen lastensuojelussa ja nuorisoty\u00f6ss\u00e4 tulisi olla eritt\u00e4in hallittua ja t\u00e4sm\u00e4llist\u00e4. Lis\u00e4ksi heid\u00e4n tulee olla hyvin koulutettuja ja valmennettuja rooliinsa.<\/p>\n<p>Valvonnan toimiminen<\/p>\n<p class=\"paragraph\">Iltalehti kertoi aikaisemmin, ett\u00e4 Turussa sijaitseva nuorisokoti selvitti kokemusasiantuntijana ty\u00f6skennelleen miehen rikoshistorian vasta, kun t\u00e4m\u00e4 oli ty\u00f6skennellyt yksik\u00f6ss\u00e4 1,5 kuukautta. Mies sai jatkaa t\u00f6it\u00e4\u00e4n viel\u00e4 kuukausia t\u00e4m\u00e4n j\u00e4lkeen. Lis\u00e4ksi miehell\u00e4 oli k\u00e4ynniss\u00e4 rikosprosesseja t\u00e4m\u00e4n ty\u00f6skennelless\u00e4 nuorisokodissa.<\/p>\n<p class=\"paragraph\">Mies ty\u00f6skenteli nuorisokodissa arkip\u00e4ivien lis\u00e4ksi viikonloppuina, \u00f6in\u00e4 ja pyhin\u00e4. H\u00e4n oli siis tiiviisti mukana yksik\u00f6ss\u00e4 asuvien nuorten arjessa, joilla on vakava p\u00e4ihde- tai rikoskierre.<\/p>\n<p>Tabolia 3 Oy on py\u00f6ritt\u00e4nyt Turun Paattisilla kahta lastensuojeluyksikk\u00f6\u00e4 l\u00e4hekk\u00e4in sijaitsevissa vanhoissa omakotitaloissa. Mies ty\u00f6skenteli Nuorisokoti Noste 2:ssa. Henri K\u00e4rkk\u00e4inen<\/p>\n<p class=\"paragraph\">Tiedot her\u00e4tt\u00e4v\u00e4t kysymyksi\u00e4 lastensuojelun omavalvonnasta sek\u00e4 siit\u00e4, miten lastensuojelun saralla toimivia yrityksi\u00e4 valvotaan ulkopuolelta.<\/p>\n<p class=\"paragraph\">Pekkarisen mukaan lastensuojelulaitoksilla on vahva omavalvontavelvollisuus, ja ty\u00f6ntekij\u00f6iden taustojen selvitt\u00e4minen on ty\u00f6nantajan vastuulla lain nojalla. Lastensuojelulaitosten t\u00e4ytyy noudattaa lakia sosiaalihuollon ammattihenkil\u00f6ist\u00e4.<\/p>\n<p class=\"paragraph\">Ulkopuolisia valvovia tahoja ovat muun muassa lasten sosiaality\u00f6ntekij\u00e4t, aluehallintovirastot, Valvira ja viime k\u00e4dess\u00e4 eduskunnan oikeusasiamies. Viranomaiset voivat jalkautua laitoksiin tekem\u00e4\u00e4n tarkastuksia.<\/p>\n<p class=\"paragraph\">\u2013 Valvontaa Suomessa on s\u00e4\u00e4nnelty hyvin, eli meill\u00e4 on lains\u00e4\u00e4d\u00e4nt\u00f6 silt\u00e4 osin ihan kunnossa. Resursseja pit\u00e4isi kyll\u00e4 olla n\u00e4hd\u00e4kseni enemm\u00e4n, Pekkarinen sanoo.<\/p>\n<p class=\"paragraph\">Lapsiasiavaltuutetun mukaan t\u00e4rkeimpi\u00e4 lasten edun valvojia yksik\u00f6iden ulkopuolella ovat lasten sosiaality\u00f6ntekij\u00e4t.<\/p>\n<p class=\"paragraph\">\u2013 Heille voi olla hyvin h\u00e4m\u00e4r\u00e4\u00e4, ett\u00e4 mink\u00e4 tyyppisi\u00e4 ty\u00f6ntekij\u00f6it\u00e4 siell\u00e4 on ja millaisilla taustoilla. Eli jos mit\u00e4\u00e4n ep\u00e4kohtia ei ilmene, niin he eiv\u00e4t v\u00e4ltt\u00e4m\u00e4tt\u00e4 tule ollenkaan tietoisiksi, ett\u00e4 siell\u00e4 ty\u00f6skentelee ty\u00f6h\u00f6n sopimattomia ihmisi\u00e4.<\/p>\n<p class=\"paragraph\">\u2013 Vetoaisin, et sosiaality\u00f6ntekij\u00e4t my\u00f6s jalkautuisivat sinne lasten arkeen ja k\u00e4visiv\u00e4t aktiivisemmin lastensuojelulaitoksissa tapaamassa lasta. T\u00e4ll\u00f6in he voisivat my\u00f6s havainnoida sit\u00e4 henkil\u00f6kuntaa ja olosuhteita.<\/p>\n<p>Ep\u00e4kohtiin puuttuminen<\/p>\n<p class=\"paragraph\">Miten lastensuojelun toimijoiden v\u00e4\u00e4rink\u00e4yt\u00f6ksi\u00e4 voidaan sitten ennaltaehk\u00e4ist\u00e4?<\/p>\n<p class=\"paragraph\">Pekkarinen nostaa esille monta tekij\u00e4\u00e4.<\/p>\n<p class=\"paragraph\">\u2013 Viime k\u00e4dess\u00e4h\u00e4n media n\u00e4it\u00e4 nostaa esiin vallan vahtikoirana. My\u00f6s jotenkin toivon, uskon ja luotan, ett\u00e4 Suomessa sellainen ep\u00e4virallinen kontrolli t\u00e4m\u00e4n virallisen kontrollin lis\u00e4ksi toimii hyvin. Onneksi usein my\u00f6s lasten huoltajat ovat aktiivisia ilmoittamaan ep\u00e4kohdista, h\u00e4n sanoo.<\/p>\n<p class=\"paragraph\">Pekkarisen mukaan lasten ja nuorten tiedossa tulisi olla ilmoituskanavia sek\u00e4 laitoksen sis\u00e4isesti ett \u00e4 laitoksen ulkopuolisille viranomaisille.<\/p>\n<p class=\"paragraph\">\u2013 Edelleen pit\u00e4isi parantaa lasten ja nuorten tietoutta omista oikeuksista ja tietoa siit\u00e4, mihin voi ottaa yhteytt\u00e4, jos jokin on h\u00e4t\u00e4n\u00e4.<\/p>\n<p class=\"paragraph\">T\u00e4n\u00e4 vuonna hyvinvointialueet sijoittavat lapsia aiempaa v\u00e4hemm\u00e4n, mik\u00e4 v\u00e4hent\u00e4\u00e4 yksityisten lastensuojelutoimijoiden palvelujen kysynt\u00e4\u00e4. Pekkarinen seuraa tilannetta mielenkiinnolla.<\/p>\n<p class=\"paragraph\">\u2013 Hyv\u00e4 asia t\u00e4ss\u00e4 on, ett\u00e4 kilpailu lis\u00e4\u00e4 usein laatua.<\/p>\n<p class=\"paragraph\">\u2013 Samalla olen v\u00e4h\u00e4n huolissani, koska jos tarpeessa olevat lapset eiv\u00e4t p\u00e4\u00e4se sijaishuoltoon, niin voi olla heid\u00e4n kannaltaan eritt\u00e4in huono juttu. My\u00f6s jos sijoituksia lyk\u00e4t\u00e4\u00e4n tai j\u00e4tet\u00e4\u00e4n tekem\u00e4tt\u00e4 lapsen edun vastaisesti, niin sitten t\u00e4m\u00e4 tilanne k\u00e4\u00e4ntyy lapsia vastaan.<\/p>\n","protected":false},"excerpt":{"rendered":"Turkulaisessa lastensuojeluyksik\u00f6ss\u00e4 ty\u00f6skenteli kuukausien ajan raskaista rikoksista tuomittu mies. Ty\u00f6nantaja oli tietoinen miehen taustasta. Lapsiasiavaltuutettu Elina Pekkarinen toivoo&hellip;\n","protected":false},"author":2,"featured_media":88252,"comment_status":"","ping_status":"","sticky":false,"template":"","format":"standard","meta":{"footnotes":""},"categories":[5],"tags":[35,22,23,26,27,33,31,30,17,101,99,100,24,25,28,29,15,18,21,98,103,32,19,20,16],"class_list":{"0":"post-88251","1":"post","2":"type-post","3":"status-publish","4":"format-standard","5":"has-post-thumbnail","7":"category-otsikot","8":"tag-24h","9":"tag-breaking-news","10":"tag-breakingnews","11":"tag-featured-news","12":"tag-featurednews","13":"tag-fi","14":"tag-finland","15":"tag-finnish","16":"tag-headlines","17":"tag-ihmissuhteet","18":"tag-lapset","19":"tag-lapset-ja-nuoret","20":"tag-latest-news","21":"tag-latestnews","22":"tag-main-news","23":"tag-mainnews","24":"tag-news","25":"tag-otsikot","26":"tag-paauutiset","27":"tag-perhe","28":"tag-sosiaalikysymykset","29":"tag-suomi","30":"tag-top-stories","31":"tag-topstories","32":"tag-uutiset"},"share_on_mastodon":{"url":"https:\/\/pubeurope.com\/@fi\/115537701979216857","error":""},"_links":{"self":[{"href":"https:\/\/www.europesays.com\/fi\/wp-json\/wp\/v2\/posts\/88251","targetHints":{"allow":["GET"]}}],"collection":[{"href":"https:\/\/www.europesays.com\/fi\/wp-json\/wp\/v2\/posts"}],"about":[{"href":"https:\/\/www.europesays.com\/fi\/wp-json\/wp\/v2\/types\/post"}],"author":[{"embeddable":true,"href":"https:\/\/www.europesays.com\/fi\/wp-json\/wp\/v2\/users\/2"}],"replies":[{"embeddable":true,"href":"https:\/\/www.europesays.com\/fi\/wp-json\/wp\/v2\/comments?post=88251"}],"version-history":[{"count":0,"href":"https:\/\/www.europesays.com\/fi\/wp-json\/wp\/v2\/posts\/88251\/revisions"}],"wp:featuredmedia":[{"embeddable":true,"href":"https:\/\/www.europesays.com\/fi\/wp-json\/wp\/v2\/media\/88252"}],"wp:attachment":[{"href":"https:\/\/www.europesays.com\/fi\/wp-json\/wp\/v2\/media?parent=88251"}],"wp:term":[{"taxonomy":"category","embeddable":true,"href":"https:\/\/www.europesays.com\/fi\/wp-json\/wp\/v2\/categories?post=88251"},{"taxonomy":"post_tag","embeddable":true,"href":"https:\/\/www.europesays.com\/fi\/wp-json\/wp\/v2\/tags?post=88251"}],"curies":[{"name":"wp","href":"https:\/\/api.w.org\/{rel}","templated":true}]}}