{"id":88257,"date":"2025-11-12T16:54:08","date_gmt":"2025-11-12T16:54:08","guid":{"rendered":"https:\/\/www.europesays.com\/fi\/88257\/"},"modified":"2025-11-12T16:54:08","modified_gmt":"2025-11-12T16:54:08","slug":"valioliiga-wolverhampton-hankki-uuden-paavalmentajan","status":"publish","type":"post","link":"https:\/\/www.europesays.com\/fi\/88257\/","title":{"rendered":"Valioliiga: Wolverhampton hankki uuden p\u00e4\u00e4valmentajan"},"content":{"rendered":"<p>Wolverhampton on aloittanut kauden umpisurkeasti.<\/p>\n<p class=\"article-body mb-nof-24 px-nof-16\">Jalkapallon Englannin Valioliigassa jumbona oleva Wolverhampton on nimitt\u00e4nyt uuden p\u00e4\u00e4valmentajan.<\/p>\n<p class=\"article-body mb-nof-24 px-nof-16\">Wolves ei ole voittanut 11 ottelusta viel\u00e4 ainuttakaan, ja tilill\u00e4 on vain kaksi tasapeli\u00e4. Maaliero on masentava 7\u201325.<\/p>\n<p class=\"article-body mb-nof-24 px-nof-16\">P\u00e4\u00e4valmentaja <a class=\"article-personlink\" href=\"https:\/\/www.is.fi\/haku\/?query=Vitor%20Pereira\" rel=\"nofollow noopener\" target=\"_blank\">Vitor Pereira <\/a>sai kenk\u00e4\u00e4 jo kymmenen ottelun j\u00e4lkeen, ja nyt vastuun taistelusta sarjapaikasta ottaa <a class=\"article-personlink\" href=\"https:\/\/www.is.fi\/haku\/?query=Rob%20Edwards\" rel=\"nofollow noopener\" target=\"_blank\">Rob Edwards<\/a>. Asiasta kertoo muun muassa <a class=\"article-genericlink\" href=\"https:\/\/www.bbc.com\/sport\/football\/articles\/c79745l95x2o\" rel=\"nofollow noopener\" target=\"_blank\">BBC<\/a>.<\/p>\n<p class=\"article-body mb-nof-24 px-nof-16\">Edwards siirtyy valioliigaseuraan Mestaruussarjassa pelaavasta Middlesborough\u2019sta, joka on sarjassa toisena. Edwards on valmentanut aiemmin Lutonia Valioliigassa.<\/p>\n<p class=\"article-body mb-nof-24 px-nof-16\">Wolverhampton on Edwardsille tuttu peliuralta, sill\u00e4 puolustaja pelasi seurassa 111 ottelua vuosina 2004\u201308.<\/p>\n<p class=\"article-body mb-nof-24 px-nof-16\">\u2013 Rob on todella hyv\u00e4 ihminen. H\u00e4n tuntee seuran eritt\u00e4in hyvin. H\u00e4n tuntee kaupungin ja fanit ja on todella lahjakas, Wolverhamptonin puheenjohtaja <a class=\"article-personlink\" href=\"https:\/\/www.is.fi\/haku\/?query=Jeff%20Shi\" rel=\"nofollow noopener\" target=\"_blank\">Jeff Shi<\/a> kommentoi <a class=\"article-genericlink\" href=\"https:\/\/www.bbc.com\/sport\/football\/articles\/c79745l95x2o\" rel=\"nofollow noopener\" target=\"_blank\">BBC:n<\/a> mukaan.<\/p>\n","protected":false},"excerpt":{"rendered":"Wolverhampton on aloittanut kauden umpisurkeasti. Jalkapallon Englannin Valioliigassa jumbona oleva Wolverhampton on nimitt\u00e4nyt uuden p\u00e4\u00e4valmentajan. Wolves ei ole&hellip;\n","protected":false},"author":2,"featured_media":88258,"comment_status":"","ping_status":"","sticky":false,"template":"","format":"standard","meta":{"footnotes":""},"categories":[158],"tags":[33,31,30,34,159,32,160],"class_list":{"0":"post-88257","1":"post","2":"type-post","3":"status-publish","4":"format-standard","5":"has-post-thumbnail","7":"category-urheilu","8":"tag-fi","9":"tag-finland","10":"tag-finnish","11":"tag-ilta-sanomat","12":"tag-sports","13":"tag-suomi","14":"tag-urheilu"},"share_on_mastodon":{"url":"https:\/\/pubeurope.com\/@fi\/115537776818509558","error":""},"_links":{"self":[{"href":"https:\/\/www.europesays.com\/fi\/wp-json\/wp\/v2\/posts\/88257","targetHints":{"allow":["GET"]}}],"collection":[{"href":"https:\/\/www.europesays.com\/fi\/wp-json\/wp\/v2\/posts"}],"about":[{"href":"https:\/\/www.europesays.com\/fi\/wp-json\/wp\/v2\/types\/post"}],"author":[{"embeddable":true,"href":"https:\/\/www.europesays.com\/fi\/wp-json\/wp\/v2\/users\/2"}],"replies":[{"embeddable":true,"href":"https:\/\/www.europesays.com\/fi\/wp-json\/wp\/v2\/comments?post=88257"}],"version-history":[{"count":0,"href":"https:\/\/www.europesays.com\/fi\/wp-json\/wp\/v2\/posts\/88257\/revisions"}],"wp:featuredmedia":[{"embeddable":true,"href":"https:\/\/www.europesays.com\/fi\/wp-json\/wp\/v2\/media\/88258"}],"wp:attachment":[{"href":"https:\/\/www.europesays.com\/fi\/wp-json\/wp\/v2\/media?parent=88257"}],"wp:term":[{"taxonomy":"category","embeddable":true,"href":"https:\/\/www.europesays.com\/fi\/wp-json\/wp\/v2\/categories?post=88257"},{"taxonomy":"post_tag","embeddable":true,"href":"https:\/\/www.europesays.com\/fi\/wp-json\/wp\/v2\/tags?post=88257"}],"curies":[{"name":"wp","href":"https:\/\/api.w.org\/{rel}","templated":true}]}}