{"id":88267,"date":"2025-11-12T17:01:12","date_gmt":"2025-11-12T17:01:12","guid":{"rendered":"https:\/\/www.europesays.com\/fi\/88267\/"},"modified":"2025-11-12T17:01:12","modified_gmt":"2025-11-12T17:01:12","slug":"turun-kaupungilta-tiukka-paatos-skuuteista-nain-saannot-tiukentuvat","status":"publish","type":"post","link":"https:\/\/www.europesays.com\/fi\/88267\/","title":{"rendered":"Turun kaupungilta tiukka p\u00e4\u00e4t\u00f6s skuuteista \u2013 n\u00e4in s\u00e4\u00e4nn\u00f6t tiukentuvat"},"content":{"rendered":"<p>Turussa tiukennetaan s\u00e4hk\u00f6potkulautoihin liittyvi\u00e4 s\u00e4\u00e4nt\u00f6j\u00e4.<\/p>\n<p class=\"article-body mb-nof-24 px-nof-16\">Turun kaupunkiymp\u00e4rist\u00f6lautakunta p\u00e4\u00e4tti tiistaina tiukentaa s\u00e4hk\u00f6skuuttien k\u00e4ytt\u00f6\u00f6n liittyvi\u00e4 s\u00e4\u00e4nt\u00f6j\u00e4.<\/p>\n<p class=\"article-body mb-nof-24 px-nof-16\">Taustalla on elokuussa voimaan tullut tieliikennepalvelulain muutos, jonka mukaan kuntien on my\u00f6nnett\u00e4v\u00e4 mikroliikennepalveluiden tarjoajille mikroliikennelupa. Turun kaupunki ottaa luvan k\u00e4ytt\u00f6\u00f6n ensi vuoden alusta.<\/p>\n<p class=\"article-body mb-nof-24 px-nof-16\">Skuuttien v\u00e4\u00e4r\u00e4nlainen pys\u00e4k\u00f6inti ja niill\u00e4 ajaminen tietyill\u00e4 alueilla ovat aiheuttaneet vaaratilanteita, haasteita liikenteen esteett\u00f6myydelle ja ongelmia kunnossa- ja puhtaanapidolle.<\/p>\n<p class=\"article-body mb-nof-24 px-nof-16\">S\u00e4hk\u00f6potkulautayritys saa jatkossa operoida vain peruskaudella eli 1.4. ja 31.10. v\u00e4lisen\u00e4 aikana. Turun kaupungin mukaan peruskausi on m\u00e4\u00e4ritelty liikenneturvallisuuteen vaikuttavien tekij\u00f6iden kuten y\u00f6pakkasten, liukkauden ja \u00e4killisten lumisateiden perusteella.<\/p>\n<p class=\"article-body mb-nof-24 px-nof-16\">Kaupunki laatii pys\u00e4k\u00f6intikielto- ja ajokieltoalueita erityisesti keskustan ja Kupittaan alueille. Kaduille suunnitellaan lis\u00e4\u00e4 pys\u00e4k\u00f6intipaikkoja skuuteille. Niille voidaan my\u00f6s asettaa tilap\u00e4isi\u00e4 liikkumisrajoituksia.<\/p>\n<p class=\"article-body mb-nof-24 px-nof-16\">Ajonopeuksia s\u00e4\u00e4dell\u00e4\u00e4n kaupungin m\u00e4\u00e4ritt\u00e4mill\u00e4 alueilla, ja suurin sallittu nopeus on edelleen 20 km\/h. Lis\u00e4ksi m\u00e4\u00e4ritell\u00e4\u00e4n alueita, joilla maksiminopeus on 15 km\/h tai 10 km\/h.<\/p>\n<p class=\"article-body mb-nof-24 px-nof-16\">Skuuteille asetetaan ajokielto viikonloppu\u00f6in\u00e4 kello 00\u201305 ja tietyille juhlapyhien \u00f6ille.<\/p>\n<p class=\"article-body mb-nof-24 px-nof-16\">\u2013 S\u00e4hk\u00f6potkulautoja on viime vuosina ollut Turussa vilkkaimpina kuukausina yhteens\u00e4 jopa 7\u202f000. Skuuttien suuri m\u00e4\u00e4r\u00e4 ja s\u00e4\u00e4nt\u00f6jen puute ovat tuoneet mukanaan ongelmia ja vaaratilanteita sek\u00e4 heikent\u00e4neet katutilan esteett\u00f6myytt\u00e4 ja viihtyisyytt\u00e4, kaupungin tiedotteessa kerrotaan.<\/p>\n<p class=\"article-body mb-nof-24 px-nof-16\">Luvan voi lain mukaan my\u00f6nt\u00e4\u00e4 enint\u00e4\u00e4n viideksi vuodeksi. Koska kyse on uudesta toimiluvasta, kaupunki my\u00f6nt\u00e4\u00e4 luvan vain vuodeksi kerrallaan.<\/p>\n","protected":false},"excerpt":{"rendered":"Turussa tiukennetaan s\u00e4hk\u00f6potkulautoihin liittyvi\u00e4 s\u00e4\u00e4nt\u00f6j\u00e4. Turun kaupunkiymp\u00e4rist\u00f6lautakunta p\u00e4\u00e4tti tiistaina tiukentaa s\u00e4hk\u00f6skuuttien k\u00e4ytt\u00f6\u00f6n liittyvi\u00e4 s\u00e4\u00e4nt\u00f6j\u00e4. Taustalla on elokuussa voimaan&hellip;\n","protected":false},"author":2,"featured_media":88268,"comment_status":"","ping_status":"","sticky":false,"template":"","format":"standard","meta":{"footnotes":""},"categories":[5],"tags":[22,23,26,27,33,31,30,17,34,24,25,28,29,15,18,21,32,19,20,16],"class_list":{"0":"post-88267","1":"post","2":"type-post","3":"status-publish","4":"format-standard","5":"has-post-thumbnail","7":"category-otsikot","8":"tag-breaking-news","9":"tag-breakingnews","10":"tag-featured-news","11":"tag-featurednews","12":"tag-fi","13":"tag-finland","14":"tag-finnish","15":"tag-headlines","16":"tag-ilta-sanomat","17":"tag-latest-news","18":"tag-latestnews","19":"tag-main-news","20":"tag-mainnews","21":"tag-news","22":"tag-otsikot","23":"tag-paauutiset","24":"tag-suomi","25":"tag-top-stories","26":"tag-topstories","27":"tag-uutiset"},"share_on_mastodon":{"url":"https:\/\/pubeurope.com\/@fi\/115537804229254013","error":""},"_links":{"self":[{"href":"https:\/\/www.europesays.com\/fi\/wp-json\/wp\/v2\/posts\/88267","targetHints":{"allow":["GET"]}}],"collection":[{"href":"https:\/\/www.europesays.com\/fi\/wp-json\/wp\/v2\/posts"}],"about":[{"href":"https:\/\/www.europesays.com\/fi\/wp-json\/wp\/v2\/types\/post"}],"author":[{"embeddable":true,"href":"https:\/\/www.europesays.com\/fi\/wp-json\/wp\/v2\/users\/2"}],"replies":[{"embeddable":true,"href":"https:\/\/www.europesays.com\/fi\/wp-json\/wp\/v2\/comments?post=88267"}],"version-history":[{"count":0,"href":"https:\/\/www.europesays.com\/fi\/wp-json\/wp\/v2\/posts\/88267\/revisions"}],"wp:featuredmedia":[{"embeddable":true,"href":"https:\/\/www.europesays.com\/fi\/wp-json\/wp\/v2\/media\/88268"}],"wp:attachment":[{"href":"https:\/\/www.europesays.com\/fi\/wp-json\/wp\/v2\/media?parent=88267"}],"wp:term":[{"taxonomy":"category","embeddable":true,"href":"https:\/\/www.europesays.com\/fi\/wp-json\/wp\/v2\/categories?post=88267"},{"taxonomy":"post_tag","embeddable":true,"href":"https:\/\/www.europesays.com\/fi\/wp-json\/wp\/v2\/tags?post=88267"}],"curies":[{"name":"wp","href":"https:\/\/api.w.org\/{rel}","templated":true}]}}