{"id":88273,"date":"2025-11-12T17:16:09","date_gmt":"2025-11-12T17:16:09","guid":{"rendered":"https:\/\/www.europesays.com\/fi\/88273\/"},"modified":"2025-11-12T17:16:09","modified_gmt":"2025-11-12T17:16:09","slug":"ruotsalaissarja-kyseenalaistaa-uusrikkaiden-tyhjan-elaman-tarkoituksen","status":"publish","type":"post","link":"https:\/\/www.europesays.com\/fi\/88273\/","title":{"rendered":"Ruotsalaissarja kyseenalaistaa uusrikkaiden tyhj\u00e4n el\u00e4m\u00e4n tarkoituksen"},"content":{"rendered":"<p>Televisioarvio|Ulkopuolisuuden tunne leimaa ruotsalaisen Miss\u00e4 aurinko aina paistaa -sarjan henkil\u00f6it\u00e4.<\/p>\n<p>Lue tiivistelm\u00e4<\/p>\n<p>Tiivistelm\u00e4 on teko\u00e4lyn tekem\u00e4 ja ihmisen tarkistama.<\/p>\n<p class=\"article-body mb-nof-24 px-nof-16 sndp-summary-bullet-point-font\">Ruotsalaisohjaaja Felix Herngrenin uusi musta komedia Miss\u00e4 aurinko aina paistaa kertoo uusrikkaiden el\u00e4m\u00e4st\u00e4 Mallorcalla.<\/p>\n<p class=\"article-body mb-nof-24 px-nof-16 sndp-summary-bullet-point-font\">Sarjan keski\u00f6ss\u00e4 on ruotsalainen pariskunta, joka muuttaa Espanjaan myyty\u00e4\u00e4n supermarketinsa, sek\u00e4 perheenis\u00e4 Tomin v\u00e4hemm\u00e4n menestynyt veli.<\/p>\n<p class=\"article-body mb-nof-24 px-nof-16 sndp-summary-bullet-point-font\">Herngren sai idean sarjaan muutettuaan itse Mallorcalle ja huomattuaan monen ruotsalaisen olevan toimettomana saarella.<\/p>\n<p class=\"article-body mb-nof-24 px-nof-16\">Miss\u00e4 aurinko aina paistaa (D\u00e4r solen alltid skiner). Skyshowtime. \u2605\u2605\u2605<\/p>\n<p class=\"article-body mb-nof-24 px-nof-16\">\u201dJos ei rakasta el\u00e4m\u00e4\u00e4, ei rakasta Mallorcaa\u201d, ruotsalaiset \u00e4kkirikastuneet toistelevat kyll\u00e4stymiseen asti <a class=\"article-personlink\" href=\"https:\/\/www.hs.fi\/haku\/?query=Felix%20Herngrenin\" rel=\"nofollow noopener\" target=\"_blank\">Felix Herngrenin<\/a> uudessa mustassa komediassa.<\/p>\n<p class=\"article-body mb-nof-24 px-nof-16\">Kuusiosainen Miss\u00e4 aurinko aina paistaa sijoittuu Espanjan Mallorcalle, jonnne Ica Maxi -supermarkettinsa Link\u00f6pingiss\u00e4 mukavalla voitolla myynyt Tom (<a class=\"article-personlink\" href=\"https:\/\/www.hs.fi\/haku\/?query=Per%20Lasson\" rel=\"nofollow noopener\" target=\"_blank\">Per Lasson<\/a>) on perheineen muuttanut. Vaimo Petra (<a class=\"article-personlink\" href=\"https:\/\/www.hs.fi\/haku\/?query=Lisa%20Linnertorp\" rel=\"nofollow noopener\" target=\"_blank\">Lisa Linnertorp<\/a>) yritt\u00e4\u00e4 verkostoitua muiden \u00e4kkirikastuneiden kanssa vaihtelevalla menestyksell\u00e4.<\/p>\n<p class=\"article-body mb-nof-24 px-nof-16\">Asetelma on tuttu Herngrenin hittisarja Solsidanista, sill\u00e4 nytkin keskiluokkaisesta taustasta l\u00e4ht\u00f6isin olevat hahmot tekev\u00e4t kaikkensa p\u00e4\u00e4st\u00e4kseen parempiin piireihin.<\/p>\n<p class=\"article-body mb-nof-24 px-nof-16\">Pariskunta on halunnut unohtaa Tomin vuosien raatamisen ja nauttia rahoistaan. Tom saa 50-vuotisjuhlissaan sairauskohtauksen, jonka j\u00e4lkeen h\u00e4n ymm\u00e4rt\u00e4\u00e4, ettei ikuinen loma ole h\u00e4nt\u00e4 varten. H\u00e4n kaipaa jotain muuta.<\/p>\n<p class=\"article-body mb-nof-24 px-nof-16\">Pakkaa sekoittaa Ruotsista juhliin saapunut, v\u00e4hemm\u00e4n menestynyt velipoika Timmy (<a class=\"article-personlink\" href=\"https:\/\/www.hs.fi\/haku\/?query=Erik%20Johanson\" rel=\"nofollow noopener\" target=\"_blank\">Erik Johanson<\/a>), jolle kuolemaa pel\u00e4styv\u00e4 Tom tulee lahjoittaneeksi juuri ostamansa kakkoshuvilan. Uudesta mahdollisuudesta ilahtuva Timmy pakkaa vaimonsa Majan (<a class=\"article-personlink\" href=\"https:\/\/www.hs.fi\/haku\/?query=Rakel%20Warml%C3%A4nder)\" rel=\"nofollow noopener\" target=\"_blank\">Rakel Warml\u00e4nder)<\/a> ja tytt\u00e4rens\u00e4 (ohjaajan oma tyt\u00e4r <a class=\"article-personlink\" href=\"https:\/\/www.hs.fi\/haku\/?query=Iris%20Herngren\" rel=\"nofollow noopener\" target=\"_blank\">Iris Herngren<\/a>) vanhaan farmari-Volvoon ja suuntaa muuttokuormansa veljen per\u00e4\u00e4n.<\/p>\n<p><img decoding=\"async\" src=\"https:\/\/www.europesays.com\/fi\/wp-content\/uploads\/2025\/11\/1762967769_973_468.jpg\" alt=\"Tomin Timmy-velje\u00e4 n\u00e4yttelee Bonusperhe-sarjassakin n\u00e4hty Erik Johanson. Rakel Warml\u00e4nder on Timmyn vaimo Maja ja Iris Herngren heid\u00e4n tytt\u00e4rens\u00e4.\" class=\"_Img_1rerz_1\" style=\"aspect-ratio:1.7777777777777777\" loading=\"eager\"\/><\/p>\n<p class=\"article-picture-caption\">Tomin Timmy-velje\u00e4 n\u00e4yttelee Bonusperhe-sarjassakin n\u00e4hty Erik Johanson. Rakel Warml\u00e4nder on Timmyn vaimo Maja ja Iris Herngren heid\u00e4n tytt\u00e4rens\u00e4. Kuva:\u00a0FLX<\/p>\n<p class=\"article-body mb-nof-24 px-nof-16\">Tom yritt\u00e4\u00e4 selvitt\u00e4\u00e4 syit\u00e4 kuolemanpelolleen. H\u00e4nt\u00e4 ahdistaa, sill\u00e4 paikkaa muiden joutilaiden uusrikkaiden joukossa ei l\u00f6ydy eik\u00e4 h\u00e4n p\u00e4\u00e4se eroon ruokakauppiaan leimasta. Juuri ostettu huvila kaipaa perusteellista remonttia, ja lis\u00e4\u00e4 p\u00e4\u00e4nvaivaa aiheuttaa kiinteist\u00f6lt\u00e4 l\u00f6ytyv\u00e4 entisen omistajan ruumis.<\/p>\n<p class=\"article-body mb-nof-24 px-nof-16\">Herngren on kertonut saaneensa idean sarjasta muutettuaan itsekin perheineen Mallorcalle vuosia sitten. El\u00e4m\u00e4 Ruotsissa oli ollut mielek\u00e4st\u00e4, mutta perhe kaipasi jotain uutta.<\/p>\n<p class=\"article-body mb-nof-24 px-nof-16\">Herngren halusi jatkaa ty\u00f6skentely\u00e4 Espanjasta k\u00e4sin, mutta moni muu saarella asuva ruotsalainen ei. Asetelma kiehtoi ohjaajaa.<\/p>\n<p class=\"article-body mb-nof-24 px-nof-16\">Herngren n\u00e4yttelee toisinaan sarjoissaan itse jopa p\u00e4\u00e4osaa. Solsidanissa h\u00e4net n\u00e4hd\u00e4\u00e4n konflikteja karttavana hammasl\u00e4\u00e4k\u00e4ri Alex L\u00f6fgrenin\u00e4. Nyt h\u00e4n on sivuroolissa \u00e4kkirikastuneena Jannena, joka nimitt\u00e4\u00e4 Tomia yh\u00e4 itsepintaisesti Maxiksi viittauksena t\u00e4m\u00e4n aiempaan uraan ruokakauppiaana.<\/p>\n<p class=\"article-body mb-nof-24 px-nof-16\">Sarjassa naureskellaan rikkaiden el\u00e4m\u00e4n tyhjyydelle, mutta keski\u00f6\u00f6n nousee Tomin pohdinta siit\u00e4, mit\u00e4 h\u00e4n el\u00e4m\u00e4lt\u00e4\u00e4n lopulta haluaa.<\/p>\n<p class=\"article-body mb-nof-24 px-nof-16\">Tomia n\u00e4yttelev\u00e4 Per Lasson lienee suomalaisille tutuin Malm\u00f6\u00f6n sijoittuvan, hyvin onnistuneen Ohuella langalla -sarjan poliisip\u00e4\u00e4llikk\u00f6n\u00e4 Jessen\u00e4. Herngren ei ollut aiemmin ty\u00f6skennellyt Lasson kanssa, ja h\u00e4n on useissa haastatteluissa todennut, ett\u00e4 yhteisty\u00f6 oli molemmille mieluista. Sen huomaa: sarjassa Lasson taipuu draaman lis\u00e4ksi mutkattomasti my\u00f6s tilannekomiikkaan.<\/p>\n<p class=\"article-body mb-nof-24 px-nof-16\">Herngren on saavuttanut kotimaassaan aseman, jossa h\u00e4n voi k\u00e4sikirjoittajana ja ohjaajana tehd\u00e4 oikeastaan mit\u00e4 tahansa, sill\u00e4 kaikelle l\u00f6ytyy oma yleis\u00f6ns\u00e4. N\u00e4yttelij\u00e4nty\u00f6 on t\u00e4ll\u00e4kin kertaa kauttaaltaan hyv\u00e4\u00e4, ja hahmot rakennettu kiinnostaviksi.<\/p>\n<p class=\"article-body mb-nof-24 px-nof-16\">Miss\u00e4 aurinko aina paistaa j\u00e4tt\u00e4\u00e4 kuitenkin toisen jakson j\u00e4lkeen my\u00f6s toivomisen varaa. Satiirista draamaksi k\u00e4\u00e4ntyv\u00e4lt\u00e4 tarinalta j\u00e4\u00e4 odottamaan muutakin kuin vanhan viisauden, jonka mukaan raha ei tuo onnea.<\/p>\n","protected":false},"excerpt":{"rendered":"Televisioarvio|Ulkopuolisuuden tunne leimaa ruotsalaisen Miss\u00e4 aurinko aina paistaa -sarjan henkil\u00f6it\u00e4. Lue tiivistelm\u00e4 Tiivistelm\u00e4 on teko\u00e4lyn tekem\u00e4 ja ihmisen&hellip;\n","protected":false},"author":2,"featured_media":88274,"comment_status":"","ping_status":"","sticky":false,"template":"","format":"standard","meta":{"footnotes":""},"categories":[133],"tags":[137,33,31,30,46,32,206,156,109],"class_list":{"0":"post-88273","1":"post","2":"type-post","3":"status-publish","4":"format-standard","5":"has-post-thumbnail","7":"category-televisiot","8":"tag-entertainment","9":"tag-fi","10":"tag-finland","11":"tag-finnish","12":"tag-helsingin-sanomat","13":"tag-suomi","14":"tag-televisiot","15":"tag-tv","16":"tag-viihde"},"share_on_mastodon":{"url":"https:\/\/pubeurope.com\/@fi\/115537863361936289","error":""},"_links":{"self":[{"href":"https:\/\/www.europesays.com\/fi\/wp-json\/wp\/v2\/posts\/88273","targetHints":{"allow":["GET"]}}],"collection":[{"href":"https:\/\/www.europesays.com\/fi\/wp-json\/wp\/v2\/posts"}],"about":[{"href":"https:\/\/www.europesays.com\/fi\/wp-json\/wp\/v2\/types\/post"}],"author":[{"embeddable":true,"href":"https:\/\/www.europesays.com\/fi\/wp-json\/wp\/v2\/users\/2"}],"replies":[{"embeddable":true,"href":"https:\/\/www.europesays.com\/fi\/wp-json\/wp\/v2\/comments?post=88273"}],"version-history":[{"count":0,"href":"https:\/\/www.europesays.com\/fi\/wp-json\/wp\/v2\/posts\/88273\/revisions"}],"wp:featuredmedia":[{"embeddable":true,"href":"https:\/\/www.europesays.com\/fi\/wp-json\/wp\/v2\/media\/88274"}],"wp:attachment":[{"href":"https:\/\/www.europesays.com\/fi\/wp-json\/wp\/v2\/media?parent=88273"}],"wp:term":[{"taxonomy":"category","embeddable":true,"href":"https:\/\/www.europesays.com\/fi\/wp-json\/wp\/v2\/categories?post=88273"},{"taxonomy":"post_tag","embeddable":true,"href":"https:\/\/www.europesays.com\/fi\/wp-json\/wp\/v2\/tags?post=88273"}],"curies":[{"name":"wp","href":"https:\/\/api.w.org\/{rel}","templated":true}]}}