{"id":88284,"date":"2025-11-12T17:27:10","date_gmt":"2025-11-12T17:27:10","guid":{"rendered":"https:\/\/www.europesays.com\/fi\/88284\/"},"modified":"2025-11-12T17:27:10","modified_gmt":"2025-11-12T17:27:10","slug":"miehelle-vuosia-vankeutta-lapsiin-kohdistuneista-seksuaalirikoksista-etsi-uhreja-snapchatissa","status":"publish","type":"post","link":"https:\/\/www.europesays.com\/fi\/88284\/","title":{"rendered":"Miehelle vuosia vankeutta lapsiin kohdistuneista seksuaalirikoksista \u2013 etsi uhreja Snapchatissa"},"content":{"rendered":"<p>Tuomiot|Oikeuden mukaan miehell\u00e4 oli 15 uhria, jotka olivat rikosten tekoaikaan 12\u201315-vuotiaita.<\/p>\n<p class=\"article-body mb-nof-24 px-nof-16\">Satakunnan k\u00e4r\u00e4j\u00e4oikeus tuomitsi keskiviikkona 20-vuotiaan miehen vuosien vankeuteen lapsiin kohdistuneiden seksuaalirikosten sarjasta. H\u00e4nen syykseen luettiin yhteens\u00e4 17 syytekohtaa, joista raskain oli t\u00f6rke\u00e4 lapsenraiskaus.<\/p>\n<p class=\"article-body mb-nof-24 px-nof-16\">Oikeuden mukaan miehell\u00e4 oli 15 uhria, jotka olivat rikosten tekoaikaan 12\u201315-vuotiaita. Uhrinsa mies etsi Snapchat-sovelluksesta.<\/p>\n<p class=\"article-body mb-nof-24 px-nof-16\">Mies syyllistyi rikoksiin loka-joulukuussa 2024. K\u00e4r\u00e4j\u00e4oikeuden mukaan mies puhui Snapchatissa uhreille seksuaaliss\u00e4vytteisesti sek\u00e4 pyysi ja osin sai uhrit l\u00e4hett\u00e4m\u00e4\u00e4n kuvia, joissa he olivat v\u00e4h\u00e4pukeisina tai alastomina. Osalle uhreista mies my\u00f6s ehdotti tapaamista ja seksi\u00e4.<\/p>\n<p class=\"article-body mb-nof-24 px-nof-16\">Kahdessa syytteess\u00e4 t\u00f6rke\u00e4st\u00e4 kajoamisesta lapseen mies oikeuden mukaan sai 13-vuotiaat uhrit toimimaan aktiivisesti omassa hyv\u00e4ksik\u00e4yt\u00f6ss\u00e4\u00e4n, penetroimaan itse\u00e4\u00e4n ja kuvaamaan seksuaalista materiaalia miehen k\u00e4ytt\u00f6\u00f6n.<\/p>\n<p class=\"article-body mb-nof-24 px-nof-16\">\u201d(Syytetty) on kehumalla ja k\u00e4ytt\u00e4m\u00e4ll\u00e4 hyv\u00e4ksi (uhrin) miellytt\u00e4misen halua saanut 13-vuotiaan seksuaalisesti t\u00e4ysin kokemattoman (uhrin) osallistumaan itse\u00e4\u00e4n koskevaan seksuaaliseen hyv\u00e4ksik\u00e4ytt\u00f6\u00f6n. Kysymys ei ole ollut mist\u00e4\u00e4n aidosta seurustelu- tai siihen rinnastuvasta suhteesta vaan pelk\u00e4st\u00e4 hyv\u00e4ksik\u00e4ytt\u00f6suhteesta\u201d, oikeus kirjoitti tuomiossaan.<\/p>\n<p class=\"article-body mb-nof-24 px-nof-16\">T\u00f6rke\u00e4\u00e4 lapsenraiskausta koskeva kohta salattiin k\u00e4r\u00e4j\u00e4tuomiossa kokonaan lukuun ottamatta lyhytt\u00e4 osuutta rangaistusseuraamusta koskevassa kohdassa.<\/p>\n<p class=\"article-body mb-nof-24 px-nof-16\">\u201d(Mies) on viesteill\u00e4 saanut houkuteltua (uhrin) mukaansa sek\u00e4 tehnyt t\u00e4lle syytteess\u00e4 tarkemmin yksil\u00f6idyn rikoksen. Teko on ollut asianomistajalle hyvin vahingollinen ja omassa lajissaankin vakava\u201d, siin\u00e4 sanottiin.<\/p>\n<p class=\"article-body mb-nof-24 px-nof-16\">K\u00e4r\u00e4j\u00e4oikeus katsoi, ett\u00e4 mies pyrki johdonmukaisesti ja suunnitelmallisesti seksuaali\u00adrikosten toteuttamiseen, mik\u00e4 ankaroitti rangaistusta. Oikeus tuomitsi miehen seitsem\u00e4n vuoden vankeuteen.<\/p>\n<p class=\"article-body mb-nof-24 px-nof-16\">HS ei julkaise tuomitun nime\u00e4, koska ei ole varmaa, voisiko se paljastaa uhrien henkil\u00f6llisyyden.<\/p>\n","protected":false},"excerpt":{"rendered":"Tuomiot|Oikeuden mukaan miehell\u00e4 oli 15 uhria, jotka olivat rikosten tekoaikaan 12\u201315-vuotiaita. Satakunnan k\u00e4r\u00e4j\u00e4oikeus tuomitsi keskiviikkona 20-vuotiaan miehen vuosien&hellip;\n","protected":false},"author":2,"featured_media":79326,"comment_status":"","ping_status":"","sticky":false,"template":"","format":"standard","meta":{"footnotes":""},"categories":[5],"tags":[22,23,26,27,33,31,30,17,46,24,25,28,29,15,18,21,32,19,20,16],"class_list":{"0":"post-88284","1":"post","2":"type-post","3":"status-publish","4":"format-standard","5":"has-post-thumbnail","7":"category-otsikot","8":"tag-breaking-news","9":"tag-breakingnews","10":"tag-featured-news","11":"tag-featurednews","12":"tag-fi","13":"tag-finland","14":"tag-finnish","15":"tag-headlines","16":"tag-helsingin-sanomat","17":"tag-latest-news","18":"tag-latestnews","19":"tag-main-news","20":"tag-mainnews","21":"tag-news","22":"tag-otsikot","23":"tag-paauutiset","24":"tag-suomi","25":"tag-top-stories","26":"tag-topstories","27":"tag-uutiset"},"share_on_mastodon":{"url":"https:\/\/pubeurope.com\/@fi\/115537906417513915","error":""},"_links":{"self":[{"href":"https:\/\/www.europesays.com\/fi\/wp-json\/wp\/v2\/posts\/88284","targetHints":{"allow":["GET"]}}],"collection":[{"href":"https:\/\/www.europesays.com\/fi\/wp-json\/wp\/v2\/posts"}],"about":[{"href":"https:\/\/www.europesays.com\/fi\/wp-json\/wp\/v2\/types\/post"}],"author":[{"embeddable":true,"href":"https:\/\/www.europesays.com\/fi\/wp-json\/wp\/v2\/users\/2"}],"replies":[{"embeddable":true,"href":"https:\/\/www.europesays.com\/fi\/wp-json\/wp\/v2\/comments?post=88284"}],"version-history":[{"count":0,"href":"https:\/\/www.europesays.com\/fi\/wp-json\/wp\/v2\/posts\/88284\/revisions"}],"wp:featuredmedia":[{"embeddable":true,"href":"https:\/\/www.europesays.com\/fi\/wp-json\/wp\/v2\/media\/79326"}],"wp:attachment":[{"href":"https:\/\/www.europesays.com\/fi\/wp-json\/wp\/v2\/media?parent=88284"}],"wp:term":[{"taxonomy":"category","embeddable":true,"href":"https:\/\/www.europesays.com\/fi\/wp-json\/wp\/v2\/categories?post=88284"},{"taxonomy":"post_tag","embeddable":true,"href":"https:\/\/www.europesays.com\/fi\/wp-json\/wp\/v2\/tags?post=88284"}],"curies":[{"name":"wp","href":"https:\/\/api.w.org\/{rel}","templated":true}]}}