{"id":88289,"date":"2025-11-12T17:46:12","date_gmt":"2025-11-12T17:46:12","guid":{"rendered":"https:\/\/www.europesays.com\/fi\/88289\/"},"modified":"2025-11-12T17:46:12","modified_gmt":"2025-11-12T17:46:12","slug":"tassa-ovat-sm-liigan-suurimmat-palkat-floppi-maksoi-karmeita-summia","status":"publish","type":"post","link":"https:\/\/www.europesays.com\/fi\/88289\/","title":{"rendered":"T\u00e4ss\u00e4 ovat SM-liigan suurimmat palkat \u2013 Floppi maksoi karmeita summia"},"content":{"rendered":"<p>Lahden Pelicans maksoi reilulla k\u00e4dell\u00e4 ulkomaalaisvahvistuksilleen.<\/p>\n<p><img decoding=\"async\" class=\"image image-show image-preview\" src=\"https:\/\/www.europesays.com\/fi\/wp-content\/uploads\/2025\/11\/b51595163aa84d012c0f7444811e2e90a62c08aa483b9785ee0e4c5ff199b7f2.jpg\" alt=\"\"\/><img decoding=\"async\" class=\"image image-show\" src=\"https:\/\/www.europesays.com\/fi\/wp-content\/uploads\/2025\/11\/1762969570_961_b51595163aa84d012c0f7444811e2e90a62c08aa483b9785ee0e4c5ff199b7f2.jpg\" alt=\"\"\/><\/p>\n<p>Ryan Lasch teki Lahdessa erinomaista tili\u00e4. TOMI NATRI \/ AOP<\/p>\n<p class=\"paragraph\">SM-liigan kovapalkkaisin pelaaja kalenterivuona 2024 oli <strong>Ryan Lasch<\/strong>. Tuoreiden verotietojen mukaan h\u00e4n ansaitsi 323 350 euroa.<\/p>\n<p class=\"paragraph\">Lasch, 38, kiekkoili Pelicansissa kaudet 2023\u201325. T\u00e4ll\u00e4 kaudella h\u00e4n edustaa norjalaista V\u00e5lerengaa.<\/p>\n<p class=\"paragraph\">Yli 300 000 euron vuosiansioiden p\u00e4\u00e4si Laschin lis\u00e4ksi kaksi pelaajaa: <strong>Reid Gardiner<\/strong> ja <strong>Oliver Lauridsen<\/strong>.<\/p>\n<p class=\"paragraph\">Gardiner ansaitsi 316 435 euroa, Lauridsen 300 862 euroa.<\/p>\n<p class=\"paragraph\">Gardiner pelasi kev\u00e4tkauden 2024 JYPiss\u00e4 ja syyskauden 2024 K\u00e4rpiss\u00e4. Lauridsen pelasi kaudet 2023\u201325 TPS:ss\u00e4.<\/p>\n<p class=\"paragraph\">Yli 200 000 euron vuosiansioiden p\u00e4\u00e4siv\u00e4t k\u00e4rkikolmikon lis\u00e4ksi ainoastaan <strong>Iiro Pakarinen<\/strong> ja <strong>Niklas Rubin<\/strong>.<\/p>\n<p class=\"paragraph\">Pakarinen oli vuonna 2023 SM-liigan palkkakunkku. Tuolloin h\u00e4n ansaitsi 264\u00a0900 euroa, viime vuonna noin kahdeksantuhatta enemm\u00e4n.<\/p>\n<p class=\"paragraph\">Ulkomaalaiset olivat SM-liigan palkkarohmuja, my\u00f6s ter\u00e4vimm\u00e4n k\u00e4rjen takana. Suomalaisista kahdenkymmenen parhaiten ansainneen liigakiekkoilijan joukossa olivat Pakarisen lis\u00e4ksi ainoastaan <strong>Petrus Palmu<\/strong>, <strong>Ilari Melart<\/strong>, <strong>Joni Ikonen<\/strong>, <strong>Tommi Kivist\u00f6<\/strong> ja <strong>Pekka Jormakka<\/strong>.<\/p>\n<p class=\"paragraph\">Top20-ansiolistalla on per\u00e4ti viisi Pelicansin ulkomaalaisvahviketta: Lasch, <strong>Lars Bryggman<\/strong>, <strong>Nate Schnarr<\/strong>, <strong>Patrik Carlsson<\/strong> ja <strong>Michal Jordan<\/strong>. Pelicans joutui viime kauden p\u00e4\u00e4tteeksi pelaamaan sarjapaikkansa puolesta liigakarsinnoissa.<\/p>\n<p>Rahastointia<\/p>\n<p class=\"paragraph\">Liigapelaajien verotietoja lukiessa on hyv\u00e4 muistaa, ett\u00e4 kaikki tulot eiv\u00e4t n\u00e4y verotiedoissa, koska osa niist\u00e4 rahastoidaan.<\/p>\n<p class=\"paragraph\">Urheilijoilla on lain mukaan oikeus rahastoida tuloistaan 50 prosenttia, kuitenkin enimmill\u00e4\u00e4n 200\u00a0000 euroa vuodessa. Urheilijaksi m\u00e4\u00e4ritell\u00e4\u00e4n vuodessa yli 9600 euroa eli keskim\u00e4\u00e4rin 800 euroa kuukaudessa urheilemisella ansaitseva.<\/p>\n<p class=\"paragraph\">\u2013\u2009Pitk\u00e4\u00e4n on tehty valistusty\u00f6t\u00e4 rahastoinnin hy\u00f6dyist\u00e4 ja mahdollisuuksista, nyky\u00e4\u00e4n Tapparassa luutiva <strong>Jesper Mattila<\/strong> kommentoi vuosi sitten.<\/p>\n<p class=\"paragraph\">\u2013\u2009Yleisesti ottaen liigapelaajat rahastoivat nyky\u00e4\u00e4n hyvin.<\/p>\n<p class=\"paragraph\">Mattila, 28, toimii J\u00e4\u00e4kiekkoilijoiden koulutus- ja ammatinedist\u00e4miss\u00e4\u00e4ti\u00f6n hallituksessa. S\u00e4\u00e4ti\u00f6 edist\u00e4\u00e4 ja tukee j\u00e4\u00e4kiekkoilijoiden koulutusta sek\u00e4 sopeutumista el\u00e4m\u00e4\u00e4n uran j\u00e4lkeen.<\/p>\n<p class=\"paragraph\">\u2013\u2009Omanakin aikanani (Liigassa) tiet\u00e4mys on kasvanut. Nuoret ovat kiinnostuneita rahastoinnista.<\/p>\n<p class=\"paragraph\">Rahastoidut eurot eiv\u00e4t ole verotettavaa tuloa, joten ne eiv\u00e4t n\u00e4y verotiedoissa. Vero maksetaan vasta, kun varoja nostetaan uran p\u00e4\u00e4tytty\u00e4.<\/p>\n<p class=\"paragraph\">Verotiedoista puuttuvat luonnollisesti kaikki muutkin v\u00e4hennykset. Ammattikiekkoilijoilla tyypillinen v\u00e4hennys on agenttipalkkio, joka on yleens\u00e4 muutaman prosentin luokkaa.<\/p>\n<p><a href=\"https:\/\/www.iltalehti.fi\/verokone\" rel=\"nofollow noopener\" target=\"_blank\"><img decoding=\"async\" src=\"https:\/\/www.europesays.com\/fi\/wp-content\/uploads\/2025\/11\/b22f0294ff7d094ea26fdba142d08bfb6db7d5fb8905815af9a6bad1a77adc61.png\" alt=\"Siirry verokoneeseen\"\/><\/a><\/p>\n","protected":false},"excerpt":{"rendered":"Lahden Pelicans maksoi reilulla k\u00e4dell\u00e4 ulkomaalaisvahvistuksilleen. Ryan Lasch teki Lahdessa erinomaista tili\u00e4. TOMI NATRI \/ AOP SM-liigan kovapalkkaisin&hellip;\n","protected":false},"author":2,"featured_media":88290,"comment_status":"","ping_status":"","sticky":false,"template":"","format":"standard","meta":{"footnotes":""},"categories":[158],"tags":[35,1144,1274,33,31,30,1143,41,2645,159,32,160],"class_list":{"0":"post-88289","1":"post","2":"type-post","3":"status-publish","4":"format-standard","5":"has-post-thumbnail","7":"category-urheilu","8":"tag-24h","9":"tag-ammattilaisjaakiekko","10":"tag-ammattiurheilu","11":"tag-fi","12":"tag-finland","13":"tag-finnish","14":"tag-jaakiekko","15":"tag-liikunta-ja-urheilu","16":"tag-palkka-ja-tyosuhde-edut","17":"tag-sports","18":"tag-suomi","19":"tag-urheilu"},"share_on_mastodon":{"url":"https:\/\/pubeurope.com\/@fi\/115537981547905949","error":""},"_links":{"self":[{"href":"https:\/\/www.europesays.com\/fi\/wp-json\/wp\/v2\/posts\/88289","targetHints":{"allow":["GET"]}}],"collection":[{"href":"https:\/\/www.europesays.com\/fi\/wp-json\/wp\/v2\/posts"}],"about":[{"href":"https:\/\/www.europesays.com\/fi\/wp-json\/wp\/v2\/types\/post"}],"author":[{"embeddable":true,"href":"https:\/\/www.europesays.com\/fi\/wp-json\/wp\/v2\/users\/2"}],"replies":[{"embeddable":true,"href":"https:\/\/www.europesays.com\/fi\/wp-json\/wp\/v2\/comments?post=88289"}],"version-history":[{"count":0,"href":"https:\/\/www.europesays.com\/fi\/wp-json\/wp\/v2\/posts\/88289\/revisions"}],"wp:featuredmedia":[{"embeddable":true,"href":"https:\/\/www.europesays.com\/fi\/wp-json\/wp\/v2\/media\/88290"}],"wp:attachment":[{"href":"https:\/\/www.europesays.com\/fi\/wp-json\/wp\/v2\/media?parent=88289"}],"wp:term":[{"taxonomy":"category","embeddable":true,"href":"https:\/\/www.europesays.com\/fi\/wp-json\/wp\/v2\/categories?post=88289"},{"taxonomy":"post_tag","embeddable":true,"href":"https:\/\/www.europesays.com\/fi\/wp-json\/wp\/v2\/tags?post=88289"}],"curies":[{"name":"wp","href":"https:\/\/api.w.org\/{rel}","templated":true}]}}