{"id":88295,"date":"2025-11-12T17:51:08","date_gmt":"2025-11-12T17:51:08","guid":{"rendered":"https:\/\/www.europesays.com\/fi\/88295\/"},"modified":"2025-11-12T17:51:08","modified_gmt":"2025-11-12T17:51:08","slug":"aftonbladet-ruotsin-hovin-tyontekija-jai-kiinni-lapsipornosta-uutisia-lyhyesti","status":"publish","type":"post","link":"https:\/\/www.europesays.com\/fi\/88295\/","title":{"rendered":"Aftonbladet: Ruotsin hovin ty\u00f6ntekij\u00e4 j\u00e4i kiinni lapsipornosta | Uutisia lyhyesti"},"content":{"rendered":"<p class=\"aw-1gybjub aw-5vja16 kEtdKx kmuxyA yle__article__paragraph\">Mies erotettiin heti teht\u00e4vist\u00e4\u00e4n, kun ep\u00e4ilykset nousivat.<\/p>\n<p><img decoding=\"async\" alt=\"Henkil\u00f6 k\u00e4ytt\u00e4\u00e4 Snapchat-sovellusta \u00e4lypuhelimellaan ulkona h\u00e4m\u00e4r\u00e4ss\u00e4 valaistuksessa.\" src=\"https:\/\/www.europesays.com\/fi\/wp-content\/uploads\/2025\/11\/39-13923866756e4ec1cdd6.jpeg\" class=\"aw-1l9m598 hKVVvP\"\/><\/p>\n<p>Avaa kuvien katselu<\/p>\n<p>Suomen poliisin tietoon on tullut ilmi\u00f6, jossa nuoret l\u00e4hett\u00e4v\u00e4t v\u00e4h\u00e4pukeisia kuvia tai alastonkuvia Snapchatiss\u00e4. Tutkintaan p\u00e4\u00e4tyneiss\u00e4 tapauksissa vastaanottajana on ollut vanhempi mies. Kuvituskuva. Kuva: Ia Lindberg \/ Yle<\/p>\n<p class=\"aw-1gybjub aw-1p7kakr kEtdKx cEmitX yle__article__paragraph\">Ruotsin kuninkaallisessa hovissa on ty\u00f6skennellyt mies, jota ep\u00e4ill\u00e4\u00e4n lapsipornosta, kertoo ruotsalaislehti <a class=\"aw-iao6s4 iHOxEa yle__article__link\" href=\"https:\/\/www.aftonbladet.se\/nyheter\/a\/dRgBVO\/medarbetare-vid-hovet-misstanks-for-barnsexbrott\" role=\"link\" rel=\"nofollow noopener\" target=\"_blank\">Aftonbladet.<\/a><\/p>\n<p class=\"aw-1gybjub aw-1p7kakr kEtdKx cEmitX yle__article__paragraph\">Noin 50-vuotiasta miest\u00e4 alettiin ep\u00e4ill\u00e4, kun er\u00e4\u00e4n h\u00e4nen uhrinsa is\u00e4 oli todennut lapsen viestittelev\u00e4n tuntemattoman miehen kanssa Snapchatissa.<\/p>\n<p class=\"aw-1gybjub aw-1p7kakr kEtdKx cEmitX yle__article__paragraph\">Tutkimuksissa on ilmennyt, ett\u00e4 mies on ollut yhteyksiss\u00e4 ainakin kymmeneen 7 \u2013 14-vuotiaaseen tytt\u00f6\u00f6n. H\u00e4nen ep\u00e4ill\u00e4\u00e4n houkutelleen tytt\u00f6j\u00e4 esiintym\u00e4\u00e4n seksuaalisesti. H\u00e4nelt\u00e4 on kotietsinn\u00e4ss\u00e4 l\u00f6ydetty my\u00f6s lapsipornoa ja h\u00e4nen ep\u00e4ill\u00e4\u00e4n valokuvanneen salaa lapsia uima-altaalla.<\/p>\n<p class=\"aw-1gybjub aw-1p7kakr kEtdKx cEmitX yle__article__paragraph\">Mies on viestitellyt ryhm\u00e4ss\u00e4, jossa on jaettu tietoa valokuvattavista lapsista.<\/p>\n<p class=\"aw-1gybjub aw-1p7kakr kEtdKx cEmitX yle__article__paragraph\">Hovissa mies oli ty\u00f6skennellyt l\u00e4hell\u00e4 kuninkaallista perhett\u00e4 ja muun muassa osallistunut hoivin j\u00e4senen kastetilaisuuteen.<\/p>\n<p class=\"aw-1gybjub aw-1p7kakr kEtdKx cEmitX yle__article__paragraph\">Kun ep\u00e4ilykset her\u00e4siv\u00e4t, mies erotettiin heti teht\u00e4v\u00e4st\u00e4\u00e4n.<\/p>\n","protected":false},"excerpt":{"rendered":"Mies erotettiin heti teht\u00e4vist\u00e4\u00e4n, kun ep\u00e4ilykset nousivat. Avaa kuvien katselu Suomen poliisin tietoon on tullut ilmi\u00f6, jossa nuoret&hellip;\n","protected":false},"author":2,"featured_media":88296,"comment_status":"","ping_status":"","sticky":false,"template":"","format":"standard","meta":{"footnotes":""},"categories":[14],"tags":[22,23,26,27,33,31,30,17,4354,24,25,28,29,15,18,21,1263,110,2274,4353,32,19,20,56,16,59,60,61],"class_list":{"0":"post-88295","1":"post","2":"type-post","3":"status-publish","4":"format-standard","5":"has-post-thumbnail","7":"category-ulkomaat","8":"tag-breaking-news","9":"tag-breakingnews","10":"tag-featured-news","11":"tag-featurednews","12":"tag-fi","13":"tag-finland","14":"tag-finnish","15":"tag-headlines","16":"tag-lasten-seksuaalinen-hyvaksikaytto","17":"tag-latest-news","18":"tag-latestnews","19":"tag-main-news","20":"tag-mainnews","21":"tag-news","22":"tag-otsikot","23":"tag-paauutiset","24":"tag-rikosepailyt","25":"tag-ruotsi","26":"tag-ruotsin-kuninkaalliset","27":"tag-seksuaalirikokset","28":"tag-suomi","29":"tag-top-stories","30":"tag-topstories","31":"tag-ulkomaat","32":"tag-uutiset","33":"tag-world","34":"tag-world-news","35":"tag-worldnews"},"share_on_mastodon":{"url":"https:\/\/pubeurope.com\/@fi\/115538001005030298","error":""},"_links":{"self":[{"href":"https:\/\/www.europesays.com\/fi\/wp-json\/wp\/v2\/posts\/88295","targetHints":{"allow":["GET"]}}],"collection":[{"href":"https:\/\/www.europesays.com\/fi\/wp-json\/wp\/v2\/posts"}],"about":[{"href":"https:\/\/www.europesays.com\/fi\/wp-json\/wp\/v2\/types\/post"}],"author":[{"embeddable":true,"href":"https:\/\/www.europesays.com\/fi\/wp-json\/wp\/v2\/users\/2"}],"replies":[{"embeddable":true,"href":"https:\/\/www.europesays.com\/fi\/wp-json\/wp\/v2\/comments?post=88295"}],"version-history":[{"count":0,"href":"https:\/\/www.europesays.com\/fi\/wp-json\/wp\/v2\/posts\/88295\/revisions"}],"wp:featuredmedia":[{"embeddable":true,"href":"https:\/\/www.europesays.com\/fi\/wp-json\/wp\/v2\/media\/88296"}],"wp:attachment":[{"href":"https:\/\/www.europesays.com\/fi\/wp-json\/wp\/v2\/media?parent=88295"}],"wp:term":[{"taxonomy":"category","embeddable":true,"href":"https:\/\/www.europesays.com\/fi\/wp-json\/wp\/v2\/categories?post=88295"},{"taxonomy":"post_tag","embeddable":true,"href":"https:\/\/www.europesays.com\/fi\/wp-json\/wp\/v2\/tags?post=88295"}],"curies":[{"name":"wp","href":"https:\/\/api.w.org\/{rel}","templated":true}]}}