{"id":88297,"date":"2025-11-12T17:52:10","date_gmt":"2025-11-12T17:52:10","guid":{"rendered":"https:\/\/www.europesays.com\/fi\/88297\/"},"modified":"2025-11-12T17:52:10","modified_gmt":"2025-11-12T17:52:10","slug":"kaksi-autoilijaa-tormasi-samaan-hirveen-rantasalmella-etela-savo","status":"publish","type":"post","link":"https:\/\/www.europesays.com\/fi\/88297\/","title":{"rendered":"Kaksi autoilijaa t\u00f6rm\u00e4si samaan hirveen Rantasalmella | Etel\u00e4-Savo"},"content":{"rendered":"<p class=\"aw-1gybjub aw-5vja16 kEtdKx kmuxyA yle__article__paragraph\">Onnettomuus sattui alkuillasta tiell\u00e4 14. Hirvi kuoli, mutta autojen kuljettajat eiv\u00e4t pelastus\u00adlaitoksen tietojen mukaan loukkaantuneet.<\/p>\n<p><img decoding=\"async\" alt=\"Liikennemerkki: Hirvivaara seuraavan 1,5 km matkalla.\" src=\"https:\/\/www.europesays.com\/fi\/wp-content\/uploads\/2025\/10\/39-153696568ea604b0e6c6.jpeg\" class=\"aw-1l9m598 hKVVvP\"\/><\/p>\n<p>Avaa kuvien katselu<\/p>\n<p>Suomessa tapahtui viime vuonna 1 656 hirvikolaria. Kuvituskuva hirvivaroitusmerkist\u00e4. Kuva: Terhi Liimu \/ Yle<\/p>\n<p class=\"aw-1gybjub aw-1p7kakr kEtdKx cEmitX yle__article__paragraph\">Etel\u00e4-Savossa tiell\u00e4 14 tapahtui erikoinen onnettomuus, kun kaksi autoilijaa t\u00f6rm\u00e4si samaan hirveen Juvan ja Savonlinnan v\u00e4lill\u00e4.<\/p>\n<p class=\"aw-1gybjub aw-1p7kakr kEtdKx cEmitX yle__article__paragraph\">Onnettomuus sattui keskiviikkona hieman iltap\u00e4iv\u00e4 viiden j\u00e4lkeen Rantasalmella Parkum\u00e4en ja Kallislahden v\u00e4lill\u00e4.<\/p>\n<p class=\"aw-1gybjub aw-1p7kakr kEtdKx cEmitX yle__article__paragraph\">Etel\u00e4-Savon pelastuslaitoksen p\u00e4ivyst\u00e4v\u00e4 palomestari kertoo, ett\u00e4 etummaisena ajanut auto t\u00f6rm\u00e4si hirveen. T\u00f6rm\u00e4yksen seurauksena hirvi j\u00e4i makaamaan tielle, mink\u00e4 j\u00e4lkeen ensimm\u00e4isen auton takana ajanut auto ajoi my\u00f6s hirven p\u00e4\u00e4lle.<\/p>\n<p class=\"aw-1gybjub aw-1p7kakr kEtdKx cEmitX yle__article__paragraph\">Ensihoito k\u00e4vi tarkistamassa autojen kuljettajat, mutta he eiv\u00e4t pelastuslaitoksen tietojen mukaan loukkaantuneet. Hirvi kuoli t\u00f6rm\u00e4ysten seurauksena.<\/p>\n<p class=\"aw-1gybjub aw-1p7kakr kEtdKx cEmitX yle__article__paragraph\">Tien 14 toinen ajokaista oli hetken aikaa suljettuna tapahtumapaikalla, kun pelastuslaitos ker\u00e4si autojen puskureiden osia tielt\u00e4.<\/p>\n","protected":false},"excerpt":{"rendered":"Onnettomuus sattui alkuillasta tiell\u00e4 14. Hirvi kuoli, mutta autojen kuljettajat eiv\u00e4t pelastus\u00adlaitoksen tietojen mukaan loukkaantuneet. Avaa kuvien katselu&hellip;\n","protected":false},"author":2,"featured_media":62718,"comment_status":"","ping_status":"","sticky":false,"template":"","format":"standard","meta":{"footnotes":""},"categories":[12],"tags":[22,23,184,26,27,33,31,30,17,1694,71,24,25,1161,28,29,15,18,21,2063,32,19,20,16],"class_list":{"0":"post-88297","1":"post","2":"type-post","3":"status-publish","4":"format-standard","5":"has-post-thumbnail","7":"category-suomi","8":"tag-breaking-news","9":"tag-breakingnews","10":"tag-etela-savo","11":"tag-featured-news","12":"tag-featurednews","13":"tag-fi","14":"tag-finland","15":"tag-finnish","16":"tag-headlines","17":"tag-hirvikolarit","18":"tag-kotimaa","19":"tag-latest-news","20":"tag-latestnews","21":"tag-liikenne","22":"tag-main-news","23":"tag-mainnews","24":"tag-news","25":"tag-otsikot","26":"tag-paauutiset","27":"tag-rantasalmi","28":"tag-suomi","29":"tag-top-stories","30":"tag-topstories","31":"tag-uutiset"},"share_on_mastodon":{"url":"https:\/\/pubeurope.com\/@fi\/115538005077555579","error":""},"_links":{"self":[{"href":"https:\/\/www.europesays.com\/fi\/wp-json\/wp\/v2\/posts\/88297","targetHints":{"allow":["GET"]}}],"collection":[{"href":"https:\/\/www.europesays.com\/fi\/wp-json\/wp\/v2\/posts"}],"about":[{"href":"https:\/\/www.europesays.com\/fi\/wp-json\/wp\/v2\/types\/post"}],"author":[{"embeddable":true,"href":"https:\/\/www.europesays.com\/fi\/wp-json\/wp\/v2\/users\/2"}],"replies":[{"embeddable":true,"href":"https:\/\/www.europesays.com\/fi\/wp-json\/wp\/v2\/comments?post=88297"}],"version-history":[{"count":0,"href":"https:\/\/www.europesays.com\/fi\/wp-json\/wp\/v2\/posts\/88297\/revisions"}],"wp:featuredmedia":[{"embeddable":true,"href":"https:\/\/www.europesays.com\/fi\/wp-json\/wp\/v2\/media\/62718"}],"wp:attachment":[{"href":"https:\/\/www.europesays.com\/fi\/wp-json\/wp\/v2\/media?parent=88297"}],"wp:term":[{"taxonomy":"category","embeddable":true,"href":"https:\/\/www.europesays.com\/fi\/wp-json\/wp\/v2\/categories?post=88297"},{"taxonomy":"post_tag","embeddable":true,"href":"https:\/\/www.europesays.com\/fi\/wp-json\/wp\/v2\/tags?post=88297"}],"curies":[{"name":"wp","href":"https:\/\/api.w.org\/{rel}","templated":true}]}}