{"id":88298,"date":"2025-11-12T17:53:07","date_gmt":"2025-11-12T17:53:07","guid":{"rendered":"https:\/\/www.europesays.com\/fi\/88298\/"},"modified":"2025-11-12T17:53:07","modified_gmt":"2025-11-12T17:53:07","slug":"il-finnairia-vastaan-valmistellaan-joukkokannetta-uutisia-lyhyesti","status":"publish","type":"post","link":"https:\/\/www.europesays.com\/fi\/88298\/","title":{"rendered":"IL: Finnairia vastaan valmistellaan joukkokannetta | Uutisia lyhyesti"},"content":{"rendered":"<p class=\"aw-1gybjub aw-5vja16 kEtdKx kmuxyA yle__article__paragraph\">Finnair perui useita lentoja v\u00e4\u00e4rin puhdistettujen istuinten vuoksi. Nyt korvausvaatimuksiin erikoistunut yhti\u00f6 aikoo vied\u00e4 Finnairin oikeuteen, Iltalehti kertoo.<\/p>\n<p class=\"aw-1gybjub aw-1p7kakr kEtdKx cEmitX yle__article__paragraph\">Finnairia vastaan valmistellaan joukkokannetta, <a class=\"aw-iao6s4 iHOxEa yle__article__link\" href=\"https:\/\/www.iltalehti.fi\/ulkomaat\/a\/cc9f8e8a-48d1-4712-bd99-0b9148cc93d0\" role=\"link\" rel=\"nofollow noopener\" target=\"_blank\">kertoo Iltalehti<\/a>. Syyn\u00e4 on matkustajien korvausvaatimukset, jotka liittyv\u00e4t penkkien pesemiseen.<\/p>\n<p class=\"aw-1gybjub aw-1p7kakr kEtdKx cEmitX yle__article__paragraph\">Finnair <a class=\"aw-iao6s4 iHOxEa yle__article__link\" href=\"https:\/\/yle.fi\/a\/74-20188170\" role=\"link\" rel=\"nofollow noopener\" target=\"_blank\">otti lokakuussa osan A321-koneistaan pois k\u00e4yt\u00f6st\u00e4<\/a> maanantaina, koska niiden istuinp\u00e4\u00e4llisi\u00e4 oli puhdistettu virheellisesti vesipesulla. Finnair oli saanut koneiden valmistajalta tiedon, ett\u00e4 puhdistustavan vaikutusta palosuojaukseen ei ollut todennettu asianmukaisesti.<\/p>\n<p class=\"aw-1gybjub aw-1p7kakr kEtdKx cEmitX yle__article__paragraph\">Ongelman takia <a class=\"aw-iao6s4 iHOxEa yle__article__link\" href=\"https:\/\/yle.fi\/a\/74-20188214\" role=\"link\" rel=\"nofollow noopener\" target=\"_blank\">Finnair perui noin 40 lentoa<\/a>. Peruuntumiset vaikuttivat noin 5 000 asiakkaaseen.<\/p>\n<p class=\"aw-1gybjub aw-1p7kakr kEtdKx cEmitX yle__article__paragraph\">Iltalehden mukaan tanskalais-saksalainen yhti\u00f6 Flyhjaelp\/Flighright on ryhtynyt hakemaan matkustajien puolesta korvauksia Finnairilta. Yhti\u00f6 on erikoistunut korvausvaatimuksiin ja toimii Suomessa nimell\u00e4 Lentoapu.<\/p>\n<p class=\"aw-1gybjub aw-1p7kakr kEtdKx cEmitX yle__article__paragraph\">Yhti\u00f6n lakiasiantuntijan <strong class=\"aw-ak79eh KyCXm yle__article__strong\">Benedikte Bolvig Lund<\/strong> kertoo Iltalehdelle, ett\u00e4 yhti\u00f6 on ker\u00e4nnyt jo yli 110 matkustajatapausta pesuvirheen vuoksi. H\u00e4nen mukaansa ensimm\u00e4iset 25 tapausta on jo valmisteltu viet\u00e4v\u00e4ksi k\u00e4r\u00e4jille l\u00e4hikuukausina.<\/p>\n<p class=\"aw-1gybjub aw-1p7kakr kEtdKx cEmitX yle__article__paragraph\">\u2013 Matkustajilla, jotka ovat kokeneet lennon peruutuksia tai yli kolmen tunnin viiv\u00e4styksi\u00e4, on oikeus korvaukseen 250, 400 tai 600 euroa riippuen matkan pituudesta, sanoo Lund.<\/p>\n<p class=\"aw-1gybjub aw-1p7kakr kEtdKx cEmitX yle__article__paragraph\">Lundin mukaan Finnairin p\u00e4\u00e4t\u00f6s kielt\u00e4yty\u00e4 maksamasta ei kest\u00e4 juridista tarkastelua.<\/p>\n","protected":false},"excerpt":{"rendered":"Finnair perui useita lentoja v\u00e4\u00e4rin puhdistettujen istuinten vuoksi. Nyt korvausvaatimuksiin erikoistunut yhti\u00f6 aikoo vied\u00e4 Finnairin oikeuteen, Iltalehti kertoo.&hellip;\n","protected":false},"author":2,"featured_media":74,"comment_status":"","ping_status":"","sticky":false,"template":"","format":"standard","meta":{"footnotes":""},"categories":[5],"tags":[22,23,26,27,33,31,1548,30,17,71,24,25,1224,1161,28,29,15,18,21,17871,32,19,20,16],"class_list":{"0":"post-88298","1":"post","2":"type-post","3":"status-publish","4":"format-standard","5":"has-post-thumbnail","7":"category-otsikot","8":"tag-breaking-news","9":"tag-breakingnews","10":"tag-featured-news","11":"tag-featurednews","12":"tag-fi","13":"tag-finland","14":"tag-finnair","15":"tag-finnish","16":"tag-headlines","17":"tag-kotimaa","18":"tag-latest-news","19":"tag-latestnews","20":"tag-lentoliikenne","21":"tag-liikenne","22":"tag-main-news","23":"tag-mainnews","24":"tag-news","25":"tag-otsikot","26":"tag-paauutiset","27":"tag-ryhmakanteet","28":"tag-suomi","29":"tag-top-stories","30":"tag-topstories","31":"tag-uutiset"},"share_on_mastodon":{"url":"https:\/\/pubeurope.com\/@fi\/115538008688545687","error":""},"_links":{"self":[{"href":"https:\/\/www.europesays.com\/fi\/wp-json\/wp\/v2\/posts\/88298","targetHints":{"allow":["GET"]}}],"collection":[{"href":"https:\/\/www.europesays.com\/fi\/wp-json\/wp\/v2\/posts"}],"about":[{"href":"https:\/\/www.europesays.com\/fi\/wp-json\/wp\/v2\/types\/post"}],"author":[{"embeddable":true,"href":"https:\/\/www.europesays.com\/fi\/wp-json\/wp\/v2\/users\/2"}],"replies":[{"embeddable":true,"href":"https:\/\/www.europesays.com\/fi\/wp-json\/wp\/v2\/comments?post=88298"}],"version-history":[{"count":0,"href":"https:\/\/www.europesays.com\/fi\/wp-json\/wp\/v2\/posts\/88298\/revisions"}],"wp:featuredmedia":[{"embeddable":true,"href":"https:\/\/www.europesays.com\/fi\/wp-json\/wp\/v2\/media\/74"}],"wp:attachment":[{"href":"https:\/\/www.europesays.com\/fi\/wp-json\/wp\/v2\/media?parent=88298"}],"wp:term":[{"taxonomy":"category","embeddable":true,"href":"https:\/\/www.europesays.com\/fi\/wp-json\/wp\/v2\/categories?post=88298"},{"taxonomy":"post_tag","embeddable":true,"href":"https:\/\/www.europesays.com\/fi\/wp-json\/wp\/v2\/tags?post=88298"}],"curies":[{"name":"wp","href":"https:\/\/api.w.org\/{rel}","templated":true}]}}