{"id":88309,"date":"2025-11-12T18:18:09","date_gmt":"2025-11-12T18:18:09","guid":{"rendered":"https:\/\/www.europesays.com\/fi\/88309\/"},"modified":"2025-11-12T18:18:09","modified_gmt":"2025-11-12T18:18:09","slug":"porilainen-ville-juhala-ponkaisi-kesatoista-firman-omistajaksi-ja-satakunnan-miljonaarikerhoon","status":"publish","type":"post","link":"https:\/\/www.europesays.com\/fi\/88309\/","title":{"rendered":"Porilainen Ville Juhala ponkaisi kes\u00e4t\u00f6ist\u00e4 firman omistajaksi ja Satakunnan miljon\u00e4\u00e4rikerhoon"},"content":{"rendered":"<p><img decoding=\"async\" src=\"https:\/\/www.europesays.com\/fi\/wp-content\/uploads\/2025\/11\/1762971489_133_978.jpg\" alt=\"Ville Juhalasta tuli vuonna 2014 Insin\u00f6\u00f6ritoimisto Unto Rantasen ainut omistaja. Kymmenen vuotta my\u00f6hemmin h\u00e4n m\u00f6i yrityksen talotekniikkakonserni QMG:lle.\" class=\"_Img_1rerz_1\" style=\"aspect-ratio:1.5\" loading=\"eager\"\/><\/p>\n<p class=\"article-picture-caption\">Ville Juhalasta tuli vuonna 2014 Insin\u00f6\u00f6ritoimisto Unto Rantasen ainut omistaja. Kymmenen vuotta my\u00f6hemmin h\u00e4n m\u00f6i yrityksen talotekniikkakonserni QMG:lle. Kuva:\u00a0Joonas Salli<\/p>\n<p>Vaikka yrityskauppa poiki Ville Juhalalle miljoonatuoton, koko alan ty\u00f6tilanne on t\u00e4ll\u00e4 hetkell\u00e4 heikko.<\/p>\n<p class=\"article-body mb-nof-24 px-nof-16\">Pori<\/p>\n<p class=\"article-body mb-nof-24 px-nof-16\">Kun porilainen <a class=\"article-personlink\" href=\"https:\/\/www.satakunnankansa.fi\/haku\/?query=Ville%20Juhala\" rel=\"nofollow noopener\" target=\"_blank\">Ville Juhala<\/a> meni vuonna 2007 nuorena ammattikoululaisena kyselem\u00e4\u00e4n kes\u00e4ty\u00f6paikkaa Insin\u00f6\u00f6ritoimisto Unto Rantaselta, h\u00e4nen urapolkunsa otti tuolloin merkitt\u00e4v\u00e4n askeleen.<\/p>\n<p class=\"article-body mb-nof-24 px-nof-16\">\u201dOlin kiitollinen, ett\u00e4 p\u00e4\u00e4sin edes johonkin t\u00f6ihin. Tehtiin sin\u00e4 kes\u00e4n\u00e4 Raumalle uutta Prismaa\u201d, Juhala muistelee ensimm\u00e4ist\u00e4 ty\u00f6maataan yrityksen leiviss\u00e4.<\/p>\n","protected":false},"excerpt":{"rendered":"Ville Juhalasta tuli vuonna 2014 Insin\u00f6\u00f6ritoimisto Unto Rantasen ainut omistaja. Kymmenen vuotta my\u00f6hemmin h\u00e4n m\u00f6i yrityksen talotekniikkakonserni QMG:lle.&hellip;\n","protected":false},"author":2,"featured_media":88310,"comment_status":"","ping_status":"","sticky":false,"template":"","format":"standard","meta":{"footnotes":""},"categories":[12],"tags":[22,23,26,27,33,31,30,17,24,25,28,29,15,18,21,80,32,19,20,16],"class_list":{"0":"post-88309","1":"post","2":"type-post","3":"status-publish","4":"format-standard","5":"has-post-thumbnail","7":"category-suomi","8":"tag-breaking-news","9":"tag-breakingnews","10":"tag-featured-news","11":"tag-featurednews","12":"tag-fi","13":"tag-finland","14":"tag-finnish","15":"tag-headlines","16":"tag-latest-news","17":"tag-latestnews","18":"tag-main-news","19":"tag-mainnews","20":"tag-news","21":"tag-otsikot","22":"tag-paauutiset","23":"tag-satakunnan-kansa","24":"tag-suomi","25":"tag-top-stories","26":"tag-topstories","27":"tag-uutiset"},"share_on_mastodon":{"url":"https:\/\/pubeurope.com\/@fi\/115538107190861970","error":""},"_links":{"self":[{"href":"https:\/\/www.europesays.com\/fi\/wp-json\/wp\/v2\/posts\/88309","targetHints":{"allow":["GET"]}}],"collection":[{"href":"https:\/\/www.europesays.com\/fi\/wp-json\/wp\/v2\/posts"}],"about":[{"href":"https:\/\/www.europesays.com\/fi\/wp-json\/wp\/v2\/types\/post"}],"author":[{"embeddable":true,"href":"https:\/\/www.europesays.com\/fi\/wp-json\/wp\/v2\/users\/2"}],"replies":[{"embeddable":true,"href":"https:\/\/www.europesays.com\/fi\/wp-json\/wp\/v2\/comments?post=88309"}],"version-history":[{"count":0,"href":"https:\/\/www.europesays.com\/fi\/wp-json\/wp\/v2\/posts\/88309\/revisions"}],"wp:featuredmedia":[{"embeddable":true,"href":"https:\/\/www.europesays.com\/fi\/wp-json\/wp\/v2\/media\/88310"}],"wp:attachment":[{"href":"https:\/\/www.europesays.com\/fi\/wp-json\/wp\/v2\/media?parent=88309"}],"wp:term":[{"taxonomy":"category","embeddable":true,"href":"https:\/\/www.europesays.com\/fi\/wp-json\/wp\/v2\/categories?post=88309"},{"taxonomy":"post_tag","embeddable":true,"href":"https:\/\/www.europesays.com\/fi\/wp-json\/wp\/v2\/tags?post=88309"}],"curies":[{"name":"wp","href":"https:\/\/api.w.org\/{rel}","templated":true}]}}