{"id":88315,"date":"2025-11-12T18:29:13","date_gmt":"2025-11-12T18:29:13","guid":{"rendered":"https:\/\/www.europesays.com\/fi\/88315\/"},"modified":"2025-11-12T18:29:13","modified_gmt":"2025-11-12T18:29:13","slug":"tag-heuer-x-senna-uudet-formula-1-kronografit-kunnioittavat-nopeuden-legendaa","status":"publish","type":"post","link":"https:\/\/www.europesays.com\/fi\/88315\/","title":{"rendered":"Tag Heuer x Senna: uudet Formula 1 -kronografit kunnioittavat nopeuden legendaa"},"content":{"rendered":"<p style=\"font-weight: 700;text-transform: uppercase; font-size: 18px;\">TAG Heuer on julkistanut kaksi uutta Ayrton Sennalle omistettua kronografiaa Brasilian Grand Prix&#8217;ss\u00e4 &#8211; Tag Heuer x Senna. 43 mm:n ja 44 mm:n mallit tarjoavat sekoituksen retromuotoilua, moderneja materiaaleja ja kilpa-aksentteja, jotka ilahduttavat kello- ja Formula 1 -harrastajia. Hinnat alkavat 2 650 eurosta, mutta kysymys kuuluu, tekev\u00e4tk\u00f6 ne p\u00e4iv\u00e4st\u00e4si nopeamman &#8211; tai ainakin tyylikk\u00e4\u00e4mm\u00e4n.<\/p>\n<p dir=\"auto\">Kuvittele vuosi 1988: <a href=\"https:\/\/en.wikipedia.org\/wiki\/Ayrton_Senna\" target=\"_blank\" rel=\"noopener nofollow\">Ayrton Senna<\/a>, brasilialainen ajovelho, voittaa Formula 1:n kellon tikitt\u00e4ess\u00e4 h\u00e4nen ranteessaan <a href=\"https:\/\/citymagazine.si\/fi\/tag-heuer-connected-caliber-e5-luxury-beat-time-kello-ranteessasi\/\" target=\"_blank\" rel=\"noopener nofollow\">TAG Heuer<\/a> S\/EL. Siirryt\u00e4\u00e4np\u00e4 vuoteen 2025, jolloin TAG Heuer elvytt\u00e4\u00e4 t\u00e4t\u00e4 kumppanuutta kahdella uudella Formula 1 -kronografilla. Se ei ole vain kello \u2013 se on aikakone, joka vie sinut takaisin kilpa-ajon kulta-aikaan, ripauksella modernilla ironialla: nyky\u00e4\u00e4n voit pit\u00e4\u00e4 Sennaa ranteessasi ajamatta 300 km\/h. Mutta hei, ainakin n\u00e4yt\u00e4t voittajalta. N\u00e4m\u00e4 ovat \u2013 <a href=\"https:\/\/www.tagheuer.com\/us\/en\/collection-formula-1\/formula1-racing-partnerships.html\" target=\"_blank\" rel=\"noopener nofollow\">Tag Heuer x Senna.<\/a><\/p>\n<p><img loading=\"lazy\" decoding=\"async\" data-attachment-id=\"660406\" data-permalink=\"https:\/\/citymagazine.si\/fi\/tag-heuer-x-senna-uudet-formula-1-kronografit-kunnioittavat-nopeuden-legendaa\/tag-heuer-x-senna-2025-02\/\" data-orig-file=\"https:\/\/citymagazine.b-cdn.net\/wp-content\/uploads\/2025\/11\/Tag-Heuer-x-Senna-2025-02-jpg.webp\" data-orig-size=\"1920,1080\" data-comments-opened=\"0\" data-image-meta=\"{&quot;aperture&quot;:&quot;0&quot;,&quot;credit&quot;:&quot;&quot;,&quot;camera&quot;:&quot;&quot;,&quot;caption&quot;:&quot;&quot;,&quot;created_timestamp&quot;:&quot;0&quot;,&quot;copyright&quot;:&quot;&quot;,&quot;focal_length&quot;:&quot;0&quot;,&quot;iso&quot;:&quot;0&quot;,&quot;shutter_speed&quot;:&quot;0&quot;,&quot;title&quot;:&quot;&quot;,&quot;orientation&quot;:&quot;0&quot;}\" data-image-title=\"Tag Heuer x Senna \u2013 2025 \u2013 02\" data-image-description=\"\" data-image-caption=\"&lt;p&gt;Foto: Tag Heuer&lt;\/p&gt;\" data-medium-file=\"https:\/\/citymagazine.b-cdn.net\/wp-content\/uploads\/2025\/11\/Tag-Heuer-x-Senna-2025-02-660x371.webp\" data-large-file=\"https:\/\/citymagazine.b-cdn.net\/wp-content\/uploads\/2025\/11\/Tag-Heuer-x-Senna-2025-02-1000x563.webp\" class=\"size-zeen-770-full wp-image-660406\" src=\"data:image\/svg+xml,%3Csvg%20xmlns=\" http:=\"\" alt=\"\" width=\"770\" height=\"433\" data-lazy- data-lazy- data-lazy-src=\"https:\/\/www.europesays.com\/fi\/wp-content\/uploads\/2025\/11\/Tag-Heuer-x-Senna-2025-02-770x433.webp.webp\"\/>Valokuva: Tag Heuer<br \/>\nTAG Heuerin ja Sennan yhteisty\u00f6n historia<\/p>\n<p dir=\"auto\">TAG Heuer ja Ayrton Senna yhdistiv\u00e4t voimansa ensimm\u00e4isen kerran vuonna 1988, kun brasilialaisesta kilpa-ajajasta tuli merkin l\u00e4hettil\u00e4s. Kolminkertainen maailmanmestari Senna k\u00e4ytti usein S\/EL-mallia, josta tuli ikoninen ergonomisen muotoilunsa ja tarkkuutensa ansiosta. Sennan traagisen kuoleman j\u00e4lkeen vuonna 1994 TAG Heuer jatkoi perinnett\u00e4 erikoisversioilla, jotka kunnioittavat h\u00e4nen perint\u00f6\u00e4\u00e4n. Nyky\u00e4\u00e4n, yli 30 vuotta my\u00f6hemmin, uudet mallit \u2013 Tag Heuer x Senna \u2013 eiv\u00e4t ole vain kunnianosoitus, vaan my\u00f6s muistutus siit\u00e4, miten teknologia ja urheilu kilpailevat edelleen yhdess\u00e4. Kuten Senna sanoisi: &#8221;Jos et voi olla nopea, ole ainakin tarkka.&#8221;<\/p>\n<p><img loading=\"lazy\" decoding=\"async\" data-attachment-id=\"660405\" data-permalink=\"https:\/\/citymagazine.si\/fi\/tag-heuer-x-senna-uudet-formula-1-kronografit-kunnioittavat-nopeuden-legendaa\/tag-heuer-x-senna-2025-03\/\" data-orig-file=\"https:\/\/citymagazine.b-cdn.net\/wp-content\/uploads\/2025\/11\/Tag-Heuer-x-Senna-2025-03-jpg.webp\" data-orig-size=\"1920,1080\" data-comments-opened=\"0\" data-image-meta=\"{&quot;aperture&quot;:&quot;0&quot;,&quot;credit&quot;:&quot;&quot;,&quot;camera&quot;:&quot;&quot;,&quot;caption&quot;:&quot;&quot;,&quot;created_timestamp&quot;:&quot;0&quot;,&quot;copyright&quot;:&quot;&quot;,&quot;focal_length&quot;:&quot;0&quot;,&quot;iso&quot;:&quot;0&quot;,&quot;shutter_speed&quot;:&quot;0&quot;,&quot;title&quot;:&quot;&quot;,&quot;orientation&quot;:&quot;0&quot;}\" data-image-title=\"Tag Heuer x Senna \u2013 2025 \u2013 03\" data-image-description=\"\" data-image-caption=\"&lt;p&gt;Foto: Tag Heuer&lt;\/p&gt;\" data-medium-file=\"https:\/\/citymagazine.b-cdn.net\/wp-content\/uploads\/2025\/11\/Tag-Heuer-x-Senna-2025-03-660x371.webp\" data-large-file=\"https:\/\/citymagazine.b-cdn.net\/wp-content\/uploads\/2025\/11\/Tag-Heuer-x-Senna-2025-03-1000x563.webp\" class=\"size-zeen-770-full wp-image-660405\" src=\"data:image\/svg+xml,%3Csvg%20xmlns=\" http:=\"\" alt=\"\" width=\"770\" height=\"433\" data-lazy- data-lazy- data-lazy-src=\"https:\/\/www.europesays.com\/fi\/wp-content\/uploads\/2025\/11\/Tag-Heuer-x-Senna-2025-03-770x433.webp.webp\"\/>Valokuva: Tag Heuer<br \/>\n<img loading=\"lazy\" decoding=\"async\" data-attachment-id=\"660404\" data-permalink=\"https:\/\/citymagazine.si\/fi\/tag-heuer-x-senna-uudet-formula-1-kronografit-kunnioittavat-nopeuden-legendaa\/tag-heuer-x-senna-2025-04\/\" data-orig-file=\"https:\/\/citymagazine.b-cdn.net\/wp-content\/uploads\/2025\/11\/Tag-Heuer-x-Senna-2025-04-jpg.webp\" data-orig-size=\"1920,1080\" data-comments-opened=\"0\" data-image-meta=\"{&quot;aperture&quot;:&quot;0&quot;,&quot;credit&quot;:&quot;&quot;,&quot;camera&quot;:&quot;&quot;,&quot;caption&quot;:&quot;&quot;,&quot;created_timestamp&quot;:&quot;0&quot;,&quot;copyright&quot;:&quot;&quot;,&quot;focal_length&quot;:&quot;0&quot;,&quot;iso&quot;:&quot;0&quot;,&quot;shutter_speed&quot;:&quot;0&quot;,&quot;title&quot;:&quot;&quot;,&quot;orientation&quot;:&quot;0&quot;}\" data-image-title=\"Tag Heuer x Senna \u2013 2025 \u2013 04\" data-image-description=\"\" data-image-caption=\"&lt;p&gt;Foto: Tag Heuer&lt;\/p&gt;\" data-medium-file=\"https:\/\/citymagazine.b-cdn.net\/wp-content\/uploads\/2025\/11\/Tag-Heuer-x-Senna-2025-04-660x371.webp\" data-large-file=\"https:\/\/citymagazine.b-cdn.net\/wp-content\/uploads\/2025\/11\/Tag-Heuer-x-Senna-2025-04-1000x563.webp\" class=\"size-zeen-770-full wp-image-660404\" src=\"data:image\/svg+xml,%3Csvg%20xmlns=\" http:=\"\" alt=\"\" width=\"770\" height=\"433\" data-lazy- data-lazy- data-lazy-src=\"https:\/\/www.europesays.com\/fi\/wp-content\/uploads\/2025\/11\/Tag-Heuer-x-Senna-2025-04-770x433.webp.webp\"\/>Valokuva: Tag Heuer<br \/>\nMallitiedot: kvartsista automaattiin<\/p>\n<p dir=\"auto\">Ensimm\u00e4inen Tag Heuer x Senna -malli on 43 mm:n kvartsikronografi, jota on valmistettu vain 3 000 kappaleeseen. Ruostumattomasta ter\u00e4ksest\u00e4 valmistettu kuori ja yhteensopiva S-link-ranneke tuovat mieleen alkuper\u00e4isen S\/EL-kellon, kun taas musta nopeusmittarin kehys lis\u00e4\u00e4 kilpa-ajohennetta. Musta kellotaulu keltaisilla yksityiskohdilla ja Brasilian lipun v\u00e4reiss\u00e4 oleva aputaulu kello kuuden kohdalla ovat pieni kunnianosoitus Sennan kyp\u00e4r\u00e4lle. Vesitiiviys 200 metriin asti, p\u00e4iv\u00e4m\u00e4\u00e4r\u00e4n\u00e4ytt\u00f6 ja luurankomaiset osoittimet takaavat, ett\u00e4 kello on paitsi kaunis my\u00f6s k\u00e4yt\u00e4nn\u00f6llinen jokap\u00e4iv\u00e4isess\u00e4 k\u00e4yt\u00f6ss\u00e4.<\/p>\n<p dir=\"auto\">Toinen Tag Heuer x Senna -malli, 44 mm:n malli, on avoin versio automaattisella Calibre 16 -koneistolla. Musta DLC-titaanikuori, taottu hiilikuitukehys ja keltainen kumiranneke antavat sille modernimman ja kevyemm\u00e4n ilmeen. Kellotaulu on samankaltainen, keltaisilla yksityiskohdilla ja lipun v\u00e4reiss\u00e4 olevalla aputaululla, mutta t\u00e4ss\u00e4 on lis\u00e4tty 12 tunnin kronografitoiminto. On kuin TAG Heuer sanoisi: &#8221;Jos haluat Sennan, hieman enemm\u00e4n tehoa konepellin alle.&#8221; Molemmissa malleissa on Sennan kyp\u00e4r\u00e4n kaiverrus sel\u00e4ss\u00e4 ja ne toimitetaan h\u00e4nen v\u00e4reist\u00e4\u00e4n inspiroituneessa erityispakkauksessa.<\/p>\n<p>Tutustu my\u00f6s<\/p>\n<p><a href=\"https:\/\/citymagazine.si\/fi\/paras-halpa-paras-harvinainen-seiko-seiko-valloittaa-purple-thronesin-seiko-speedtimer-sssc955-edo-purplella\/\" class=\"mask-img\" rel=\"nofollow noopener\" target=\"_blank\"><img loading=\"lazy\" decoding=\"async\" width=\"100\" height=\"100\" src=\"data:image\/svg+xml,%3Csvg%20xmlns=\" http:=\"\" class=\"attachment-thumbnail size-thumbnail wp-post-image\" alt=\"Seiko Speedtimer SSC955 Edo Purple\" data-lazy- data-lazy- data-attachment-id=\"644851\" data-permalink=\"https:\/\/citymagazine.si\/fi\/paras-halpa-paras-harvinainen-seiko-seiko-valloittaa-purple-thronesin-seiko-speedtimer-sssc955-edo-purplella\/seiko-speedtimer-ssc955-edo-purple-2025-0\/\" data-orig-file=\"https:\/\/citymagazine.b-cdn.net\/wp-content\/uploads\/2025\/06\/Seiko-Speedtimer-SSC955-Edo-Purple-2025-0-jpg.webp\" data-orig-size=\"2000,1333\" data-comments-opened=\"0\" data-image-meta=\"{&quot;aperture&quot;:&quot;0&quot;,&quot;credit&quot;:&quot;&quot;,&quot;camera&quot;:&quot;&quot;,&quot;caption&quot;:&quot;&quot;,&quot;created_timestamp&quot;:&quot;0&quot;,&quot;copyright&quot;:&quot;&quot;,&quot;focal_length&quot;:&quot;0&quot;,&quot;iso&quot;:&quot;0&quot;,&quot;shutter_speed&quot;:&quot;0&quot;,&quot;title&quot;:&quot;&quot;,&quot;orientation&quot;:&quot;0&quot;}\" data-image-title=\"Seiko \u2013 Speedtimer SSC955 Edo Purple \u2013 2025 \u2013 0\" data-image-description=\"\" data-image-caption=\"&lt;p&gt;Foto: Seiko&lt;\/p&gt;\" data-medium-file=\"https:\/\/citymagazine.b-cdn.net\/wp-content\/uploads\/2025\/06\/Seiko-Speedtimer-SSC955-Edo-Purple-2025-0-660x440.webp\" data-large-file=\"https:\/\/citymagazine.b-cdn.net\/wp-content\/uploads\/2025\/06\/Seiko-Speedtimer-SSC955-Edo-Purple-2025-0-900x600.webp\" data-lazy-src=\"https:\/\/www.europesays.com\/fi\/wp-content\/uploads\/2025\/11\/Seiko-Speedtimer-SSC955-Edo-Purple-2025-0-100x100.webp.webp\" data-no-translation=\"\"\/><\/a><br \/>\n<img loading=\"lazy\" decoding=\"async\" data-attachment-id=\"660403\" data-permalink=\"https:\/\/citymagazine.si\/fi\/tag-heuer-x-senna-uudet-formula-1-kronografit-kunnioittavat-nopeuden-legendaa\/tag-heuer-x-senna-2025-05\/\" data-orig-file=\"https:\/\/citymagazine.b-cdn.net\/wp-content\/uploads\/2025\/11\/Tag-Heuer-x-Senna-2025-05-jpg.webp\" data-orig-size=\"1920,1080\" data-comments-opened=\"0\" data-image-meta=\"{&quot;aperture&quot;:&quot;0&quot;,&quot;credit&quot;:&quot;&quot;,&quot;camera&quot;:&quot;&quot;,&quot;caption&quot;:&quot;&quot;,&quot;created_timestamp&quot;:&quot;0&quot;,&quot;copyright&quot;:&quot;&quot;,&quot;focal_length&quot;:&quot;0&quot;,&quot;iso&quot;:&quot;0&quot;,&quot;shutter_speed&quot;:&quot;0&quot;,&quot;title&quot;:&quot;&quot;,&quot;orientation&quot;:&quot;0&quot;}\" data-image-title=\"Tag Heuer x Senna \u2013 2025 \u2013 05\" data-image-description=\"\" data-image-caption=\"&lt;p&gt;Foto: Tag Heuer&lt;\/p&gt;\" data-medium-file=\"https:\/\/citymagazine.b-cdn.net\/wp-content\/uploads\/2025\/11\/Tag-Heuer-x-Senna-2025-05-660x371.webp\" data-large-file=\"https:\/\/citymagazine.b-cdn.net\/wp-content\/uploads\/2025\/11\/Tag-Heuer-x-Senna-2025-05-1000x563.webp\" class=\"size-zeen-770-full wp-image-660403\" src=\"data:image\/svg+xml,%3Csvg%20xmlns=\" http:=\"\" alt=\"\" width=\"770\" height=\"433\" data-lazy- data-lazy- data-lazy-src=\"https:\/\/www.europesays.com\/fi\/wp-content\/uploads\/2025\/11\/Tag-Heuer-x-Senna-2025-05-770x433.webp.webp\"\/>Valokuva: Tag Heuer<br \/>\nHinnat ja saatavuus: paljonko historian pala maksaa?<\/p>\n<p dir=\"auto\">43 mm:n rajoitetun er\u00e4n malli maksaa 2 650 euroa (2 700 dollaria), kun taas 44 mm:n malli on saatavilla hintaan 5 750 euroa (5 850 dollaria). Molemmat ovat saatavilla TAG Heuerin virallisten verkkosivujen kautta, ja niit\u00e4 on saatavilla ennakkoon vain verkossa 7. marraskuuta asti. Jos olet ker\u00e4ilij\u00e4, kiirehdi rajoitetun er\u00e4n kanssa \u2013 3 000 kappaletta myyd\u00e4\u00e4n loppuun nopeammin kuin Senna m\u00e4r\u00e4ll\u00e4 radalla.<\/p>\n<p><img loading=\"lazy\" decoding=\"async\" data-attachment-id=\"660402\" data-permalink=\"https:\/\/citymagazine.si\/fi\/tag-heuer-x-senna-uudet-formula-1-kronografit-kunnioittavat-nopeuden-legendaa\/tag-heuer-x-senna-2025-06\/\" data-orig-file=\"https:\/\/citymagazine.b-cdn.net\/wp-content\/uploads\/2025\/11\/Tag-Heuer-x-Senna-2025-06-jpg.webp\" data-orig-size=\"1920,1080\" data-comments-opened=\"0\" data-image-meta=\"{&quot;aperture&quot;:&quot;0&quot;,&quot;credit&quot;:&quot;&quot;,&quot;camera&quot;:&quot;&quot;,&quot;caption&quot;:&quot;&quot;,&quot;created_timestamp&quot;:&quot;0&quot;,&quot;copyright&quot;:&quot;&quot;,&quot;focal_length&quot;:&quot;0&quot;,&quot;iso&quot;:&quot;0&quot;,&quot;shutter_speed&quot;:&quot;0&quot;,&quot;title&quot;:&quot;&quot;,&quot;orientation&quot;:&quot;0&quot;}\" data-image-title=\"Tag Heuer x Senna \u2013 2025 \u2013 06\" data-image-description=\"\" data-image-caption=\"&lt;p&gt;Foto: Tag Heuer&lt;\/p&gt;\" data-medium-file=\"https:\/\/citymagazine.b-cdn.net\/wp-content\/uploads\/2025\/11\/Tag-Heuer-x-Senna-2025-06-660x371.webp\" data-large-file=\"https:\/\/citymagazine.b-cdn.net\/wp-content\/uploads\/2025\/11\/Tag-Heuer-x-Senna-2025-06-1000x563.webp\" class=\"size-zeen-770-full wp-image-660402\" src=\"data:image\/svg+xml,%3Csvg%20xmlns=\" http:=\"\" alt=\"\" width=\"770\" height=\"433\" data-lazy- data-lazy- data-lazy-src=\"https:\/\/www.europesays.com\/fi\/wp-content\/uploads\/2025\/11\/Tag-Heuer-x-Senna-2025-06-770x433.webp.webp\"\/>Valokuva: Tag Heuer<br \/>\nMiksi ostaa: Nostalgian ja teknologian yhdistelm\u00e4<\/p>\n<p dir=\"auto\">Maailmassa, jossa \u00e4lykellot laskevat askeleita, n\u00e4m\u00e4 kronografit laskevat sekunteja \u2013 tarkasti, kuten kilparadalla. Ne eiv\u00e4t ole vain kelloja, ne ovat pala kilpa-ajon historiaa k\u00e4\u00e4rittyn\u00e4 moderniin teknologiaan. Jos olet Formula 1 -fani, t\u00e4m\u00e4 on varmasti keskustelunavaaja. Ja ironista t\u00e4ss\u00e4? Vaikka Senna ei tarvinnut kelloa ollakseen nopea, sin\u00e4 saatat tarvita sellaisen tunteaksesi olosi nopeaksi. Joka tapauksessa TAG Heuer todistaa j\u00e4lleen kerran, ett\u00e4 aika on rahaa \u2013 ja tyyli on ajatonta.<\/p>\n","protected":false},"excerpt":{"rendered":"TAG Heuer on julkistanut kaksi uutta Ayrton Sennalle omistettua kronografiaa Brasilian Grand Prix&#8217;ss\u00e4 &#8211; Tag Heuer x Senna.&hellip;\n","protected":false},"author":2,"featured_media":88316,"comment_status":"","ping_status":"","sticky":false,"template":"","format":"standard","meta":{"footnotes":""},"categories":[86],"tags":[420,33,31,30,421,32,91,92],"class_list":{"0":"post-88315","1":"post","2":"type-post","3":"status-publish","4":"format-standard","5":"has-post-thumbnail","7":"category-laitteet","8":"tag-equipment","9":"tag-fi","10":"tag-finland","11":"tag-finnish","12":"tag-laitteet","13":"tag-suomi","14":"tag-technology","15":"tag-teknologia"},"share_on_mastodon":{"url":"https:\/\/pubeurope.com\/@fi\/115538150235716370","error":""},"_links":{"self":[{"href":"https:\/\/www.europesays.com\/fi\/wp-json\/wp\/v2\/posts\/88315","targetHints":{"allow":["GET"]}}],"collection":[{"href":"https:\/\/www.europesays.com\/fi\/wp-json\/wp\/v2\/posts"}],"about":[{"href":"https:\/\/www.europesays.com\/fi\/wp-json\/wp\/v2\/types\/post"}],"author":[{"embeddable":true,"href":"https:\/\/www.europesays.com\/fi\/wp-json\/wp\/v2\/users\/2"}],"replies":[{"embeddable":true,"href":"https:\/\/www.europesays.com\/fi\/wp-json\/wp\/v2\/comments?post=88315"}],"version-history":[{"count":0,"href":"https:\/\/www.europesays.com\/fi\/wp-json\/wp\/v2\/posts\/88315\/revisions"}],"wp:featuredmedia":[{"embeddable":true,"href":"https:\/\/www.europesays.com\/fi\/wp-json\/wp\/v2\/media\/88316"}],"wp:attachment":[{"href":"https:\/\/www.europesays.com\/fi\/wp-json\/wp\/v2\/media?parent=88315"}],"wp:term":[{"taxonomy":"category","embeddable":true,"href":"https:\/\/www.europesays.com\/fi\/wp-json\/wp\/v2\/categories?post=88315"},{"taxonomy":"post_tag","embeddable":true,"href":"https:\/\/www.europesays.com\/fi\/wp-json\/wp\/v2\/tags?post=88315"}],"curies":[{"name":"wp","href":"https:\/\/api.w.org\/{rel}","templated":true}]}}