{"id":88344,"date":"2025-11-12T19:09:08","date_gmt":"2025-11-12T19:09:08","guid":{"rendered":"https:\/\/www.europesays.com\/fi\/88344\/"},"modified":"2025-11-12T19:09:08","modified_gmt":"2025-11-12T19:09:08","slug":"lentotukialuksia-ei-siirrella-noin-vain-mita-varten-maailman-suurin-sotalaiva-on-nyt-karibialla","status":"publish","type":"post","link":"https:\/\/www.europesays.com\/fi\/88344\/","title":{"rendered":"Lentotukialuksia ei siirrell\u00e4 noin vain: Mit\u00e4 varten maailman suurin sotalaiva on nyt Karibialla?"},"content":{"rendered":"<p>Venezuela|Yhdysvaltain uskotaan laajentavan iskujaan Venezuelan maaper\u00e4lle.<\/p>\n<p>Lue tiivistelm\u00e4<\/p>\n<p>Tiivistelm\u00e4 on teko\u00e4lyn tekem\u00e4 ja ihmisen tarkistama.<\/p>\n<p class=\"article-body mb-nof-24 px-nof-16 sndp-summary-bullet-point-font\">Yhdysvaltain lentotukialus USS Gerald R. Ford on saapunut Karibialle huomattavan suuren laivasto-osaston kanssa.<\/p>\n<p class=\"article-body mb-nof-24 px-nof-16 sndp-summary-bullet-point-font\">Virallisesti operaatio liittyy huumesalakuljetuksen torjuntaan, mutta asiantuntijat ep\u00e4ilev\u00e4t sen kohdistuvan Venezuelaan.<\/p>\n<p class=\"article-body mb-nof-24 px-nof-16 sndp-summary-bullet-point-font\">Presidentti Donald Trump haluaa syrj\u00e4ytt\u00e4\u00e4 Venezuelan diktaattorin Nicol\u00e1s Maduron, mutta keinot ovat viel\u00e4 ep\u00e4selv\u00e4t.<\/p>\n<p class=\"article-body mb-nof-24 px-nof-16\">Lentotukialus USS Gerald R. Ford, maailman suurin sotalaiva, on saapunut Karibianmeren seudulle laivasto-osastoineen. Yhdysvaltain merivoimat <a class=\"article-genericlink\" href=\"https:\/\/www.fourthfleet.navy.mil\/Press-Room\/News\/Article\/4329586\/gerald-r-ford-carrier-strike-group-enters-us-fourth-fleet\/\" rel=\"nofollow noopener\" target=\"_blank\">tiedotti<\/a> asiasta tiistaina.<\/p>\n<p class=\"article-body mb-nof-24 px-nof-16\">V\u00e4limerelt\u00e4 saapunut lentotukialus on 337 metri\u00e4 pitk\u00e4. Se pystyy kuljettamaan noin 75:t\u00e4 lentokonetta ja noin 5\u202f000:ta sotilasta.<\/p>\n<p class=\"article-body mb-nof-24 px-nof-16\">Yhdysvalloilla oli Karibianmeren etel\u00e4osassa jo entuudestaan poikkeuksellisen kookas laivue: kahdeksan sotalaivaa, ydinsukellusvene ja noin 6\u202f500 sotilasta. Lis\u00e4ksi Yhdysvaltoihin kuuluvaan Puerto Ricoon on tuotu kymmenen F-35-h\u00e4vitt\u00e4j\u00e4\u00e4.<\/p>\n<p class=\"article-body mb-nof-24 px-nof-16\">Virallisesti lentotukialus liittyy huumesalakuljetuksen vastaiseen operaatioon, jossa Yhdysvallat on iskenyt syksyn aikana tiett\u00e4v\u00e4sti ainakin 19 veneeseen tappaen tiett\u00e4v\u00e4sti ainakin 76 ihmist\u00e4.<\/p>\n<p class=\"article-body mb-nof-24 px-nof-16\">Sotajoukon suuruus on kuitenkin aivan suhteeton pelkki\u00e4 venepommituksia varten, ja Venezuelan diktaattori <a class=\"article-personlink\" href=\"https:\/\/www.hs.fi\/haku\/?query=Nicol%C3%A1s%20Maduro\" rel=\"nofollow noopener\" target=\"_blank\">Nicol\u00e1s Maduro<\/a> pelk\u00e4\u00e4 Yhdysvaltain ryhtyv\u00e4n toimiin h\u00e4nen syrj\u00e4ytt\u00e4misekseen.<\/p>\n<p class=\"article-body mb-nof-24 px-nof-16\">Lentotukialuksia ei ole tapana siirrell\u00e4 pelk\u00e4n pullistelun takia pallonpuoliskolta toiselle, vaan puolustusalan asiantuntijoiden mukaan on syyt\u00e4 olettaa, ett\u00e4 sen resursseja my\u00f6s hy\u00f6dynnet\u00e4\u00e4n.<\/p>\n<p class=\"article-body mb-nof-24 px-nof-16\">\u201dAinoa syy siirt\u00e4\u00e4 se sinne on k\u00e4ytt\u00e4\u00e4 sit\u00e4 Venezuelaa vastaan\u201d, <a class=\"article-genericlink\" href=\"https:\/\/www.washingtonpost.com\/national-security\/2025\/11\/11\/venezuela-aircraft-carrier-gerald-ford\/\" rel=\"nofollow noopener\" target=\"_blank\">arvioi<\/a> esimerkiksi tutkija <a class=\"article-personlink\" href=\"https:\/\/www.hs.fi\/haku\/?query=Mark%20Cancian\" rel=\"nofollow noopener\" target=\"_blank\">Mark Cancian<\/a> CSIS-ajatushautomosta sanomalehti The Washington Postissa keskiviikkona.<\/p>\n<p class=\"article-body mb-nof-24 px-nof-16\">Presidentti <a class=\"article-personlink\" href=\"https:\/\/www.hs.fi\/haku\/?query=Donald%20Trumpin\" rel=\"nofollow noopener\" target=\"_blank\">Donald Trumpin<\/a> hallinto on tehnyt selv\u00e4ksi haluavansa eroon Madurosta, mutta keinoista ei ole kerrottu.<\/p>\n<p class=\"article-body mb-nof-24 px-nof-16\">Maduro takertui valtaan v\u00e4\u00e4rent\u00e4m\u00e4ll\u00e4 viime vuoden presidentinvaalien tuloksen. Yhdysvallat v\u00e4itt\u00e4\u00e4 h\u00e4nen my\u00f6s johtavan huumekartellien toimintaa, ja h\u00e4nt\u00e4 vastaan on jo aiemmin nostettu rikossyytteet huumeiden salakuljetuksen valjastamisesta Yhdysvaltoja vastaan.<\/p>\n<p class=\"article-body mb-nof-24 px-nof-16\">Trump on julkisestikin ennakoinut laajentavansa iskuja Venezuelan maaper\u00e4lle. Sanomalehti Miami Heraldin l\u00e4hteiden <a class=\"article-genericlink\" href=\"https:\/\/www.miamiherald.com\/news\/nation-world\/world\/americas\/venezuela\/article312722642.html\" rel=\"nofollow noopener\" target=\"_blank\">mukaan<\/a> p\u00e4\u00e4t\u00f6s iskuista sotilaskohteisiin Venezuelassa olisi tehty jo lokakuun puolella. Uutiskanava CNN:n l\u00e4hteiden <a class=\"article-genericlink\" href=\"https:\/\/edition.cnn.com\/2025\/10\/24\/politics\/venezuela-cocaine-trafficking-routes-trump\" rel=\"nofollow noopener\" target=\"_blank\">mukaan<\/a> kohteeksi olisi kaavailtu kokaiinintuotantolaitoksia.<\/p>\n<p class=\"article-body mb-nof-24 px-nof-16\">Trump on my\u00f6s antanut julkisesti luvan keskustiedustelupalvelu CIA:n toimille Venezuelan sis\u00e4ll\u00e4.<\/p>\n<p class=\"article-body mb-nof-24 px-nof-16\">Marraskuun alussa CBS Newsin 60 Minutes -ohjelman <a class=\"article-genericlink\" href=\"https:\/\/www.cbsnews.com\/news\/read-full-transcript-norah-odonnell-60-minutes-interview-with-president-trump\/\" rel=\"nofollow noopener\" target=\"_blank\">haastattelussa<\/a> Trump arvioi, ett\u00e4 Yhdysvallat ei ryhdy sotaan Venezuelan kanssa, mutta ennakoi silti Maduron p\u00e4ivien olevan luetut.<\/p>\n<p class=\"article-body mb-nof-24 px-nof-16\">Ainakin toistaiseksi Trump vaikuttaa toivovan, ett\u00e4 paineen lis\u00e4\u00e4minen saisi Venezuelan kenraalikunnan tarttumaan toimeen ja syrj\u00e4ytt\u00e4m\u00e4\u00e4n Maduron.<\/p>\n","protected":false},"excerpt":{"rendered":"Venezuela|Yhdysvaltain uskotaan laajentavan iskujaan Venezuelan maaper\u00e4lle. Lue tiivistelm\u00e4 Tiivistelm\u00e4 on teko\u00e4lyn tekem\u00e4 ja ihmisen tarkistama. Yhdysvaltain lentotukialus USS&hellip;\n","protected":false},"author":2,"featured_media":88345,"comment_status":"","ping_status":"","sticky":false,"template":"","format":"standard","meta":{"footnotes":""},"categories":[14],"tags":[22,23,26,27,33,31,30,17,46,24,25,28,29,15,18,21,32,19,20,56,16,59,60,61],"class_list":{"0":"post-88344","1":"post","2":"type-post","3":"status-publish","4":"format-standard","5":"has-post-thumbnail","7":"category-ulkomaat","8":"tag-breaking-news","9":"tag-breakingnews","10":"tag-featured-news","11":"tag-featurednews","12":"tag-fi","13":"tag-finland","14":"tag-finnish","15":"tag-headlines","16":"tag-helsingin-sanomat","17":"tag-latest-news","18":"tag-latestnews","19":"tag-main-news","20":"tag-mainnews","21":"tag-news","22":"tag-otsikot","23":"tag-paauutiset","24":"tag-suomi","25":"tag-top-stories","26":"tag-topstories","27":"tag-ulkomaat","28":"tag-uutiset","29":"tag-world","30":"tag-world-news","31":"tag-worldnews"},"share_on_mastodon":{"url":"https:\/\/pubeurope.com\/@fi\/115538307472843997","error":""},"_links":{"self":[{"href":"https:\/\/www.europesays.com\/fi\/wp-json\/wp\/v2\/posts\/88344","targetHints":{"allow":["GET"]}}],"collection":[{"href":"https:\/\/www.europesays.com\/fi\/wp-json\/wp\/v2\/posts"}],"about":[{"href":"https:\/\/www.europesays.com\/fi\/wp-json\/wp\/v2\/types\/post"}],"author":[{"embeddable":true,"href":"https:\/\/www.europesays.com\/fi\/wp-json\/wp\/v2\/users\/2"}],"replies":[{"embeddable":true,"href":"https:\/\/www.europesays.com\/fi\/wp-json\/wp\/v2\/comments?post=88344"}],"version-history":[{"count":0,"href":"https:\/\/www.europesays.com\/fi\/wp-json\/wp\/v2\/posts\/88344\/revisions"}],"wp:featuredmedia":[{"embeddable":true,"href":"https:\/\/www.europesays.com\/fi\/wp-json\/wp\/v2\/media\/88345"}],"wp:attachment":[{"href":"https:\/\/www.europesays.com\/fi\/wp-json\/wp\/v2\/media?parent=88344"}],"wp:term":[{"taxonomy":"category","embeddable":true,"href":"https:\/\/www.europesays.com\/fi\/wp-json\/wp\/v2\/categories?post=88344"},{"taxonomy":"post_tag","embeddable":true,"href":"https:\/\/www.europesays.com\/fi\/wp-json\/wp\/v2\/tags?post=88344"}],"curies":[{"name":"wp","href":"https:\/\/api.w.org\/{rel}","templated":true}]}}