{"id":88361,"date":"2025-11-12T19:35:17","date_gmt":"2025-11-12T19:35:17","guid":{"rendered":"https:\/\/www.europesays.com\/fi\/88361\/"},"modified":"2025-11-12T19:35:17","modified_gmt":"2025-11-12T19:35:17","slug":"alexander-stubb-paasee-kokoukseen-jonne-suomen-presidentti-ei-ole-koskaan-ennen-paassyt-tama-on-venajan-osallistumisen-tilanne","status":"publish","type":"post","link":"https:\/\/www.europesays.com\/fi\/88361\/","title":{"rendered":"Alexander Stubb p\u00e4\u00e4see kokoukseen, jonne Suomen presidentti ei ole koskaan ennen p\u00e4\u00e4ssyt \u2013 T\u00e4m\u00e4 on Ven\u00e4j\u00e4n osallistumisen tilanne"},"content":{"rendered":"<p>T\u00e4n\u00e4\u00e4n15:02<\/p>\n<p>P\u00e4ivitettyt\u00e4n\u00e4\u00e4n15:25<\/p>\n<p><img loading=\"lazy\" decoding=\"async\" src=\"https:\/\/images.almatalent.fi\/66x66\/https:\/\/content.kauppalehti.fi\/journalist-imgs\/a3fe6945-a31a-38eb-aee9-a728ca22c9ff\" alt=\"\" width=\"114\" height=\"114\" class=\"tmcl-__sc-150k6kj-0 tmcl-__sc-150k6kj-4 kkibLS\"\/><\/p>\n<p class=\"tmcl-__sc-yr5q5a-0 tmcl-__sc-yr5q5a-1 kvhgnD\">Tasavallan presidentti <strong class=\"sc-447ead16-0 DZxeH\">Alexander Stubb<\/strong> osallistuu G20-maiden huippukokoukseen Johannesburgissa, Etel\u00e4-Afrikassa 22.\u201323. marraskuuta 2025, tiedottaa tasavallan presidentin kanslia.<\/p>\n<p class=\"tmcl-__sc-yr5q5a-0 tmcl-__sc-yr5q5a-1 kvhgnD\">Tasavallan presidentin delegaatioon kuuluu elinkeinoministeri <strong class=\"sc-447ead16-0 DZxeH\">Sakari Puisto<\/strong> (ps).<\/p>\n<p><a target=\"_blank\" href=\"https:\/\/uutiskirje.uusisuomi.fi\/\" class=\"tmcl-__sc-1666wpr-2 tmcl-__sc-1666wpr-5 bTQmmU sc-30f523f3-3 sc-30f523f3-4 ilbPLE\" rel=\"nofollow noopener\">P\u00e4iv\u00e4n politiikan aiheet k\u00e4tev\u00e4ss\u00e4 paketissa &#8211; Tilaa Uuden Suomen maksuton uutiskirje\ufeff<\/a><\/p>\n<p class=\"tmcl-__sc-yr5q5a-0 tmcl-__sc-yr5q5a-1 kvhgnD\">Presidentin kanslian mukaan kyseess\u00e4 on ensimm\u00e4inen kerta, kun Suomen tasavallan presidentti osallistuu G20-maiden huippukokoukseen. <\/p>\n<p class=\"tmcl-__sc-yr5q5a-0 tmcl-__sc-yr5q5a-1 kvhgnD\">Stubbin kutsui kokoukseen Etel\u00e4-Afrikan presidentti <strong class=\"sc-447ead16-0 DZxeH\">Cyril Ramaphosa<\/strong>.<\/p>\n<p><img loading=\"lazy\" decoding=\"async\" height=\"380\" width=\"570\" src=\"https:\/\/images.almatalent.fi\/cx0,cy0,cw3000,ch2000,570x\/https:\/\/assets.almatalent.fi\/image\/c0863ab0-e2b6-59d0-8358-0b26722cf340\"   alt=\"G20-ryhm\u00e4n kiert\u00e4v\u00e4 puheenjohtajamaa on Etel\u00e4-Afrikka. Kuvassa maan presidentti Cyril Ramaphosa.\" class=\"sc-9ed45ca8-2 haHcPj\"\/><\/p>\n<p class=\"tmcl-__sc-pky86z-1 tmcl-__sc-pky86z-5 iwcFWm\">Etel\u00e4-Afrikka.<\/p>\n<p class=\"tmcl-__sc-pky86z-2 tmcl-__sc-pky86z-6 jiswiB\"> G20-ryhm\u00e4n kiert\u00e4v\u00e4 puheenjohtajamaa on Etel\u00e4-Afrikka. Kuvassa maan presidentti Cyril Ramaphosa. <\/p>\n<p class=\"tmcl-__sc-pky86z-3 tmcl-__sc-pky86z-7 iSWSpo\">KUVA: Wang Lei<\/p>\n<p class=\"tmcl-__sc-yr5q5a-0 tmcl-__sc-yr5q5a-1 kvhgnD\">Etel\u00e4-Afrikka toimii t\u00e4n\u00e4 vuonna G20-ryhm\u00e4n kiert\u00e4v\u00e4n\u00e4 puheenjohtajamaana.<\/p>\n<p class=\"tmcl-__sc-yr5q5a-0 tmcl-__sc-yr5q5a-1 kvhgnD\">Agendalla ovat muun muassa kansainv\u00e4lisen talous- ja kauppaj\u00e4rjestelm\u00e4n toimivuus, ilmastonmuutos ja siihen l\u00e4heisesti liittyv\u00e4 ruokaturva sek\u00e4 vihre\u00e4 energiasiirtym\u00e4, teknologiset haasteet ja kriittiset mineraalit. Presidentti Stubb pit\u00e4\u00e4 puheenvuoron kahdessa eri istunnossa.<\/p>\n<p class=\"tmcl-__sc-yr5q5a-0 tmcl-__sc-yr5q5a-1 kvhgnD\">Stubb tapaa matkan aikana my\u00f6s kahdenv\u00e4lisesti ja muuten useita G20-maiden johtajia.<\/p>\n<p class=\"tmcl-__sc-yr5q5a-0 tmcl-__sc-yr5q5a-1 kvhgnD\">G20-ryhm\u00e4\u00e4n kuuluu 19 valtiota sek\u00e4 edustukset Afrikan ja Euroopan unioneista. J\u00e4senmaat ovat Argentiina, Australia, Brasilia, Etel\u00e4-Afrikka, Indonesia, Intia, Italia, Japani, Kanada, Kiina, Korean tasavalta, Meksiko, Ranska, Saksa, Saudi-Arabia, Turkki, Ven\u00e4j\u00e4, Yhdistynyt kuningaskunta ja Yhdysvallat. <\/p>\n<p class=\"tmcl-__sc-yr5q5a-0 tmcl-__sc-yr5q5a-1 kvhgnD\">Huippukokouksiin kutsutaan lis\u00e4ksi ryhm\u00e4n ulkopuolisia maita, kansainv\u00e4lisi\u00e4 j\u00e4rjest\u00f6j\u00e4 ja Afrikan alueellisten talousyhteis\u00f6jen p\u00e4\u00e4tt\u00e4ji\u00e4.<\/p>\n<p>Osallistuuko Ven\u00e4j\u00e4? \u2013 Huhumylly Sergei Lavrovista<\/p>\n<p class=\"tmcl-__sc-yr5q5a-0 tmcl-__sc-yr5q5a-1 kvhgnD\">Ven\u00e4j\u00e4 on siis G20-ryhm\u00e4n j\u00e4sen. Sen osallistuminen huippukokouksiin on vaihdellut vuosien mittaan.<\/p>\n<p class=\"tmcl-__sc-yr5q5a-0 tmcl-__sc-yr5q5a-1 kvhgnD\">Hiljattain kerrottiin, ett\u00e4 Ven\u00e4j\u00e4 aikoo t\u00e4n\u00e4 vuonna osallistua G20-huippukokoukseen. Itse presidentti <strong class=\"sc-447ead16-0 DZxeH\">Vladimir Putin<\/strong> ei kuitenkaan ole tulossa paikalle. Putinista on voimassa kansainv\u00e4linen pid\u00e4tysm\u00e4\u00e4r\u00e4ys, jonka syyn\u00e4 on Ven\u00e4j\u00e4n hy\u00f6kk\u00e4yssota Ukrainassa.<\/p>\n<p class=\"tmcl-__sc-yr5q5a-0 tmcl-__sc-yr5q5a-1 kvhgnD\">Putinin sijaan Ven\u00e4j\u00e4n G20-delegaatiota <a target=\"_blank\" href=\"https:\/\/www.aa.com.tr\/en\/asia-pacific\/putin-signs-order-assigning-deputy-chief-of-staff-to-lead-russia-s-delegation-at-g20-summit\/3735088\" rel=\"noopener nofollow\" class=\"tmcl-__sc-1666wpr-2 tmcl-__sc-1666wpr-5 bTQmmU sc-30f523f3-2 eYrjYX sc-30f523f3-5\">vet\u00e4\u00e4 \ufeff<\/a>\u00a0Putinin m\u00e4\u00e4r\u00e4yksell\u00e4 presidentin kanslian apulaisp\u00e4\u00e4llikk\u00f6 <strong class=\"sc-447ead16-0 DZxeH\">Maksim Ore\u0161kin<\/strong>.<\/p>\n<p class=\"tmcl-__sc-yr5q5a-0 tmcl-__sc-yr5q5a-1 kvhgnD\">Maailmalla on huhuttu, ett\u00e4 Ven\u00e4j\u00e4n ulkoministeri <strong class=\"sc-447ead16-0 DZxeH\">Sergei Lavrov<\/strong> olisi joutunut ep\u00e4suosioon ja pantu merkille, ettei Lavrov ved\u00e4 G20-delegaatiota. Huhujen mukaan Lavrovin ja Putinin v\u00e4lit olisivat huonontuneet siksi, ett\u00e4 Yhdysvallat peruutti Budapestiin suunnitellun Yhdysvaltojen ja Ven\u00e4j\u00e4n v\u00e4lisen tapaamisen.<\/p>\n<p class=\"tmcl-__sc-yr5q5a-0 tmcl-__sc-yr5q5a-1 kvhgnD\">Kreml <a target=\"_blank\" href=\"https:\/\/www.politico.eu\/article\/kremlin-denies-rumors-sergey-lavrovs-ousted\/\" rel=\"noopener nofollow\" class=\"tmcl-__sc-1666wpr-2 tmcl-__sc-1666wpr-5 bTQmmU sc-30f523f3-2 eYrjYX sc-30f523f3-5\">on kiist\u00e4nyt\ufeff<\/a> huhut Lavrovin ep\u00e4suosiosta.<\/p>\n<p class=\"tmcl-__sc-yr5q5a-0 tmcl-__sc-yr5q5a-1 kvhgnD subheading\"><strong class=\"sc-447ead16-0 DZxeH\">LUE MY\u00d6S:<\/strong><\/p>\n<p><a target=\"_self\" href=\"https:\/\/www.uusisuomi.fi\/uutiset\/a\/8a94e077-04c6-4580-9fdb-14329d511539\" rel=\"noopener nofollow\" class=\"tmcl-__sc-1666wpr-2 tmcl-__sc-1666wpr-5 eyecls sc-30f523f3-0 sc-30f523f3-1 iFBEVv llbGhp\">USA:n ja Suomen suuri diili on vasta alkusoittoa \u2013 K\u00e4ynniss\u00e4 on j\u00e4ttioperaatio Kiinaa ja Ven\u00e4j\u00e4\u00e4 vastaan<\/a><a target=\"_self\" href=\"https:\/\/www.uusisuomi.fi\/uutiset\/a\/25a61e50-487a-4353-b81e-6b1aa77bb95d\" rel=\"noopener nofollow\" class=\"tmcl-__sc-1666wpr-2 tmcl-__sc-1666wpr-5 eyecls sc-30f523f3-0 sc-30f523f3-1 iFBEVv llbGhp\">Vladimir Putinia odottaa v\u00e4\u00e4j\u00e4\u00e4m\u00e4t\u00f6n kohtalo, sanoo Ven\u00e4j\u00e4n valehtelun l\u00e4helt\u00e4 n\u00e4hnyt diplomaatti<\/a><a target=\"_self\" href=\"https:\/\/www.uusisuomi.fi\/uutiset\/a\/37b61e0c-d83f-4bc8-b8f0-9ada8d03725b\" rel=\"noopener nofollow\" class=\"tmcl-__sc-1666wpr-2 tmcl-__sc-1666wpr-5 eyecls sc-30f523f3-0 sc-30f523f3-1 iFBEVv llbGhp\">Ursula von der Leyen on taas pahoissa vaikeuksissa \u2013 Taustalla h\u00e4\u00e4r\u00e4\u00e4v\u00e4t kokoomuksen meppiryhm\u00e4, Viktor Orb\u00e1n ja Giorgia Meloni<\/a><a target=\"_self\" href=\"https:\/\/www.uusisuomi.fi\/uutiset\/a\/c7a45299-c3b1-4fe5-a450-d06f8df77310\" rel=\"noopener nofollow\" class=\"tmcl-__sc-1666wpr-2 tmcl-__sc-1666wpr-5 eyecls sc-30f523f3-0 sc-30f523f3-1 iFBEVv llbGhp\">Viktor Orb\u00e1nin hanke etenee \u2013 Uusi liittolainen on pian mukana p\u00e4\u00e4tt\u00e4v\u00e4ss\u00e4 p\u00f6yd\u00e4ss\u00e4 ja antoi heti useita myrskyvaroituksia<\/a><\/p>\n<p class=\"tmcl-__sc-yr5q5a-0 tmcl-__sc-yr5q5a-1 kvhgnD\">P\u00e4ivitetty 12.11. kello 15:18: Lis\u00e4tty tietoa Ven\u00e4j\u00e4n osallistumisesta kokoukseen.<\/p>\n","protected":false},"excerpt":{"rendered":"T\u00e4n\u00e4\u00e4n15:02 P\u00e4ivitettyt\u00e4n\u00e4\u00e4n15:25 Tasavallan presidentti Alexander Stubb osallistuu G20-maiden huippukokoukseen Johannesburgissa, Etel\u00e4-Afrikassa 22.\u201323. marraskuuta 2025, tiedottaa tasavallan presidentin kanslia.&hellip;\n","protected":false},"author":2,"featured_media":88362,"comment_status":"","ping_status":"","sticky":false,"template":"","format":"standard","meta":{"footnotes":""},"categories":[14],"tags":[22,23,26,27,33,31,30,17,24,25,28,29,15,18,21,32,19,20,56,16,59,60,61],"class_list":{"0":"post-88361","1":"post","2":"type-post","3":"status-publish","4":"format-standard","5":"has-post-thumbnail","7":"category-ulkomaat","8":"tag-breaking-news","9":"tag-breakingnews","10":"tag-featured-news","11":"tag-featurednews","12":"tag-fi","13":"tag-finland","14":"tag-finnish","15":"tag-headlines","16":"tag-latest-news","17":"tag-latestnews","18":"tag-main-news","19":"tag-mainnews","20":"tag-news","21":"tag-otsikot","22":"tag-paauutiset","23":"tag-suomi","24":"tag-top-stories","25":"tag-topstories","26":"tag-ulkomaat","27":"tag-uutiset","28":"tag-world","29":"tag-world-news","30":"tag-worldnews"},"share_on_mastodon":{"url":"https:\/\/pubeurope.com\/@fi\/115538409973634064","error":""},"_links":{"self":[{"href":"https:\/\/www.europesays.com\/fi\/wp-json\/wp\/v2\/posts\/88361","targetHints":{"allow":["GET"]}}],"collection":[{"href":"https:\/\/www.europesays.com\/fi\/wp-json\/wp\/v2\/posts"}],"about":[{"href":"https:\/\/www.europesays.com\/fi\/wp-json\/wp\/v2\/types\/post"}],"author":[{"embeddable":true,"href":"https:\/\/www.europesays.com\/fi\/wp-json\/wp\/v2\/users\/2"}],"replies":[{"embeddable":true,"href":"https:\/\/www.europesays.com\/fi\/wp-json\/wp\/v2\/comments?post=88361"}],"version-history":[{"count":0,"href":"https:\/\/www.europesays.com\/fi\/wp-json\/wp\/v2\/posts\/88361\/revisions"}],"wp:featuredmedia":[{"embeddable":true,"href":"https:\/\/www.europesays.com\/fi\/wp-json\/wp\/v2\/media\/88362"}],"wp:attachment":[{"href":"https:\/\/www.europesays.com\/fi\/wp-json\/wp\/v2\/media?parent=88361"}],"wp:term":[{"taxonomy":"category","embeddable":true,"href":"https:\/\/www.europesays.com\/fi\/wp-json\/wp\/v2\/categories?post=88361"},{"taxonomy":"post_tag","embeddable":true,"href":"https:\/\/www.europesays.com\/fi\/wp-json\/wp\/v2\/tags?post=88361"}],"curies":[{"name":"wp","href":"https:\/\/api.w.org\/{rel}","templated":true}]}}