{"id":88363,"date":"2025-11-12T19:36:17","date_gmt":"2025-11-12T19:36:17","guid":{"rendered":"https:\/\/www.europesays.com\/fi\/88363\/"},"modified":"2025-11-12T19:36:17","modified_gmt":"2025-11-12T19:36:17","slug":"bussi-tormasi-jalankulkinaan-suojatiella-mtv-uutiset","status":"publish","type":"post","link":"https:\/\/www.europesays.com\/fi\/88363\/","title":{"rendered":"Bussi t\u00f6rm\u00e4si jalankulkinaan suojatiell\u00e4 | MTV Uutiset"},"content":{"rendered":"<p><strong class=\"typography-bold\">Ihminen j\u00e4i bussin alle Vantaan Myyrm\u00e4ess\u00e4 keskiviikkona alkuillasta.<\/strong><\/p>\n<p>Bussi t\u00f6rm\u00e4si jalankulkijaan suojatiell\u00e4 Vantaan Myyrm\u00e4ess\u00e4 keskiviikkona, kertoo It\u00e4-Uudenmaan poliisi.<\/p>\n<p>Onnettomuus sattui keskiviikkona alkuillasta. T\u00f6rm\u00e4yksess\u00e4 loukkaantunut mies vietiin sairaalaan.<\/p>\n<p>Bussin kuljettajaa ep\u00e4ill\u00e4\u00e4n alustavasti t\u00f6rke\u00e4st\u00e4 liikenneturvallisuuden vaarantamisesta ja vammantuottamuksesta.<\/p>\n","protected":false},"excerpt":{"rendered":"Ihminen j\u00e4i bussin alle Vantaan Myyrm\u00e4ess\u00e4 keskiviikkona alkuillasta. Bussi t\u00f6rm\u00e4si jalankulkijaan suojatiell\u00e4 Vantaan Myyrm\u00e4ess\u00e4 keskiviikkona, kertoo It\u00e4-Uudenmaan poliisi.&hellip;\n","protected":false},"author":2,"featured_media":76213,"comment_status":"","ping_status":"","sticky":false,"template":"","format":"standard","meta":{"footnotes":""},"categories":[12],"tags":[22,23,26,27,33,31,30,17,24,25,28,29,15,18,21,32,19,20,16],"class_list":{"0":"post-88363","1":"post","2":"type-post","3":"status-publish","4":"format-standard","5":"has-post-thumbnail","7":"category-suomi","8":"tag-breaking-news","9":"tag-breakingnews","10":"tag-featured-news","11":"tag-featurednews","12":"tag-fi","13":"tag-finland","14":"tag-finnish","15":"tag-headlines","16":"tag-latest-news","17":"tag-latestnews","18":"tag-main-news","19":"tag-mainnews","20":"tag-news","21":"tag-otsikot","22":"tag-paauutiset","23":"tag-suomi","24":"tag-top-stories","25":"tag-topstories","26":"tag-uutiset"},"share_on_mastodon":{"url":"https:\/\/pubeurope.com\/@fi\/115538413805114312","error":""},"_links":{"self":[{"href":"https:\/\/www.europesays.com\/fi\/wp-json\/wp\/v2\/posts\/88363","targetHints":{"allow":["GET"]}}],"collection":[{"href":"https:\/\/www.europesays.com\/fi\/wp-json\/wp\/v2\/posts"}],"about":[{"href":"https:\/\/www.europesays.com\/fi\/wp-json\/wp\/v2\/types\/post"}],"author":[{"embeddable":true,"href":"https:\/\/www.europesays.com\/fi\/wp-json\/wp\/v2\/users\/2"}],"replies":[{"embeddable":true,"href":"https:\/\/www.europesays.com\/fi\/wp-json\/wp\/v2\/comments?post=88363"}],"version-history":[{"count":0,"href":"https:\/\/www.europesays.com\/fi\/wp-json\/wp\/v2\/posts\/88363\/revisions"}],"wp:featuredmedia":[{"embeddable":true,"href":"https:\/\/www.europesays.com\/fi\/wp-json\/wp\/v2\/media\/76213"}],"wp:attachment":[{"href":"https:\/\/www.europesays.com\/fi\/wp-json\/wp\/v2\/media?parent=88363"}],"wp:term":[{"taxonomy":"category","embeddable":true,"href":"https:\/\/www.europesays.com\/fi\/wp-json\/wp\/v2\/categories?post=88363"},{"taxonomy":"post_tag","embeddable":true,"href":"https:\/\/www.europesays.com\/fi\/wp-json\/wp\/v2\/tags?post=88363"}],"curies":[{"name":"wp","href":"https:\/\/api.w.org\/{rel}","templated":true}]}}