{"id":88364,"date":"2025-11-12T19:37:15","date_gmt":"2025-11-12T19:37:15","guid":{"rendered":"https:\/\/www.europesays.com\/fi\/88364\/"},"modified":"2025-11-12T19:37:15","modified_gmt":"2025-11-12T19:37:15","slug":"kelan-hallitus-piti-kriisikokouksen-lehtonen-pyytaa-anteeksi-sanojaan-uutisia-lyhyesti","status":"publish","type":"post","link":"https:\/\/www.europesays.com\/fi\/88364\/","title":{"rendered":"Kelan hallitus piti kriisikokouksen \u2013 Lehtonen pyyt\u00e4\u00e4 anteeksi sanojaan | Uutisia lyhyesti"},"content":{"rendered":"<p>Juttu tiivistettyn\u00e4<\/p>\n<ul class=\"aw-1jjocuh iJTSwP yle__article__list yle__article__list--ul\">\n<li class=\"aw-1j7gwms gNYKfi\">Kelan hallitus j\u00e4rjesti kriisikokouksen henkil\u00f6st\u00f6n ja Lehtosen kiristyneiden v\u00e4lien takia.<\/li>\n<li class=\"aw-1j7gwms gNYKfi\">P\u00e4\u00e4johtaja Lasse Lehtonen pyysi anteeksi kommenttejaan, jotka loukkasivat henkil\u00f6kuntaa.<\/li>\n<li class=\"aw-1j7gwms gNYKfi\">Kelan hallitus tukee uutta et\u00e4ty\u00f6linjausta, vaikka se on aiheuttanut tyytym\u00e4tt\u00f6myytt\u00e4 henkil\u00f6st\u00f6ss\u00e4.<\/li>\n<li class=\"aw-1j7gwms gNYKfi\">Kelan hallituksen puheenjohtajan Vertti Kiukaksen organisaatiossa aiotaan parantaa keskustelua johdon ja henkil\u00f6st\u00f6n v\u00e4lill\u00e4.<\/li>\n<\/ul>\n<p class=\"aw-1gybjub aw-1p7kakr kEtdKx cEmitX yle__article__paragraph\">T\u00e4m\u00e4 on teko\u00e4lyn avulla tuotettu, toimittajan tarkistama tiivistelm\u00e4.<\/p>\n<p class=\"aw-1gybjub aw-1p7kakr kEtdKx cEmitX yle__article__paragraph\">Kelan hallitus on pit\u00e4nyt keskiviikkona kriisikokouksen, jossa k\u00e4siteltiin Kelan p\u00e4\u00e4johtajan <strong class=\"aw-ak79eh KyCXm yle__article__strong\">Lasse Lehtosen<\/strong> ja Kelan henkil\u00f6st\u00f6n kiristyneit\u00e4 v\u00e4lej\u00e4.<\/p>\n<p class=\"aw-1gybjub aw-1p7kakr kEtdKx cEmitX yle__article__paragraph\">Lehtonen on lausunut <a class=\"aw-iao6s4 iHOxEa yle__article__link\" href=\"https:\/\/www.hs.fi\/suomi\/art-2000011592515.html\" role=\"link\" rel=\"nofollow noopener\" target=\"_blank\">Helsingin Sanomien haastattelussa<\/a> asioita, jotka on koettu Kelan henkil\u00f6st\u00f6n keskuudessa v\u00e4h\u00e4tteleviksi ja loukkaaviksi.<\/p>\n<p class=\"aw-1gybjub aw-1p7kakr kEtdKx cEmitX yle__article__paragraph\">Lehtonen sanoi HS:lle, ettei Kelalla ole nykyisess\u00e4 ty\u00f6voima- ja taloustilanteessa \u201derityist\u00e4 tarvetta tarvetta pit\u00e4\u00e4 ihan viimeisen p\u00e4\u00e4lle kiinni\u201d henkil\u00f6kunnastaan.<\/p>\n<p class=\"aw-1gybjub aw-1p7kakr kEtdKx cEmitX yle__article__paragraph\">Kelan hallituksen puheenjohtaja <strong class=\"aw-ak79eh KyCXm yle__article__strong\">Vertti Kiukas<\/strong> kertoo Ylelle, ett\u00e4 Lehtonen on pyyt\u00e4nyt kriisikokouksessa anteeksi sanavalintojaan.<\/p>\n<p class=\"aw-1gybjub aw-1p7kakr kEtdKx cEmitX yle__article__paragraph\">\u2013 P\u00e4\u00e4johtaja on tullut samalle kannalle kuin hallitus, ett\u00e4 h\u00e4nen sananvalintansa olivat hyvin ep\u00e4onnistuneita, ja h\u00e4n niit\u00e4 pyyt\u00e4\u00e4 anteeksi, Kiukas sanoo.<\/p>\n<p class=\"aw-1gybjub aw-1p7kakr kEtdKx cEmitX yle__article__paragraph\">Kiukaksen mukaan vajaa pari tuntia kest\u00e4nyt kriisikokous oli s\u00e4vylt\u00e4\u00e4n vakava. Kelan hallitus katsoi, ettei p\u00e4\u00e4johtajan kommentointityyli ole ollut asiallista.<\/p>\n<p class=\"aw-1gybjub aw-1p7kakr kEtdKx cEmitX yle__article__paragraph\">\u2013 Uskon vahvasti, ettei sellaista en\u00e4\u00e4 n\u00e4hd\u00e4.<\/p>\n<p class=\"aw-1gybjub aw-1p7kakr kEtdKx cEmitX yle__article__paragraph\">My\u00f6s Lehtonen my\u00f6nt\u00e4\u00e4 Kelan tiedotteessa, etteiv\u00e4t h\u00e4nen sanavalintansa ole olleet onnistuneita.<\/p>\n<p class=\"aw-1gybjub aw-1p7kakr kEtdKx cEmitX yle__article__paragraph\">\u2013 Kommenttini eiv\u00e4t ole osoittaneet sit\u00e4 arvostusta, jonka Kelassa ty\u00f6skentelev\u00e4t ammattilaisemme ansaitsevat, ja sit\u00e4 pyyd\u00e4n anteeksi. T\u00e4ss\u00e4 minulla on pohdinnan paikka, Lehtonen sanoo.<\/p>\n<p class=\"aw-1gybjub aw-1p7kakr kEtdKx cEmitX yle__article__paragraph\">P\u00e4\u00e4johtaja Lehtosen mukaan asian k\u00e4sittely\u00e4 jatketaan kelalaisten kanssa.<\/p>\n<p>Lehtosella hallituksen t\u00e4ysi luottamus<\/p>\n<p class=\"aw-1gybjub aw-1p7kakr kEtdKx cEmitX yle__article__paragraph\">Kun Kiukakselta kysyt\u00e4\u00e4n, onko Lehtosella yh\u00e4 hallituksen luottamus, h\u00e4n vastaa ykskantaan:<\/p>\n<p class=\"aw-1gybjub aw-1p7kakr kEtdKx cEmitX yle__article__paragraph\">\u2013 Kyll\u00e4 on, ei t\u00e4ss\u00e4 ole siit\u00e4 kysymys. Mutta hallitus tietysti edellytt\u00e4\u00e4, ett\u00e4 tieto kulkee ja keskusteluyhteys on kunnossa, Kiukas sanoo.<\/p>\n<p class=\"aw-1gybjub aw-1p7kakr kEtdKx cEmitX yle__article__paragraph\">\u2013 T\u00e4ss\u00e4 on my\u00f6s hyvin olennaista se, ett\u00e4 p\u00e4\u00e4johtaja itse hahmottaa sen, ett\u00e4 nyt on tullut lausuttua sellaista, mit\u00e4 ei olisi ollut tarkoituksenmukaista lausua, h\u00e4n lis\u00e4\u00e4.<\/p>\n<p class=\"aw-1gybjub aw-1p7kakr kEtdKx cEmitX yle__article__paragraph\">My\u00f6s Kelan henkil\u00f6kunnan edustajaa kuultiin kokouksessa. Kiukas sanoo, ett\u00e4 henkil\u00f6kunta on ymm\u00e4rrett\u00e4v\u00e4sti saanut Lehtosen puheista k\u00e4sityksen, ettei p\u00e4\u00e4johtaja arvosta henkil\u00f6kuntaa tai t\u00e4m\u00e4 v\u00e4heksyy heid\u00e4n ty\u00f6t\u00e4\u00e4n.<\/p>\n<p class=\"aw-1gybjub aw-1p7kakr kEtdKx cEmitX yle__article__paragraph\">\u2013 Se on tietysti t\u00e4ysin v\u00e4\u00e4r\u00e4 viesti. Kela on vahva asiantuntijaorganisaatio ja sellaisena s\u00e4ilyy. Ei ole varaa siihen, ett\u00e4 syntyy kuva, ettei arvostusta olisi, Kiukas sanoo.<\/p>\n<p>Henkil\u00f6st\u00f6barometria ei k\u00e4sitelty<\/p>\n<p class=\"aw-1gybjub aw-1p7kakr kEtdKx cEmitX yle__article__paragraph\">Kiukas kertoo, ettei hallitus ollut kriisikokouksessa varsinaisesti tekem\u00e4ss\u00e4 p\u00e4\u00e4t\u00f6ksi\u00e4, vaan keskustelemassa tilanteesta ja kuulemassa, mihin toimenpiteisiin on ryhdytty. T\u00e4h\u00e4n menness\u00e4 keskustelua on k\u00e4yty l\u00e4hinn\u00e4 julkisuuden v\u00e4lityksell\u00e4.<\/p>\n<p class=\"aw-1gybjub aw-1p7kakr kEtdKx cEmitX yle__article__paragraph\">\u2013 Keskeinen viesti, jonka hallitus sai, on se, ett\u00e4 keskustelua ryhdyt\u00e4\u00e4n nyt k\u00e4ym\u00e4\u00e4n Kelan sis\u00e4ll\u00e4. P\u00e4\u00e4johtaja lupasi lis\u00e4t\u00e4 yhteydenpitoaan p\u00e4\u00e4luottamusmiehiin.<\/p>\n<p class=\"aw-1gybjub aw-1p7kakr kEtdKx cEmitX yle__article__paragraph\">Yle uutisoi aiemmin <a class=\"aw-iao6s4 iHOxEa yle__article__link\" href=\"https:\/\/yle.fi\/a\/74-20193672\" role=\"link\" rel=\"nofollow noopener\" target=\"_blank\">Kelan henkil\u00f6st\u00f6barometrin surkeista tuloksista<\/a>. Niiden mukaan Kelan henkil\u00f6st\u00f6 on tyytym\u00e4t\u00f6n organisaation johtamistyyliin, ja vain harva suosittelee Kelaa ty\u00f6nantajana.<\/p>\n<p class=\"aw-1gybjub aw-1p7kakr kEtdKx cEmitX yle__article__paragraph\">Kiukas sanoo, ett\u00e4 henkil\u00f6st\u00f6barometri ei ollut kokouksen aiheena, eik\u00e4 sit\u00e4 k\u00e4sitelty. H\u00e4n kuitenkin my\u00f6nt\u00e4\u00e4, etteiv\u00e4t mittauksen tulokset ole hyvi\u00e4.<\/p>\n<p class=\"aw-1gybjub aw-1p7kakr kEtdKx cEmitX yle__article__paragraph\">\u2013 Ne eiv\u00e4t mene paremmaksi sill\u00e4, ett\u00e4 keskustelua k\u00e4yd\u00e4\u00e4n julkisuudessa, vaan sill\u00e4, ett\u00e4 johto ja henkil\u00f6st\u00f6 yhdess\u00e4 miettiv\u00e4t, miten johtamista voidaan parantaa.<\/p>\n<p>Hallitus puolustaa kritisoitua et\u00e4ty\u00f6s\u00e4\u00e4nt\u00f6\u00e4<\/p>\n<p class=\"aw-1gybjub aw-1p7kakr kEtdKx cEmitX yle__article__paragraph\">Kelan uusi et\u00e4ty\u00f6linjaus tulehdutti p\u00e4\u00e4johtajan ja henkil\u00f6st\u00f6n v\u00e4lit, ja toimi alkusys\u00e4yksen\u00e4 nykyiselle tilanteelle.<\/p>\n<p class=\"aw-1gybjub aw-1p7kakr kEtdKx cEmitX yle__article__paragraph\">Linjauksen mukaan ty\u00f6ntekij\u00f6iden on ensi vuoden alusta alkaen k\u00e4yt\u00e4v\u00e4 toimistolla v\u00e4hint\u00e4\u00e4n kerran viikossa tai nelj\u00e4 kertaa kuukaudessa. T\u00e4m\u00e4 on <a class=\"aw-iao6s4 iHOxEa yle__article__link\" href=\"https:\/\/yle.fi\/a\/74-20193185\" role=\"link\" rel=\"nofollow noopener\" target=\"_blank\">her\u00e4tt\u00e4nyt ty\u00f6ntekij\u00f6iss\u00e4 tyytym\u00e4tt\u00f6myytt\u00e4<\/a>.<\/p>\n<p class=\"aw-1gybjub aw-1p7kakr kEtdKx cEmitX yle__article__paragraph\">Kiukas sanoo, ettei Kelan hallitus tee p\u00e4\u00e4t\u00f6st\u00e4 et\u00e4ty\u00f6k\u00e4yt\u00e4nn\u00f6ist\u00e4, vaan on johdon asia mietti\u00e4, miten t\u00f6it\u00e4 k\u00e4yt\u00e4nn\u00f6ss\u00e4 tehd\u00e4\u00e4n.<\/p>\n<p class=\"aw-1gybjub aw-1p7kakr kEtdKx cEmitX yle__article__paragraph\">H\u00e4n kuitenkin sanoo, ett\u00e4 hallitus pit\u00e4\u00e4 hyv\u00e4n\u00e4 asiana, ett\u00e4 et\u00e4ty\u00f6t\u00e4 v\u00e4hennet\u00e4\u00e4n Kelassa, jossa sit\u00e4 on tehty \u201dhyvin paljon\u201d.<\/p>\n<p class=\"aw-1gybjub aw-1p7kakr kEtdKx cEmitX yle__article__paragraph\">\u2013 Tavoite siit\u00e4, ett\u00e4 jokainen k\u00e4y v\u00e4hint\u00e4\u00e4n kerran viikossa toimistolla, ei ole mill\u00e4\u00e4n lailla poikkeava ty\u00f6el\u00e4m\u00e4n yleisist\u00e4 pelis\u00e4\u00e4nn\u00f6ist\u00e4.<\/p>\n<p class=\"aw-1gybjub aw-1p7kakr kEtdKx cEmitX yle__article__paragraph\">Kiukaksen mukaan p\u00e4\u00e4t\u00f6kseen on annettu nyt soveltamisohjeet, joissa todetaan, ett\u00e4 yksil\u00f6kohtaista harkintaa voidaan tehd\u00e4 esimerkiksi pitkien ty\u00f6matkojen kohdalla.<\/p>\n<p class=\"aw-1gybjub aw-1p7kakr kEtdKx cEmitX yle__article__paragraph\">\u2013 Kelahan joutuu sulkemaan kymmeni\u00e4 konttoreita lyhyen aikav\u00e4lin sis\u00e4ll\u00e4, mik\u00e4 saattaa johtaa tilanteisiin, ett\u00e4 ty\u00f6matkoista tulee tavattoman pitki\u00e4, h\u00e4n sanoo.<\/p>\n","protected":false},"excerpt":{"rendered":"Juttu tiivistettyn\u00e4 Kelan hallitus j\u00e4rjesti kriisikokouksen henkil\u00f6st\u00f6n ja Lehtosen kiristyneiden v\u00e4lien takia. P\u00e4\u00e4johtaja Lasse Lehtonen pyysi anteeksi kommenttejaan,&hellip;\n","protected":false},"author":2,"featured_media":88365,"comment_status":"","ping_status":"","sticky":false,"template":"","format":"standard","meta":{"footnotes":""},"categories":[5],"tags":[22,23,26,27,33,31,30,17,71,24,25,28,29,15,18,21,32,19,20,860,16],"class_list":{"0":"post-88364","1":"post","2":"type-post","3":"status-publish","4":"format-standard","5":"has-post-thumbnail","7":"category-otsikot","8":"tag-breaking-news","9":"tag-breakingnews","10":"tag-featured-news","11":"tag-featurednews","12":"tag-fi","13":"tag-finland","14":"tag-finnish","15":"tag-headlines","16":"tag-kotimaa","17":"tag-latest-news","18":"tag-latestnews","19":"tag-main-news","20":"tag-mainnews","21":"tag-news","22":"tag-otsikot","23":"tag-paauutiset","24":"tag-suomi","25":"tag-top-stories","26":"tag-topstories","27":"tag-tyoelama","28":"tag-uutiset"},"share_on_mastodon":{"url":"https:\/\/pubeurope.com\/@fi\/115538417572085428","error":""},"_links":{"self":[{"href":"https:\/\/www.europesays.com\/fi\/wp-json\/wp\/v2\/posts\/88364","targetHints":{"allow":["GET"]}}],"collection":[{"href":"https:\/\/www.europesays.com\/fi\/wp-json\/wp\/v2\/posts"}],"about":[{"href":"https:\/\/www.europesays.com\/fi\/wp-json\/wp\/v2\/types\/post"}],"author":[{"embeddable":true,"href":"https:\/\/www.europesays.com\/fi\/wp-json\/wp\/v2\/users\/2"}],"replies":[{"embeddable":true,"href":"https:\/\/www.europesays.com\/fi\/wp-json\/wp\/v2\/comments?post=88364"}],"version-history":[{"count":0,"href":"https:\/\/www.europesays.com\/fi\/wp-json\/wp\/v2\/posts\/88364\/revisions"}],"wp:featuredmedia":[{"embeddable":true,"href":"https:\/\/www.europesays.com\/fi\/wp-json\/wp\/v2\/media\/88365"}],"wp:attachment":[{"href":"https:\/\/www.europesays.com\/fi\/wp-json\/wp\/v2\/media?parent=88364"}],"wp:term":[{"taxonomy":"category","embeddable":true,"href":"https:\/\/www.europesays.com\/fi\/wp-json\/wp\/v2\/categories?post=88364"},{"taxonomy":"post_tag","embeddable":true,"href":"https:\/\/www.europesays.com\/fi\/wp-json\/wp\/v2\/tags?post=88364"}],"curies":[{"name":"wp","href":"https:\/\/api.w.org\/{rel}","templated":true}]}}