{"id":88369,"date":"2025-11-12T19:50:10","date_gmt":"2025-11-12T19:50:10","guid":{"rendered":"https:\/\/www.europesays.com\/fi\/88369\/"},"modified":"2025-11-12T19:50:10","modified_gmt":"2025-11-12T19:50:10","slug":"nain-syntyy-turun-musiikkitalon-sointi-paasuunnittelija-paljastaa-salaisen-soppensa-korkeuksissa-varsinais-suomi","status":"publish","type":"post","link":"https:\/\/www.europesays.com\/fi\/88369\/","title":{"rendered":"N\u00e4in syntyy Turun musiikkitalon sointi \u2013 p\u00e4\u00e4\u00adsuunnit\u00adtelija paljastaa salaisen soppensa korkeuksissa | Varsinais-Suomi"},"content":{"rendered":"<p class=\"aw-1gybjub aw-1p7kakr kEtdKx cEmitX yle__article__paragraph\">Vaaleana hohtava j\u00e4ttim\u00e4inen m\u00e4ntyrakennelma t\u00e4ytt\u00e4\u00e4 raisiolaisen tehtaan tuotantotilat. Turun uuden musiikkitalo Fuugan suuren salin esiintymislava on valmistunut.<\/p>\n<p class=\"aw-1gybjub aw-1p7kakr kEtdKx cEmitX yle__article__paragraph\">Raision Puuseppien valmistama lava on vuoden kuluttua Turun filharmonisen orkesterin (TFO) p\u00e4\u00e4areena. Vanhan ja huonokuntoisen Turun konserttitalon ahtauden ei pit\u00e4isi en\u00e4\u00e4 lavalla vaivata.<\/p>\n<p class=\"aw-1gybjub aw-1p7kakr kEtdKx cEmitX yle__article__paragraph\">\u2013 T\u00e4m\u00e4 on kooltaan noin 225 neli\u00f6t\u00e4, eli mahtuu isompikin orkesteri, naurahtaa projektip\u00e4\u00e4llikk\u00f6 <strong class=\"aw-ak79eh KyCXm yle__article__strong\">Petra Yrj\u00f6l\u00e4-Salonen<\/strong>.<\/p>\n<p class=\"aw-1gybjub aw-1p7kakr kEtdKx cEmitX yle__article__paragraph\"><strong class=\"aw-ak79eh KyCXm yle__article__strong\">H\u00e4n kertoo videolla, millaista esiintymislavan rakentaminen on ollut.<\/strong><\/p>\n<p class=\"aw-1gybjub aw-1p7kakr kEtdKx cEmitX yle__article__paragraph\">Raision Puusep\u00e4t toteuttaa my\u00f6s salin tarkkaan suunnitellun soinnin. Tietokoneilla mallinnettu akustiikka muovautuu todeksi yli 300 kuusesta millintarkasti jyrsityn sein\u00e4elementin voimin.<\/p>\n<p class=\"aw-1gybjub aw-1p7kakr kEtdKx cEmitX yle__article__paragraph\">Massiivinen palapeli on ollut tuotannossa vuoden p\u00e4iv\u00e4t. Suunnittelup\u00f6yd\u00e4ll\u00e4 palasia on kuitenkin py\u00f6ritelty jo vuosia useiden projektisuunnittelijoiden, arkkitehtien ja akustikkojen kesken.<\/p>\n<p class=\"aw-1gybjub aw-1p7kakr kEtdKx cEmitX yle__article__paragraph\">\u2013 Olemme tosi otettuja, ett\u00e4 meid\u00e4t on valittu t\u00e4h\u00e4n projektiin ja saamme tehd\u00e4 n\u00e4in hienoa musiikkitaloa Turkuun l\u00e4helle meit\u00e4, sanoo Yrj\u00f6l\u00e4-Salonen.<\/p>\n<p><img decoding=\"async\" alt=\"Turvaliiveihin pukeutuneet mies ja nainen keskusteevat hymyillen, taustalla tehtaan tuotantotiloja.\" src=\"https:\/\/www.europesays.com\/fi\/wp-content\/uploads\/2025\/11\/39-15511656911ad46696f1.jpeg\" loading=\"lazy\" class=\"aw-1l9m598 hKVVvP\"\/><\/p>\n<p>Avaa kuvien katselu<\/p>\n<p>Jarmo Yrj\u00f6l\u00e4n 40 vuotta sitten perustama perheyritys aloitti laivasisustuksista. Tyt\u00e4r Petra Yrj\u00f6l\u00e4-Salonen on Fuuga-hankkeen projektip\u00e4\u00e4llikk\u00f6, ja t\u00e4m\u00e4n Iiro-veli vastaa puuelementtien asennuksista rakennusty\u00f6maalla. Kuva: Jouni Koutonen \/ Yle<\/p>\n<p class=\"aw-1gybjub aw-1p7kakr kEtdKx cEmitX yle__article__paragraph\">Yrityksell\u00e4 on runsaasti kokemusta vastaavista kohteista.<\/p>\n<p class=\"aw-1gybjub aw-1p7kakr kEtdKx cEmitX yle__article__paragraph\">Helsinki\u2013Vantaan lentoaseman terminaalin kuusesta kaareutuva alakatto palkittiin vuonna 2022 Puupalkinnolla, ja sen alta kulkevat miljoonat matkaajat vuosittain.<\/p>\n<p><img decoding=\"async\" alt=\"Puuverstaan ty\u00f6ntekij\u00e4 ohjaa tietokoneella jyrsint\u00e4konetta. \" src=\"https:\/\/www.europesays.com\/fi\/wp-content\/uploads\/2025\/11\/39-1549895690c9c49e1510.jpeg\" loading=\"lazy\" class=\"aw-1l9m598 hKVVvP\"\/><\/p>\n<p>Avaa kuvien katselu<\/p>\n<p>Raision Puusep\u00e4t ty\u00f6llist\u00e4\u00e4 parikymment\u00e4 henkil\u00f6\u00e4. Kuva: Johanna Manu \/ Yle<\/p>\n<p>Avaruuskulmat heijastavat musiikkia<\/p>\n<p class=\"aw-1gybjub aw-1p7kakr kEtdKx cEmitX yle__article__paragraph\">Jokainen yli 300 kuusipuisesta akustiikkaelementist\u00e4 on yksil\u00f6llinen.<\/p>\n<p class=\"aw-1gybjub aw-1p7kakr kEtdKx cEmitX yle__article__paragraph\">Petra Yrj\u00f6l\u00e4-Salonen kuvailee niit\u00e4 hieman propellin mallisiksi, ja niiden asentaminen on yht\u00e4 millintarkkaa kuin ty\u00f6st\u00e4minenkin.<\/p>\n<p><img decoding=\"async\" alt=\"Rakennusvaiheessa olevan Turun musiikkitalo Fuugan puisia rakennelmia seinill\u00e4. Kaartuvaa, vaaleaa puuta. \" src=\"https:\/\/www.europesays.com\/fi\/wp-content\/uploads\/2025\/11\/39-1549896690c9c4a4e918.jpeg\" loading=\"lazy\" class=\"aw-1l9m598 hKVVvP\"\/><\/p>\n<p>Avaa kuvien katselu<\/p>\n<p>Kuusesta valmistettuja akustiikkaelementtej\u00e4 varjellaan UV-s\u00e4teilt\u00e4, jotta ne olisivat kaikki samans\u00e4vyisi\u00e4 rakennuksen valmistuessa. Kuva: Johanna Manu \/ Yle<\/p>\n<p class=\"aw-1gybjub aw-1p7kakr kEtdKx cEmitX yle__article__paragraph\">Fuugan sointi syntyy laajan kansainv\u00e4lisen ryhm\u00e4n voimin. <a class=\"aw-iao6s4 iHOxEa yle__article__link\" href=\"https:\/\/yle.fi\/a\/3-12479728\" role=\"link\" rel=\"nofollow noopener\" target=\"_blank\">Sveitsil\u00e4isen p\u00e4\u00e4akustikko<\/a> <strong class=\"aw-ak79eh KyCXm yle__article__strong\">Eckhard Kahlen<\/strong> yrityksen rinnalla suunnittelussa on alan osaajia muun muassa suomalaisesta Akukonista ja Aalto-yliopistosta.<\/p>\n<p class=\"aw-1gybjub aw-1p7kakr kEtdKx cEmitX yle__article__paragraph\"><strong class=\"aw-ak79eh KyCXm yle__article__strong\">Fuugan akustiikan mallintamisessa on hy\u00f6dynnetty Kahlen ryhm\u00e4\u00e4n kuuluvan Yann Jurkiewiczin kehitt\u00e4m\u00e4\u00e4 avaruuskulmatarkastelua. TFO:n intendentti Nikke Isom\u00f6tt\u00f6nen kertoo videolla, mit\u00e4 se tarkoittaa.<\/strong><\/p>\n<p class=\"aw-1gybjub aw-1p7kakr kEtdKx cEmitX yle__article__paragraph\">Noin puolet akustiikkapaneeleista on jo asennettu Fuugan suuren salin seinille. Ne on suojattu, paitsi rakennust\u00f6ilt\u00e4, my\u00f6s UV-s\u00e4teilt\u00e4, jotta kuusen s\u00e4vyt s\u00e4ilyisiv\u00e4t yhten\u00e4isen\u00e4 rakennuksen valmistumiseen asti.<\/p>\n<p class=\"aw-1gybjub aw-1p7kakr kEtdKx cEmitX yle__article__paragraph\">Esiintymislavaa sen sijaan ei viel\u00e4 hetkeen p\u00e4\u00e4st\u00e4 asentamaan herhil\u00e4ispes\u00e4n tavoin kuhisevalle, rakennustelineiden t\u00e4ytt\u00e4m\u00e4lle ty\u00f6maalle.<\/p>\n<p><img decoding=\"async\" alt=\"Betonipalkkiin punaisella tussilla kirjoitettu &quot;Fuuga&quot;, sivussa taustalla n\u00e4kyv\u00e4 turvavarusteisiin pukeutunut rakennusmies.\" src=\"https:\/\/www.europesays.com\/fi\/wp-content\/uploads\/2025\/11\/39-15511986911b06148cb0.jpeg\" loading=\"lazy\" class=\"aw-1l9m598 hKVVvP\"\/><\/p>\n<p>Avaa kuvien katselu<\/p>\n<p>Ty\u00f6maa vilisee t\u00e4ll\u00e4 hetkell\u00e4 lukuisten yritysten rakentajia. Kuva: Jouni Koutonen \/ Yle<\/p>\n<p class=\"aw-1gybjub aw-1p7kakr kEtdKx cEmitX yle__article__paragraph\">Nikke Isom\u00f6tt\u00f6nen kuitenkin mittailee lavaa tyytyv\u00e4isen\u00e4 Raisiossa. My\u00f6s soittajat ovat p\u00e4\u00e4sseet workshopeissa vaikuttamaan ja tapaamaan akustikkoja.<\/p>\n<p class=\"aw-1gybjub aw-1p7kakr kEtdKx cEmitX yle__article__paragraph\">\u2013 T\u00e4m\u00e4 on meille ihan mullistava muutos. Uudessa talossa TFO tulee kuulostamaan paremmalta kuin koskaan. Odotukset ovat korkealla ja tunnelma on tosi innostunut.<\/p>\n<p class=\"aw-1gybjub aw-1p7kakr kEtdKx cEmitX yle__article__paragraph\">Uuden estradin ohella orkesteri saa Fuugaan ajanmukaiset ja terveelliset ty\u00f6skentelytilat muun muassa harjoitteluun yksin tai pienemmiss\u00e4 ryhmiss\u00e4.<\/p>\n<p class=\"aw-1gybjub aw-1p7kakr kEtdKx cEmitX yle__article__paragraph\">\u2013 Nykytilanteeseen verrattuna muusikoiden edellytykset tehd\u00e4 omaa ty\u00f6t\u00e4\u00e4n, joka koostuu tosi paljon nimenomaan omasta harjoittelusta, paranee aivan merkitt\u00e4v\u00e4sti, sanoo Isom\u00f6tt\u00f6nen.<\/p>\n<p>Musiikkitalo Fuuga<\/p>\n<ul class=\"aw-1jjocuh iJTSwP yle__article__list yle__article__list--ul\">\n<li class=\"aw-1j7gwms gNYKfi\">Turun vanha Konserttitalo k\u00e4rsii monista ongelmista ja on ahdas Turun filharmoniselle orkesterille.<\/li>\n<li class=\"aw-1j7gwms gNYKfi\">Uuden musiikkitalon sijainnista k\u00e4ytiin Turussa pitk\u00e4llinen v\u00e4\u00e4nt\u00f6. Lopulta se p\u00e4\u00e4tettiin rakentaa Aurajoen rantaan Itsen\u00e4isyyden aukiolle.<\/li>\n<li class=\"aw-1j7gwms gNYKfi\">P\u00e4\u00e4saliin mahtuu noin 1\u00a0300 katsojaa ja pienemp\u00e4\u00e4n monitoimisaliin noin 300.<\/li>\n<li class=\"aw-1j7gwms gNYKfi\">90 miljoonan euron tuntumaan nousseet kokonaiskustannukset ovat aiheuttaneet kritiikki\u00e4.<\/li>\n<li class=\"aw-1j7gwms gNYKfi\">Allianssimallilla toteutettavan <a class=\"aw-iao6s4 iHOxEa yle__article__link\" href=\"https:\/\/yle.fi\/a\/3-12150312\" role=\"link\" rel=\"nofollow noopener\" target=\"_blank\">musiikkitalo Fuugan rakentaa ryhmittym\u00e4 nimelt\u00e4 Harmonia<\/a>. Sen muodostavat rakennusyhti\u00f6 Hartela L\u00e4nsi-Suomi, PES-Arkkitehdit ja WSP Finland Oy sek\u00e4 alihankkijana Laidun-design Oy.<\/li>\n<\/ul>\n<p>Puu on kustannustehokas ja ekologinen materiaali<\/p>\n<p class=\"aw-1gybjub aw-1p7kakr kEtdKx cEmitX yle__article__paragraph\">P\u00e4\u00e4suunnittelija <strong class=\"aw-ak79eh KyCXm yle__article__strong\">Martin Lucasczyk<\/strong> PES-Arkkitehdeilta valvoo niin akustiikkapaneeleiden asennusta kuin koko rakennuksen valmistumista.<\/p>\n<p class=\"aw-1gybjub aw-1p7kakr kEtdKx cEmitX yle__article__paragraph\">H\u00e4n on oikeastaan jo kuullut Fuugan soinnin, 3D-mallinnuksissa Aalto-yliopistolla. Simulaatioista huolimatta my\u00f6s h\u00e4n odottaa malttamattomana vuoden kulumista ja talon avautumista yleis\u00f6lle.<\/p>\n<p class=\"aw-1gybjub aw-1p7kakr kEtdKx cEmitX yle__article__paragraph\"><strong class=\"aw-ak79eh KyCXm yle__article__strong\">Videolla Martin Lucasczyk kertoo, miten suomalainen puu taipui musiikin muotoihin ja valikoitui n\u00e4kyv\u00e4ksi elementiksi Fuugaan.<\/strong><\/p>\n<p class=\"aw-1gybjub aw-1p7kakr kEtdKx cEmitX yle__article__paragraph\">Fuuga on PES-Arkkitehtien mittavin ty\u00f6 t\u00e4ll\u00e4 hetkell\u00e4. Aiemmin yritys on toteuttanut samantapaisia kohteita muun muassa Kiinassa. Niiss\u00e4 hallitseva materiaali on ollut bambu.<\/p>\n<p class=\"aw-1gybjub aw-1p7kakr kEtdKx cEmitX yle__article__paragraph\">Suomalainen puu ei musiikkitalo Fuugassa ole vain verhoiluelementti, vaan sit\u00e4 on k\u00e4ytetty my\u00f6s rakenteissa betonin ohessa.<\/p>\n<p class=\"aw-1gybjub aw-1p7kakr kEtdKx cEmitX yle__article__paragraph\">\u2013 Puu on my\u00f6s kustannusteknisesti hyv\u00e4 valinta: halvempi kuin betoni, ja se on aika merkitt\u00e4v\u00e4 juttu. Ja tietysti se on paljon ekologisempaa, sen takia meilt\u00e4 tulee aina ehdotus, ett\u00e4 k\u00e4ytet\u00e4\u00e4n puuta, sanoo Lucasczyk.<\/p>\n<p><img decoding=\"async\" alt=\"\" src=\"https:\/\/www.europesays.com\/fi\/wp-content\/uploads\/2025\/11\/13-67-9c717f0a7bb4441180e34e64a2dde819.jpeg\" class=\"aw-ml7zab fDhVEC\"\/><\/p>\n<p class=\"aw-1gybjub aw-1p7kakr kEtdKx cEmitX yle__article__paragraph\">P\u00e4\u00e4suunnittelija Martin Lucasczyk johdattelee musiikkitalo Fuugan \u201dullakolla\u201d lempipaikkaansa, suuren salin yl\u00e4puolella sijaitsevaan salasoppeen. Sielt\u00e4 avautuu n\u00e4kym\u00e4 liki 30 metri\u00e4 alempana olevalle permannolle.<\/p>\n","protected":false},"excerpt":{"rendered":"Vaaleana hohtava j\u00e4ttim\u00e4inen m\u00e4ntyrakennelma t\u00e4ytt\u00e4\u00e4 raisiolaisen tehtaan tuotantotilat. Turun uuden musiikkitalo Fuugan suuren salin esiintymislava on valmistunut. Raision&hellip;\n","protected":false},"author":2,"featured_media":88370,"comment_status":"","ping_status":"","sticky":false,"template":"","format":"standard","meta":{"footnotes":""},"categories":[135],"tags":[389,387,388,390,137,33,31,30,17878,71,108,47,3639,32,394,393,391,392,662,17877,663,109],"class_list":{"0":"post-88369","1":"post","2":"type-post","3":"status-publish","4":"format-standard","5":"has-post-thumbnail","7":"category-taiteet-ja-suunnittelu","8":"tag-arts","9":"tag-arts-and-design","10":"tag-artsanddesign","11":"tag-design","12":"tag-entertainment","13":"tag-fi","14":"tag-finland","15":"tag-finnish","16":"tag-konserttisalit","17":"tag-kotimaa","18":"tag-kulttuuri","19":"tag-musiikki","20":"tag-rakennukset","21":"tag-suomi","22":"tag-suunnittelu","23":"tag-taiteet","24":"tag-taiteet-ja-suunnittelu","25":"tag-taiteetsuunnittelu","26":"tag-turku","27":"tag-turun-musiikkitalo-fuuga","28":"tag-varsinais-suomi","29":"tag-viihde"},"share_on_mastodon":{"url":"https:\/\/pubeurope.com\/@fi\/115538468982902135","error":""},"_links":{"self":[{"href":"https:\/\/www.europesays.com\/fi\/wp-json\/wp\/v2\/posts\/88369","targetHints":{"allow":["GET"]}}],"collection":[{"href":"https:\/\/www.europesays.com\/fi\/wp-json\/wp\/v2\/posts"}],"about":[{"href":"https:\/\/www.europesays.com\/fi\/wp-json\/wp\/v2\/types\/post"}],"author":[{"embeddable":true,"href":"https:\/\/www.europesays.com\/fi\/wp-json\/wp\/v2\/users\/2"}],"replies":[{"embeddable":true,"href":"https:\/\/www.europesays.com\/fi\/wp-json\/wp\/v2\/comments?post=88369"}],"version-history":[{"count":0,"href":"https:\/\/www.europesays.com\/fi\/wp-json\/wp\/v2\/posts\/88369\/revisions"}],"wp:featuredmedia":[{"embeddable":true,"href":"https:\/\/www.europesays.com\/fi\/wp-json\/wp\/v2\/media\/88370"}],"wp:attachment":[{"href":"https:\/\/www.europesays.com\/fi\/wp-json\/wp\/v2\/media?parent=88369"}],"wp:term":[{"taxonomy":"category","embeddable":true,"href":"https:\/\/www.europesays.com\/fi\/wp-json\/wp\/v2\/categories?post=88369"},{"taxonomy":"post_tag","embeddable":true,"href":"https:\/\/www.europesays.com\/fi\/wp-json\/wp\/v2\/tags?post=88369"}],"curies":[{"name":"wp","href":"https:\/\/api.w.org\/{rel}","templated":true}]}}