{"id":88373,"date":"2025-11-12T19:54:09","date_gmt":"2025-11-12T19:54:09","guid":{"rendered":"https:\/\/www.europesays.com\/fi\/88373\/"},"modified":"2025-11-12T19:54:09","modified_gmt":"2025-11-12T19:54:09","slug":"paavi-listasi-nelja-suosikkielokuvaansa-mukana-jouluklassikko-ja-keskitysleiridraama","status":"publish","type":"post","link":"https:\/\/www.europesays.com\/fi\/88373\/","title":{"rendered":"Paavi listasi nelj\u00e4 suosikkielokuvaansa: mukana jouluklassikko ja keskitysleiridraama"},"content":{"rendered":"<p>Elokuvat|Paavi Leo XIV tapaa lauantaina Vatikaanissa elokuvaohjaajia ja -n\u00e4yttelij\u00f6it\u00e4, mihin liittyen h\u00e4n julkaisi listan nelj\u00e4st\u00e4 kaikkien aikojen suosikki\u00adelokuvastaan.<\/p>\n<p>Lue tiivistelm\u00e4<\/p>\n<p>Tiivistelm\u00e4 on teko\u00e4lyn tekem\u00e4 ja ihmisen tarkistama.<\/p>\n<p class=\"article-body mb-nof-24 px-nof-16 sndp-summary-bullet-point-font\">Paavi Leo XIV julkaisi listan nelj\u00e4st\u00e4 suosikkielokuvastaan ennen elokuvamaailman edustajien tapaamista Vatikaanissa lauantaina.<\/p>\n<p class=\"article-body mb-nof-24 px-nof-16 sndp-summary-bullet-point-font\">Tapaaminen on osa katolisen kirkon riemuvuoden ohjelmaa ja pyrkii syvent\u00e4m\u00e4\u00e4n vuoropuhelua elokuvamaailman kanssa.<\/p>\n<p class=\"article-body mb-nof-24 px-nof-16 sndp-summary-bullet-point-font\">Paavin suosikkielokuvat ovat Ihmeellinen on el\u00e4m\u00e4, The Sound of Music, Tavallisia ihmisi\u00e4 ja Kaunis el\u00e4m\u00e4.<\/p>\n<p class=\"article-body mb-nof-24 px-nof-16 sndp-summary-bullet-point-font\">Elokuvat k\u00e4sittelev\u00e4t inhimillisi\u00e4 arvoja ja selviytymist\u00e4 vastoink\u00e4ymisist\u00e4.<\/p>\n<p class=\"article-body mb-nof-24 px-nof-16\">Paavi <a class=\"article-personlink\" href=\"https:\/\/www.hs.fi\/haku\/?query=Leo%20XIV\" rel=\"nofollow noopener\" target=\"_blank\">Leo XIV<\/a> j\u00e4rjest\u00e4\u00e4 lauantaina 15. marraskuuta Vatikaanissa tapaamisen elokuvaohjaajien ja n\u00e4yttelij\u00f6iden kanssa, ja siihen liittyen Vatikaani julkaisi maanantaina paavin laatiman listan <a class=\"article-genericlink\" href=\"https:\/\/www.catholicnewsagency.com\/news\/267725\/the-sound-of-music-and-its-a-wonderful-life-among-pope-leo-xiv-s-favorite-films\" rel=\"nofollow noopener\" target=\"_blank\">nelj\u00e4st\u00e4 elokuvasta<\/a>, jotka ovat h\u00e4nelle itselleen merkityksellisimpi\u00e4.<\/p>\n<p class=\"article-body mb-nof-24 px-nof-16\">Paavin vieraiksi saapuvat muiden muassa <a class=\"article-personlink\" href=\"https:\/\/www.hs.fi\/haku\/?query=Cate%20Blanchett\" rel=\"nofollow noopener\" target=\"_blank\">Cate Blanchett<\/a>, <a class=\"article-personlink\" href=\"https:\/\/www.hs.fi\/haku\/?query=Viggo%20Mortensen\" rel=\"nofollow noopener\" target=\"_blank\">Viggo Mortensen<\/a>, <a class=\"article-personlink\" href=\"https:\/\/www.hs.fi\/haku\/?query=Spike%20Lee\" rel=\"nofollow noopener\" target=\"_blank\">Spike Lee<\/a> ja <a class=\"article-personlink\" href=\"https:\/\/www.hs.fi\/haku\/?query=Gus%20van%20Sant\" rel=\"nofollow noopener\" target=\"_blank\">Gus van Sant<\/a>, kertovat <a class=\"article-genericlink\" href=\"https:\/\/www.nytimes.com\/2025\/11\/11\/movies\/pope-leo-favorite-movies.html\" rel=\"nofollow noopener\" target=\"_blank\">The New York Times<\/a> ja <a class=\"article-genericlink\" href=\"https:\/\/www.theguardian.com\/film\/2025\/nov\/12\/pope-leo-films-life-is-beautiful-the-sound-of-music-its-a-wonderful-life\" rel=\"nofollow noopener\" target=\"_blank\">The Guardian<\/a>.<\/p>\n<p class=\"article-body mb-nof-24 px-nof-16\">Tapaaminen on osa katolisen kirkon riemuvuoden ohjelmaa. Riemuvuotta vietet\u00e4\u00e4n 25 vuoden v\u00e4lein.<\/p>\n<p class=\"article-body mb-nof-24 px-nof-16\">T\u00e4n\u00e4 riemuvuonna paavi Leo XIV on ilmaissut halunsa syvent\u00e4\u00e4 vuoropuhelua elokuvamaailman kanssa, erityisesti n\u00e4yttelij\u00f6iden ja ohjaajien, tutkiakseen taiteellisen luovuuden mahdollisuuksia edist\u00e4\u00e4 kirkon teht\u00e4vi\u00e4 ja inhimillisi\u00e4 arvoja\u201d, Vatikaanin julkaisemassa lausunnossa sanotaan.<\/p>\n<p class=\"article-body mb-nof-24 px-nof-16\">Paavi ei itse tarkemmin perustele nelj\u00e4n suosikkielokuvansa listaa, mutta kaikki ne selv\u00e4sti kiinnitt\u00e4v\u00e4t huomiota inhimillisiin arvoihin vastoink\u00e4ymisten ja ulkoisten uhkien keskell\u00e4.<\/p>\n<p><img decoding=\"async\" src=\"https:\/\/www.europesays.com\/fi\/wp-content\/uploads\/2025\/11\/1762977249_267_468.jpg\" alt=\"Henry Travers (vas.) ja James Stewart Ihmeellinen on el\u00e4m\u00e4 -elokuvassa.\" class=\"_Img_1rerz_1\" style=\"aspect-ratio:0.78125\" loading=\"eager\"\/><\/p>\n<p class=\"article-picture-caption\">Henry Travers (vas.) ja James Stewart Ihmeellinen on el\u00e4m\u00e4 -elokuvassa. Kuva:\u00a0Entertainment Pictures<\/p>\n<p>1. Frank Capra: Ihmeellinen on el\u00e4m\u00e4 (It\u2019s a Wonderful Life, 1946)<\/p>\n<p class=\"article-body mb-nof-24 px-nof-16\">Jouluelokuvien klassikossa <a class=\"article-personlink\" href=\"https:\/\/www.hs.fi\/haku\/?query=James%20Stewart\" rel=\"nofollow noopener\" target=\"_blank\">James Stewart<\/a> esitt\u00e4\u00e4 George Baileyt\u00e4, joka on omistanut el\u00e4m\u00e4ns\u00e4 muiden auttamiselle mutta harkitsee nyt jouluaattona itsemurhaa. Sen est\u00e4\u00e4kseen <a class=\"article-personlink\" href=\"https:\/\/www.hs.fi\/haku\/?query=Henry%20Traversin\" rel=\"nofollow noopener\" target=\"_blank\">Henry Traversin<\/a> esitt\u00e4m\u00e4 suojelusenkeli Clarence Odbody ilmestyy n\u00e4ytt\u00e4m\u00e4\u00e4n, miten paljon huonompi maailma olisi jos Georgea ei olisi ollut olemassa lainkaan.<\/p>\n<p><img decoding=\"async\" src=\"https:\/\/www.europesays.com\/fi\/wp-content\/uploads\/2025\/11\/1762977249_655_468.jpg\" alt=\"Julie Andrewsin esitt\u00e4m\u00e4 kotiopettajatar opettaa von Trappin sisarukset laulamaan The Sound of Music -elokuvassa.\" class=\"_Img_1rerz_1\" style=\"aspect-ratio:1.4883720930232558\" loading=\"eager\"\/><\/p>\n<p class=\"article-picture-caption\">Julie Andrewsin esitt\u00e4m\u00e4 kotiopettajatar opettaa von Trappin sisarukset laulamaan The Sound of Music -elokuvassa. Kuva:\u00a020TH CENTURY FOX<\/p>\n<p>2. Robert Wise: The Sound of Music (1965)<\/p>\n<p class=\"article-body mb-nof-24 px-nof-16\">Musikaalielokuvien klassikko <a class=\"article-personlink\" href=\"https:\/\/www.hs.fi\/haku\/?query=The%20Sound%20of%20Music\" rel=\"nofollow noopener\" target=\"_blank\">The Sound of Music <\/a>perustuu <a class=\"article-personlink\" href=\"https:\/\/www.hs.fi\/haku\/?query=Rodgers\" rel=\"nofollow noopener\" target=\"_blank\">Rodgers<\/a> &amp; <a class=\"article-personlink\" href=\"https:\/\/www.hs.fi\/haku\/?query=Hammerstein\" rel=\"nofollow noopener\" target=\"_blank\">Hammerstein <\/a>-ty\u00f6parin n\u00e4ytt\u00e4m\u00f6musikaaliin. Toisen maailmansodan uhka varjostaa vuoteen 1938 sijoittuvan elokuvan tapahtumia. Tositapahtumiin perustuvan elokuvan t\u00e4hti on <a class=\"article-personlink\" href=\"https:\/\/www.hs.fi\/haku\/?query=Julie%20Andrews\" rel=\"nofollow noopener\" target=\"_blank\">Julie Andrews<\/a>, jonka n\u00e4yttelem\u00e4 it\u00e4valtalainen nunnakokelas Maria palkataan von Trappin seitsem\u00e4n sisaruksen kotiopettajaksi. H\u00e4n voittaakin puolelleen niin lapset kuin heid\u00e4n is\u00e4ns\u00e4. J\u00e4nnitett\u00e4 elokuvaan tuo It\u00e4vallan liitt\u00e4minen natsien hallitsemaan Saksaan eli Anschluss, jota von Trappitkin pyrkiv\u00e4t pakenemaan.<\/p>\n<p><img decoding=\"async\" src=\"https:\/\/www.europesays.com\/fi\/wp-content\/uploads\/2025\/11\/1762977249_902_468.jpg\" alt=\"Donald Sutherland ja Mary Tyler Moore ovat p\u00e4\u00e4osissa Tavallisia ihmisi\u00e4 -elokuvassa.\" class=\"_Img_1rerz_1\" style=\"aspect-ratio:1.4096916299559472\" loading=\"eager\"\/><\/p>\n<p class=\"article-picture-caption\">Donald Sutherland ja Mary Tyler Moore ovat p\u00e4\u00e4osissa Tavallisia ihmisi\u00e4 -elokuvassa. Kuva:\u00a0JT Vintage<\/p>\n<p>3. Robert Redford: Tavallisia ihmisi\u00e4 (Ordinary People, 1980)<\/p>\n<p class=\"article-body mb-nof-24 px-nof-16\">Robert Redfordin ohjaama elokuva kertoo hyvin toimeentulevan perheen j\u00e4senten yrityksest\u00e4 jatkaa el\u00e4m\u00e4\u00e4ns\u00e4 traumaattisten kokemusten j\u00e4lkeen. Yksi perheen pojista on kuollut onnettomuudessa ja toinen on yritt\u00e4nyt itsemurhaa. Is\u00e4 (<a class=\"article-personlink\" href=\"https:\/\/www.hs.fi\/haku\/?query=Donald%20Sutherland\" rel=\"nofollow noopener\" target=\"_blank\">Donald Sutherland<\/a>) ja \u00e4iti (<a class=\"article-personlink\" href=\"https:\/\/www.hs.fi\/haku\/?query=Mary%20Tyler%20Moore\" rel=\"nofollow noopener\" target=\"_blank\">Mary Tyler Moore<\/a>) yritt\u00e4v\u00e4t selviyty\u00e4 tilanteesta eri tavoin, mik\u00e4 vaikuttaa my\u00f6s psykiatrisesta hoidosta itsemurhayrityksen j\u00e4lkeen palaavaan poikaan (<a class=\"article-personlink\" href=\"https:\/\/www.hs.fi\/haku\/?query=Timothy%20Hutton\" rel=\"nofollow noopener\" target=\"_blank\">Timothy Hutton<\/a>).<\/p>\n<p><img decoding=\"async\" src=\"https:\/\/www.europesays.com\/fi\/wp-content\/uploads\/2025\/11\/1762977249_448_468.jpg\" alt=\"Roberto Benigni n\u00e4yttelee p\u00e4\u00e4osan ohjaamassaan elokuvassa Kaunis el\u00e4m\u00e4.\" class=\"_Img_1rerz_1\" style=\"aspect-ratio:1.4285714285714286\" loading=\"eager\"\/><\/p>\n<p class=\"article-picture-caption\">Roberto Benigni n\u00e4yttelee p\u00e4\u00e4osan ohjaamassaan elokuvassa Kaunis el\u00e4m\u00e4. Kuva:\u00a0Miramax<\/p>\n<p>4. Roberto Benigni: Kaunis el\u00e4m\u00e4 (La Vita \u00e8 bella, 1997)<\/p>\n<p class=\"article-body mb-nof-24 px-nof-16\">Ohjaaja <a class=\"article-personlink\" href=\"https:\/\/www.hs.fi\/haku\/?query=Roberto%20Benigni\" rel=\"nofollow noopener\" target=\"_blank\">Roberto Benigni<\/a> my\u00f6s n\u00e4yttelee p\u00e4\u00e4osaa palkitussa elokuvassaan, joka kuvaa italianjuutalaisen kirjakauppiaan pyrkimyksi\u00e4 suojella poikaansa (<a class=\"article-personlink\" href=\"https:\/\/www.hs.fi\/haku\/?query=Giorgio%20Cantarini\" rel=\"nofollow noopener\" target=\"_blank\">Giorgio Cantarini<\/a>) natsien keskitysleirill\u00e4. Pojalleen h\u00e4n uskottelee leiriel\u00e4m\u00e4n olevan peli\u00e4, jossa ker\u00e4t\u00e4\u00e4n pisteit\u00e4 olemalla hiljaa ja piiloutumalla vartijoilta, kun taas pisteit\u00e4 menett\u00e4\u00e4 valittamalla n\u00e4lk\u00e4\u00e4 ja itkem\u00e4ll\u00e4.<\/p>\n<p class=\"article-body mb-nof-24 px-nof-16\">Paavin elokuvalistan kaksi ensimm\u00e4ist\u00e4, Ihmeellinen on el\u00e4m\u00e4 ja The Sound of Music, ovat elokuvataiteen ikiklassikoita ja nousevat s\u00e4\u00e4nn\u00f6llisesti hyville sijoille parhaiden elokuvien listauksissa.<\/p>\n<p class=\"article-body mb-nof-24 px-nof-16\">My\u00f6s kaksi muuta filmi\u00e4 ovat saaneet arvostusta, mutta eiv\u00e4t ik\u00e4ns\u00e4k\u00e4\u00e4n puolesta ole viel\u00e4 saavuttaneet samanlaista asemaa. Tavallisia ihmisi\u00e4 sai kuusi Oscar-ehdokkuutta ja voitti viisi Golden Globea, Kaunis el\u00e4m\u00e4 puolestaan palkittiin kolmella Oscarilla ja useilla muilla palkinnoilla Euroopassa ja Amerikassa.<\/p>\n<p class=\"article-body mb-nof-24 px-nof-16\">Vuonna 2013 Leo XIV:n edelt\u00e4j\u00e4 <a class=\"article-personlink\" href=\"https:\/\/www.hs.fi\/haku\/?query=Fransiscus\" rel=\"nofollow noopener\" target=\"_blank\">Fransiscus <\/a>(1936\u20132025) kertoi h\u00e4nkin elokuvamieltymyksist\u00e4\u00e4n.<\/p>\n<p class=\"article-body mb-nof-24 px-nof-16\">La Repubblica -lehden haastattelussa <a class=\"article-genericlink\" href=\"https:\/\/www.hollywoodreporter.com\/news\/general-news\/pope-francis-says-he-likes-641541\/\" rel=\"nofollow noopener\" target=\"_blank\">mainintoja <\/a>saivat muiden muassa <a class=\"article-personlink\" href=\"https:\/\/www.hs.fi\/haku\/?query=Roberto%20Rossellinin\" rel=\"nofollow noopener\" target=\"_blank\">Roberto Rossellinin<\/a> Rooma \u2013 avoin kaupunki (Roma citt\u00e0 aperta, 1945), <a class=\"article-personlink\" href=\"https:\/\/www.hs.fi\/haku\/?query=Federico%20Fellinin\" rel=\"nofollow noopener\" target=\"_blank\">Federico Fellinin<\/a> La Strada (1954) ja Orkesteriharjoitus (Prova d\u2019orchestra, 1979) sek\u00e4 <a class=\"article-personlink\" href=\"https:\/\/www.hs.fi\/haku\/?query=Luchino%20Viscontin\" rel=\"nofollow noopener\" target=\"_blank\">Luchino Viscontin<\/a> Tiikerikissa (Il Gattopardo, 1962).<\/p>\n","protected":false},"excerpt":{"rendered":"Elokuvat|Paavi Leo XIV tapaa lauantaina Vatikaanissa elokuvaohjaajia ja -n\u00e4yttelij\u00f6it\u00e4, mihin liittyen h\u00e4n julkaisi listan nelj\u00e4st\u00e4 kaikkien aikojen suosikki\u00adelokuvastaan.&hellip;\n","protected":false},"author":2,"featured_media":88374,"comment_status":"","ping_status":"","sticky":false,"template":"","format":"standard","meta":{"footnotes":""},"categories":[131],"tags":[155,137,33,173,31,30,46,172,32,109],"class_list":{"0":"post-88373","1":"post","2":"type-post","3":"status-publish","4":"format-standard","5":"has-post-thumbnail","7":"category-elokuvat","8":"tag-elokuvat","9":"tag-entertainment","10":"tag-fi","11":"tag-film","12":"tag-finland","13":"tag-finnish","14":"tag-helsingin-sanomat","15":"tag-movies","16":"tag-suomi","17":"tag-viihde"},"share_on_mastodon":{"url":"https:\/\/pubeurope.com\/@fi\/115538484740011636","error":""},"_links":{"self":[{"href":"https:\/\/www.europesays.com\/fi\/wp-json\/wp\/v2\/posts\/88373","targetHints":{"allow":["GET"]}}],"collection":[{"href":"https:\/\/www.europesays.com\/fi\/wp-json\/wp\/v2\/posts"}],"about":[{"href":"https:\/\/www.europesays.com\/fi\/wp-json\/wp\/v2\/types\/post"}],"author":[{"embeddable":true,"href":"https:\/\/www.europesays.com\/fi\/wp-json\/wp\/v2\/users\/2"}],"replies":[{"embeddable":true,"href":"https:\/\/www.europesays.com\/fi\/wp-json\/wp\/v2\/comments?post=88373"}],"version-history":[{"count":0,"href":"https:\/\/www.europesays.com\/fi\/wp-json\/wp\/v2\/posts\/88373\/revisions"}],"wp:featuredmedia":[{"embeddable":true,"href":"https:\/\/www.europesays.com\/fi\/wp-json\/wp\/v2\/media\/88374"}],"wp:attachment":[{"href":"https:\/\/www.europesays.com\/fi\/wp-json\/wp\/v2\/media?parent=88373"}],"wp:term":[{"taxonomy":"category","embeddable":true,"href":"https:\/\/www.europesays.com\/fi\/wp-json\/wp\/v2\/categories?post=88373"},{"taxonomy":"post_tag","embeddable":true,"href":"https:\/\/www.europesays.com\/fi\/wp-json\/wp\/v2\/tags?post=88373"}],"curies":[{"name":"wp","href":"https:\/\/api.w.org\/{rel}","templated":true}]}}