{"id":88383,"date":"2025-11-12T20:01:16","date_gmt":"2025-11-12T20:01:16","guid":{"rendered":"https:\/\/www.europesays.com\/fi\/88383\/"},"modified":"2025-11-12T20:01:16","modified_gmt":"2025-11-12T20:01:16","slug":"kansa-ryntasi-katsomaan-marinin-tulotietoja","status":"publish","type":"post","link":"https:\/\/www.europesays.com\/fi\/88383\/","title":{"rendered":"Kansa rynt\u00e4si katsomaan Marinin tulotietoja"},"content":{"rendered":"<p>Entisen p\u00e4\u00e4ministerin Sanna Marinin verotiedot kiinnostivat Iltalehden lukijoita  j\u00e4lleen kaikkein eniten.<\/p>\n<p><img decoding=\"async\" class=\"image image-show image-preview\" src=\"https:\/\/www.europesays.com\/fi\/wp-content\/uploads\/2025\/11\/7becded04ea7b8ff56cdaaa1c0ee07bd34abeb279caa2cba1fb631eaeba34178.jpg\" alt=\"\"\/><img decoding=\"async\" class=\"image image-show\" src=\"https:\/\/www.europesays.com\/fi\/wp-content\/uploads\/2025\/11\/1762977674_429_7becded04ea7b8ff56cdaaa1c0ee07bd34abeb279caa2cba1fb631eaeba34178.jpg\" alt=\"\"\/><\/p>\n<p>Sanna Marinin tulot kiinnostivat my\u00f6s viime vuonna. MATTI MATIKAINEN<\/p>\n<p class=\"paragraph\">Entinen p\u00e4\u00e4ministeri <strong>Sanna Marin<\/strong> oli ylivoimaisesti eniten haettu henkil\u00f6 Iltalehden verokoneessa. H\u00e4n oli my\u00f6s viime vuonna kaikkein haetuin nimi Iltalehden verokoneen julkistamisen j\u00e4lkeen. Marin tienasi vuonna 2024 ansiotuloja 414\u00a0111 euroa ja p\u00e4\u00e4omatuloja 7550 euroa.<\/p>\n<p class=\"paragraph\">Seuraavaksi eniten t\u00e4n\u00e4\u00e4n haettiin mediapersoona ja rallikartturi <strong>Janni Hussin<\/strong> verotietoja. Hakuja tehtiin ensimm\u00e4isen nelj\u00e4n tunnin aikana yhteens\u00e4 2005. H\u00e4n on ollut uutisissa esill\u00e4 hiljattain <a href=\"https:\/\/www.iltalehti.fi\/viihdeuutiset\/fc5a80bc-ce1c-4bc1-909a-807e4f3fe6a9\" rel=\"nofollow noopener\" target=\"_blank\">avioeronsa takia<\/a>.<\/p>\n<p class=\"paragraph\">Hussin ansiotulot olivat viime vuonna 27 921 euroa. P\u00e4\u00e4omatuloja h\u00e4nell\u00e4 ei ollut lainkaan. H\u00e4nen yrityksens\u00e4 liikevaihto oli kuitenkin viime vuonna hyv\u00e4.<\/p>\n<p class=\"paragraph\">Naiskaksikko dominoi verotietohauissa. Miespuolisten verotiedoissa kiinnostusta her\u00e4ttiv\u00e4t jokseenkin odotetustikin tasavallan presidentin <strong>Alexander Stubbin<\/strong><a href=\"https:\/\/www.iltalehti.fi\/politiikka\/ecc187c1-55b8-4d1c-ac79-08a87a6786be\" rel=\"nofollow noopener\" target=\"_blank\"> tulot<\/a>.<\/p>\n<p class=\"paragraph\">T\u00e4t\u00e4kin enemm\u00e4n hakuja tehtiin kuitenkin kuntosalibisneksell\u00e4 rikastuneen <strong>Jooel Vatasen<\/strong> tienesteist\u00e4.<\/p>\n<p class=\"paragraph\">PTV Gym -kuntosaleista tuttu Vatanen tienasi vuonna 2024 ansiotuloina 170\u00a0770 euroa. P\u00e4\u00e4omatuloina h\u00e4n sai verotietojen mukaan 28\u00a0510 euroa. Vatanen <a href=\"https:\/\/www.iltalehti.fi\/fitnessvoimailu\/a4bdf943-6294-47b8-8b71-b95e9997e008\" rel=\"nofollow noopener\" target=\"_blank\">kertoi Iltalehdelle<\/a> alkaneensa sijoittamaan yrityksest\u00e4 saatuja tuottoja vasta hiljattain.<\/p>\n<p><a href=\"https:\/\/www.iltalehti.fi\/verokone\" rel=\"nofollow noopener\" target=\"_blank\"><img decoding=\"async\" src=\"https:\/\/www.europesays.com\/fi\/wp-content\/uploads\/2025\/11\/b22f0294ff7d094ea26fdba142d08bfb6db7d5fb8905815af9a6bad1a77adc61.png\" alt=\"Siirry verokoneeseen\"\/><\/a><\/p>\n","protected":false},"excerpt":{"rendered":"Entisen p\u00e4\u00e4ministerin Sanna Marinin verotiedot kiinnostivat Iltalehden lukijoita j\u00e4lleen kaikkein eniten. Sanna Marinin tulot kiinnostivat my\u00f6s viime vuonna.&hellip;\n","protected":false},"author":2,"featured_media":88384,"comment_status":"","ping_status":"","sticky":false,"template":"","format":"standard","meta":{"footnotes":""},"categories":[14],"tags":[35,22,23,26,27,33,31,30,17,24,25,28,29,15,18,21,2645,637,886,887,32,19,20,56,16,2186,59,60,61],"class_list":{"0":"post-88383","1":"post","2":"type-post","3":"status-publish","4":"format-standard","5":"has-post-thumbnail","7":"category-ulkomaat","8":"tag-24h","9":"tag-breaking-news","10":"tag-breakingnews","11":"tag-featured-news","12":"tag-featurednews","13":"tag-fi","14":"tag-finland","15":"tag-finnish","16":"tag-headlines","17":"tag-latest-news","18":"tag-latestnews","19":"tag-main-news","20":"tag-mainnews","21":"tag-news","22":"tag-otsikot","23":"tag-paauutiset","24":"tag-palkka-ja-tyosuhde-edut","25":"tag-politiikka","26":"tag-puolueet","27":"tag-suomen-politiikka","28":"tag-suomi","29":"tag-top-stories","30":"tag-topstories","31":"tag-ulkomaat","32":"tag-uutiset","33":"tag-verotus","34":"tag-world","35":"tag-world-news","36":"tag-worldnews"},"share_on_mastodon":{"url":"https:\/\/pubeurope.com\/@fi\/115538512321042154","error":""},"_links":{"self":[{"href":"https:\/\/www.europesays.com\/fi\/wp-json\/wp\/v2\/posts\/88383","targetHints":{"allow":["GET"]}}],"collection":[{"href":"https:\/\/www.europesays.com\/fi\/wp-json\/wp\/v2\/posts"}],"about":[{"href":"https:\/\/www.europesays.com\/fi\/wp-json\/wp\/v2\/types\/post"}],"author":[{"embeddable":true,"href":"https:\/\/www.europesays.com\/fi\/wp-json\/wp\/v2\/users\/2"}],"replies":[{"embeddable":true,"href":"https:\/\/www.europesays.com\/fi\/wp-json\/wp\/v2\/comments?post=88383"}],"version-history":[{"count":0,"href":"https:\/\/www.europesays.com\/fi\/wp-json\/wp\/v2\/posts\/88383\/revisions"}],"wp:featuredmedia":[{"embeddable":true,"href":"https:\/\/www.europesays.com\/fi\/wp-json\/wp\/v2\/media\/88384"}],"wp:attachment":[{"href":"https:\/\/www.europesays.com\/fi\/wp-json\/wp\/v2\/media?parent=88383"}],"wp:term":[{"taxonomy":"category","embeddable":true,"href":"https:\/\/www.europesays.com\/fi\/wp-json\/wp\/v2\/categories?post=88383"},{"taxonomy":"post_tag","embeddable":true,"href":"https:\/\/www.europesays.com\/fi\/wp-json\/wp\/v2\/tags?post=88383"}],"curies":[{"name":"wp","href":"https:\/\/api.w.org\/{rel}","templated":true}]}}