{"id":88387,"date":"2025-11-12T20:03:10","date_gmt":"2025-11-12T20:03:10","guid":{"rendered":"https:\/\/www.europesays.com\/fi\/88387\/"},"modified":"2025-11-12T20:03:10","modified_gmt":"2025-11-12T20:03:10","slug":"putin-narahti-huijauksesta","status":"publish","type":"post","link":"https:\/\/www.europesays.com\/fi\/88387\/","title":{"rendered":"Putin narahti huijauksesta"},"content":{"rendered":"<p>Tutkivien toimittajien ryhm\u00e4 paljasti Kremlin valehtelevan toistuvasti presidentin olinpaikasta.<\/p>\n<p><img decoding=\"async\" class=\"image image-show image-preview\" src=\"https:\/\/www.europesays.com\/fi\/wp-content\/uploads\/2025\/10\/6af8814d12352d37e7a0a8ad1b9669c103657a823bc3a0d822a4dd78146ce342.jpg\" alt=\"\"\/><img decoding=\"async\" class=\"image image-show\" src=\"https:\/\/www.europesays.com\/fi\/wp-content\/uploads\/2025\/10\/1759683609_451_6af8814d12352d37e7a0a8ad1b9669c103657a823bc3a0d822a4dd78146ce342.jpg\" alt=\"\"\/><\/p>\n<p>Tutkivien toimittajien ryhm\u00e4 teki paljastuksen Kremlin valheista.  ZumaWire \/ MVPHOTOS<\/p>\n<p class=\"paragraph\">Kreml on antanut toistuvasti harhaanjohtavaa tietoa Ven\u00e4j\u00e4n presidentin <a href=\"https:\/\/www.iltalehti.fi\/henkilot\/Vladimir Putin\" class=\"article-link-person-page\" rel=\"nofollow noopener\" target=\"_blank\">Vladimir Putinin<\/a> olinpaikasta. N\u00e4in v\u00e4itt\u00e4\u00e4 Yhdysvaltain kongressin rahoittama RadioFreeEurope\/RadioLiberty (RFE\/RL).<\/p>\n<p class=\"paragraph\">Median tutkivien toimittajien ryhm\u00e4n mukaan Putin k\u00e4ytt\u00e4\u00e4 kolmea l\u00e4hes identtist\u00e4 toimistoa eri puolilla maata.<\/p>\n<p class=\"paragraph\">Tutkimuksen mukaan eroavaisuudet kuvissa sek\u00e4 matkustustiedot osoittavat, ettei Putin ole aina siell\u00e4, miss\u00e4 h\u00e4nen v\u00e4itet\u00e4\u00e4n olevan. Monet v\u00e4itetysti Moskovan ulkopuolella j\u00e4rjestetyt tapaamiset tapahtuivat todellisuudessa Sot\u0161issa tai Valdaissa.<\/p>\n<p class=\"paragraph\">Tutkimustulosta havainnollistaviin kuviin voi tutustua <a href=\"https:\/\/www.rferl.org\/a\/kremlin-trickery-putin-offices-secrecy-investigation\/33586451.html\" target=\"_blank\" rel=\"noopener nofollow\">t\u00e4\u00e4ll\u00e4<\/a>.<\/p>\n<p>Kahva paljasti<\/p>\n<p class=\"paragraph\">Toimittajaryhm\u00e4 teki havainnon kolmesta identtisest\u00e4 toimistosta analysoimalla noin 700 Putinin hallinnon tai valtiollisten TV-kanavien julkaisemaa videota.<\/p>\n<p class=\"paragraph\">Toimittajat k\u00e4viv\u00e4t l\u00e4pi my\u00f6s sosiaalisen median p\u00e4ivityksi\u00e4 sek\u00e4 Putinin henkivartijoiden ja presidentti\u00e4 haastatelleiden toimittajien matkustustietoja.<\/p>\n<p class=\"paragraph\">Putinin bluffi paljastuu muun muassa lokakuussa 2020 l\u00e4hetetyss\u00e4 TV-haastattelussa, jonka v\u00e4itettiin olevan kuvattu presidentin virka-asunnolla Moskovan l\u00e4hi\u00f6ss\u00e4.<\/p>\n<p class=\"paragraph\">Haastattelun p\u00e4\u00e4tytty\u00e4 katsojille n\u00e4ytet\u00e4\u00e4n, kun Putin k\u00e4velee toimistonsa ovelle ja tarttuu ovenkahvaan. T\u00e4ss\u00e4 kohdassa ovenkahvan paikka paljastaa RFE\/RL:n mukaan, ettei Putin ole Moskovassa.<\/p>\n<p class=\"paragraph\">Putinin Moskovassa sijaitsevan virka-asunnon toimistossa ovenkahva on hieman alempana kuin oven vieress\u00e4 oleva sauma. Lokakuussa 2020 l\u00e4hetetyss\u00e4 videossa kahva sijaitsee kuitenkin sauman yl\u00e4puolella.<\/p>\n<p class=\"paragraph\">Moskovan l\u00e4hi\u00f6n sijaan haastattelu onkin kuvattu noin 1 500 kilometrin p\u00e4\u00e4ss\u00e4 l\u00e4hes identtisess\u00e4 toimistossa valtion residenssiss\u00e4 Sot\u0161issa.<\/p>\n<p class=\"paragraph\">Kahvan sijainnin lis\u00e4ksi Putinin todellisen olinpaikan voi havaita RFE\/RL:n mukaan my\u00f6s esimerkiksi TV-tason muodosta, p\u00f6yd\u00e4n pinnan v\u00e4rist\u00e4 sek\u00e4 Putinin solmion kuviosta.<\/p>\n<p class=\"paragraph\">Kyse ei ole yksitt\u00e4isest\u00e4 valkoisesta valheesta. RFE\/RL arvioi Kremlin valehdelleen Putinin sijainnin satoja kertoja viime vuosien aikana.<\/p>\n<p class=\"paragraph\">Putinin olinpaikan lis\u00e4ksi Kremlin tiedet\u00e4\u00e4n valehtelevan my\u00f6s Putinin kuvatun videomateriaalin <a href=\"https:\/\/www.iltalehti.fi\/ulkomaat\/63f9fa3f-e0c4-4a4f-8d77-92996bbfb0ab\" rel=\"nofollow noopener\" target=\"_blank\">ajankohtaisuudesta<\/a>. Kreml ja Ven\u00e4j\u00e4n valtiolliset uutistoimistot julkaisevat s\u00e4\u00e4nn\u00f6llisesti etuk\u00e4teen nauhoitettuja videoita Ven\u00e4j\u00e4n presidentti Vladimir Putinista ja esitt\u00e4v\u00e4t ne ajankohtaisina.<\/p>\n","protected":false},"excerpt":{"rendered":"Tutkivien toimittajien ryhm\u00e4 paljasti Kremlin valehtelevan toistuvasti presidentin olinpaikasta. Tutkivien toimittajien ryhm\u00e4 teki paljastuksen Kremlin valheista. ZumaWire \/&hellip;\n","protected":false},"author":2,"featured_media":53811,"comment_status":"","ping_status":"","sticky":false,"template":"","format":"standard","meta":{"footnotes":""},"categories":[5],"tags":[35,22,23,26,27,33,31,30,17,24,25,28,29,15,18,21,142,637,144,32,19,20,16,1262,1665],"class_list":{"0":"post-88387","1":"post","2":"type-post","3":"status-publish","4":"format-standard","5":"has-post-thumbnail","7":"category-otsikot","8":"tag-24h","9":"tag-breaking-news","10":"tag-breakingnews","11":"tag-featured-news","12":"tag-featurednews","13":"tag-fi","14":"tag-finland","15":"tag-finnish","16":"tag-headlines","17":"tag-latest-news","18":"tag-latestnews","19":"tag-main-news","20":"tag-mainnews","21":"tag-news","22":"tag-otsikot","23":"tag-paauutiset","24":"tag-poliitikot","25":"tag-politiikka","26":"tag-presidentti","27":"tag-suomi","28":"tag-top-stories","29":"tag-topstories","30":"tag-uutiset","31":"tag-venajan-politiikka","32":"tag-venalaiset-poliitikot"},"share_on_mastodon":{"url":"https:\/\/pubeurope.com\/@fi\/115538519945313160","error":""},"_links":{"self":[{"href":"https:\/\/www.europesays.com\/fi\/wp-json\/wp\/v2\/posts\/88387","targetHints":{"allow":["GET"]}}],"collection":[{"href":"https:\/\/www.europesays.com\/fi\/wp-json\/wp\/v2\/posts"}],"about":[{"href":"https:\/\/www.europesays.com\/fi\/wp-json\/wp\/v2\/types\/post"}],"author":[{"embeddable":true,"href":"https:\/\/www.europesays.com\/fi\/wp-json\/wp\/v2\/users\/2"}],"replies":[{"embeddable":true,"href":"https:\/\/www.europesays.com\/fi\/wp-json\/wp\/v2\/comments?post=88387"}],"version-history":[{"count":0,"href":"https:\/\/www.europesays.com\/fi\/wp-json\/wp\/v2\/posts\/88387\/revisions"}],"wp:featuredmedia":[{"embeddable":true,"href":"https:\/\/www.europesays.com\/fi\/wp-json\/wp\/v2\/media\/53811"}],"wp:attachment":[{"href":"https:\/\/www.europesays.com\/fi\/wp-json\/wp\/v2\/media?parent=88387"}],"wp:term":[{"taxonomy":"category","embeddable":true,"href":"https:\/\/www.europesays.com\/fi\/wp-json\/wp\/v2\/categories?post=88387"},{"taxonomy":"post_tag","embeddable":true,"href":"https:\/\/www.europesays.com\/fi\/wp-json\/wp\/v2\/tags?post=88387"}],"curies":[{"name":"wp","href":"https:\/\/api.w.org\/{rel}","templated":true}]}}