{"id":88399,"date":"2025-11-12T20:23:09","date_gmt":"2025-11-12T20:23:09","guid":{"rendered":"https:\/\/www.europesays.com\/fi\/88399\/"},"modified":"2025-11-12T20:23:09","modified_gmt":"2025-11-12T20:23:09","slug":"kiti-kokkosella-raju-tulehdus-kuva-ei-herkille","status":"publish","type":"post","link":"https:\/\/www.europesays.com\/fi\/88399\/","title":{"rendered":"Kiti Kokkosella raju tulehdus \u2013 Kuva ei herkille"},"content":{"rendered":"<p>Kiti Kokkonen kertoo k\u00e4rsiv\u00e4ns\u00e4 silm\u00e4luomitulehduksesta.<\/p>\n<p><img decoding=\"async\" class=\"image image-show image-preview\" src=\"https:\/\/www.europesays.com\/fi\/wp-content\/uploads\/2025\/11\/a86f2034552258e30372679ecd15794ddb05ad2859a7c732306ff512a20bc5bc.jpg\" alt=\"\"\/><img decoding=\"async\" class=\"image image-show\" src=\"https:\/\/www.europesays.com\/fi\/wp-content\/uploads\/2025\/11\/1762978989_698_a86f2034552258e30372679ecd15794ddb05ad2859a7c732306ff512a20bc5bc.jpg\" alt=\"\"\/><\/p>\n<p>Kiti Kokkonen kertoo sosiaalisessa mediassa terveyskuulumisiaan. Roosa Br\u00f6ijer<\/p>\n<p class=\"paragraph\">N\u00e4yttelij\u00e4 <a href=\"https:\/\/www.iltalehti.fi\/henkilot\/Kiti Kokkonen\" class=\"article-link-person-page\" rel=\"nofollow noopener\" target=\"_blank\">Kiti Kokkonen<\/a> kertoo <a href=\"https:\/\/www.instagram.com\/p\/DQ76i0xCBLu\/?img_index=1\" target=\"_blank\" rel=\"noopener nofollow\">Instagram<\/a>-tilins\u00e4 uudessa julkaisussa tuoreita kuulumisiaan.<\/p>\n<p class=\"paragraph\">Kahden kuvan kuvakarusellissa Kokkonen kertoo, ett\u00e4 h\u00e4nell\u00e4 on ik\u00e4vi\u00e4 terveyshuolia. Ensimm\u00e4isess\u00e4 kuvassa on lupiineja, joiden lehti\u00e4 koristavat vedest\u00e4 tulleet kastehelmet. Toisessa kuvassa on Kokkosen kasvokuva.<\/p>\n<p class=\"paragraph\">\u2013 Tied\u00e4n hyvin, ett\u00e4 maailmassa on huomattavasti hirve\u00e4mpi\u00e4 asioita. Mutta silm\u00e4luomitulehdus molemmissa silmiss\u00e4 on yll\u00e4tt\u00e4v\u00e4n \u00e4rsytt\u00e4v\u00e4\u00e4 ja rasittavaa (ja \u00e4ll\u00f6tt\u00e4v\u00f6\u00f6). Ja uskomattoman kivuliasta, Kokkonen kirjoittaa.<\/p>\n<p class=\"paragraph\">Jos julkaisu ei n\u00e4y, voit katsoa sen <a href=\"https:\/\/www.instagram.com\/p\/DQ76i0xCBLu\/?img_index=1\" target=\"_blank\" rel=\"noopener nofollow\">t\u00e4\u00e4lt\u00e4<\/a>.<\/p>\n<p class=\"paragraph\">Kokkosen mukaan kulunut vuosi ei ole ollut helppo.<\/p>\n<p class=\"paragraph\">\u2013 T\u00e4\u00e4 mennyt puolivuotinen on ollut muutenkin terveydellisest\u00e4 n\u00e4k\u00f6kulmasta floppi, ni alkaa kohta huumori loppumaan. Eik\u00e4 t\u00e4mm\u00f6isen jakamisessa ole varmaan mit\u00e4\u00e4n j\u00e4rke\u00e4, mutta on nyt mielen p\u00e4\u00e4ll\u00e4 ja miksei t\u00e4mm\u00f6ist\u00e4kin arkirealismia toisaalta voi jakaa siin\u00e4 miss\u00e4 mit\u00e4 tahansa muutakin, h\u00e4n jatkaa.<\/p>\n<p class=\"paragraph\">\u2013 Antibiootit on joka l\u00e4ht\u00f6\u00f6n, putsauslaput ja muut tilpeh\u00f6\u00f6rit. Ai ett\u00e4! Ja t\u00e4ss\u00e4 kuvassa noi luomet on viel\u00e4 suht \u201drauhalliset\u201d. T\u00f6tt\u00f6r\u00f6\u00f6! Kokkonen p\u00e4\u00e4tt\u00e4\u00e4.<\/p>\n<p class=\"paragraph\">Useat kommentoijat ovat kiiruhtaneet lohduttamaan Kokkosta. Osa kommentoijista kertoo k\u00e4rsineens\u00e4 samasta vaivasta.<\/p>\n<p class=\"paragraph\">\u2013 Varmasti \u00e4rsytt\u00e4v\u00e4\u00e4 ja kivuliasta. Pikaista paranemista toivotamme. Tsemppist\u00e4! Er\u00e4s kommentoijista kirjoittaa.<\/p>\n<p class=\"paragraph\">\u2013 Voi kurja. Tulee vedet silmiin kun katsoo kuvaasi. Voimia ja tsemppi\u00e4! Paranemista, toinen jatkaa.<\/p>\n<p class=\"paragraph\">\u2013 Silm\u00e4luomitulehdus ON hyvin kivulias \u2013 nimimerkill\u00e4, kokemusta on. Hurjanhirveenkauheesti voimia ja Isosti Voimahaleja, kolmas kirjoittaja lohduttaa.<\/p>\n<p><script async src=\"\/\/www.instagram.com\/embed.js\"><\/script><\/p>\n","protected":false},"excerpt":{"rendered":"Kiti Kokkonen kertoo k\u00e4rsiv\u00e4ns\u00e4 silm\u00e4luomitulehduksesta. Kiti Kokkonen kertoo sosiaalisessa mediassa terveyskuulumisiaan. Roosa Br\u00f6ijer N\u00e4yttelij\u00e4 Kiti Kokkonen kertoo Instagram-tilins\u00e4&hellip;\n","protected":false},"author":2,"featured_media":88400,"comment_status":"","ping_status":"","sticky":false,"template":"","format":"standard","meta":{"footnotes":""},"categories":[130],"tags":[35,153,155,137,33,31,30,718,154,32,485,140,156,109],"class_list":{"0":"post-88399","1":"post","2":"type-post","3":"status-publish","4":"format-standard","5":"has-post-thumbnail","7":"category-viihde","8":"tag-24h","9":"tag-audiovisuaalinen-media","10":"tag-elokuvat","11":"tag-entertainment","12":"tag-fi","13":"tag-finland","14":"tag-finnish","15":"tag-nayttamotaide","16":"tag-nayttelijat-teatteri","17":"tag-suomi","18":"tag-taide-yleista","19":"tag-tv-ja-elokuvat","20":"tag-tv","21":"tag-viihde"},"share_on_mastodon":{"url":"https:\/\/pubeurope.com\/@fi\/115538598621873409","error":""},"_links":{"self":[{"href":"https:\/\/www.europesays.com\/fi\/wp-json\/wp\/v2\/posts\/88399","targetHints":{"allow":["GET"]}}],"collection":[{"href":"https:\/\/www.europesays.com\/fi\/wp-json\/wp\/v2\/posts"}],"about":[{"href":"https:\/\/www.europesays.com\/fi\/wp-json\/wp\/v2\/types\/post"}],"author":[{"embeddable":true,"href":"https:\/\/www.europesays.com\/fi\/wp-json\/wp\/v2\/users\/2"}],"replies":[{"embeddable":true,"href":"https:\/\/www.europesays.com\/fi\/wp-json\/wp\/v2\/comments?post=88399"}],"version-history":[{"count":0,"href":"https:\/\/www.europesays.com\/fi\/wp-json\/wp\/v2\/posts\/88399\/revisions"}],"wp:featuredmedia":[{"embeddable":true,"href":"https:\/\/www.europesays.com\/fi\/wp-json\/wp\/v2\/media\/88400"}],"wp:attachment":[{"href":"https:\/\/www.europesays.com\/fi\/wp-json\/wp\/v2\/media?parent=88399"}],"wp:term":[{"taxonomy":"category","embeddable":true,"href":"https:\/\/www.europesays.com\/fi\/wp-json\/wp\/v2\/categories?post=88399"},{"taxonomy":"post_tag","embeddable":true,"href":"https:\/\/www.europesays.com\/fi\/wp-json\/wp\/v2\/tags?post=88399"}],"curies":[{"name":"wp","href":"https:\/\/api.w.org\/{rel}","templated":true}]}}