{"id":88421,"date":"2025-11-12T20:49:11","date_gmt":"2025-11-12T20:49:11","guid":{"rendered":"https:\/\/www.europesays.com\/fi\/88421\/"},"modified":"2025-11-12T20:49:11","modified_gmt":"2025-11-12T20:49:11","slug":"pepe-willberg-esiintyi-taysille-saleille-sitten-tapahtui-taydellinen-muutos","status":"publish","type":"post","link":"https:\/\/www.europesays.com\/fi\/88421\/","title":{"rendered":"Pepe Willberg esiintyi t\u00e4ysille saleille \u2013 Sitten tapahtui t\u00e4ydellinen muutos"},"content":{"rendered":"<p>Pepe Willberg palaa Satulinnaan Vain el\u00e4m\u00e4\u00e4 -ohjelman perjantain jaksossa.<\/p>\n<p><img decoding=\"async\" class=\"image image-show image-preview\" src=\"https:\/\/www.europesays.com\/fi\/wp-content\/uploads\/2025\/11\/8c1858497e6ef8c5e674b9b60cae0539ee83235ef7184a8454b9399166a45daf.jpg\" alt=\"\"\/><img decoding=\"async\" class=\"image image-show\" src=\"https:\/\/www.europesays.com\/fi\/wp-content\/uploads\/2025\/11\/1762980551_286_8c1858497e6ef8c5e674b9b60cae0539ee83235ef7184a8454b9399166a45daf.jpg\" alt=\"\"\/><\/p>\n<p>Pepe Willberg istuu Vain el\u00e4m\u00e4\u00e4 -p\u00f6yd\u00e4n p\u00e4\u00e4ss\u00e4 perjantaina. Petri Aho<\/p>\n<p class=\"paragraph\">Vain el\u00e4m\u00e4\u00e4 -ohjelmassa vietet\u00e4\u00e4n perjantaina kunniavieras <a href=\"https:\/\/www.iltalehti.fi\/henkilot\/Pepe Willberg\" class=\"article-link-person-page\" rel=\"nofollow noopener\" target=\"_blank\">Pepe Willbergin<\/a> p\u00e4iv\u00e4\u00e4.<\/p>\n<p class=\"paragraph\">Ohjelmassa muistellaan muun muassa Willbergin uran alkuaikoja, kun h\u00e4n lauloi 1960-luvulla Jormas-yhtyeess\u00e4. Yhtye niitti mainetta sen verran, ett\u00e4 paikat alkoivat olla t\u00e4ynn\u00e4.<\/p>\n<p class=\"paragraph\">\u2013 Kuplahallissa oli Jan Rohde &amp; The Adventures, jonka entinen rumpali, <a href=\"https:\/\/www.iltalehti.fi\/henkilot\/Kurt Mattson\" class=\"article-link-person-page\" rel=\"nofollow noopener\" target=\"_blank\">Kurre Mattson<\/a>, oli meid\u00e4n b\u00e4ndiss\u00e4mme. Adventuresin tyypit olivat tottuneet siihen, ett\u00e4 kaikki paikat ovat t\u00e4ynn\u00e4, kun he ovat Suomessa. Kuplahalli oli tyhj\u00e4, koska kaikki nuoret olivat kuuntelemassa meit\u00e4 tanssilavalla, Willberg muistelee.<\/p>\n<p class=\"paragraph\">Lopulta yhtyeen toiminta kuitenkin hiipui. <a href=\"https:\/\/www.iltalehti.fi\/henkilot\/Mikki Kauste\" class=\"article-link-person-page\" rel=\"nofollow noopener\" target=\"_blank\">Mikki Kauste<\/a> kysyy Willbergilt\u00e4 Vain el\u00e4m\u00e4\u00e4 -p\u00f6yd\u00e4ss\u00e4 syyt\u00e4 t\u00e4lle.<\/p>\n<p class=\"paragraph\">\u2013 Tuli v\u00e4h\u00e4n skismaa b\u00e4ndin j\u00e4senten kesken. Sitten tuli armeija sopivasti siihen v\u00e4liin. Ajattelimme, ett\u00e4 on viisainta menn\u00e4 armeijaan ja rauhoittaa tilanne, Willberg avaa.<\/p>\n<p class=\"paragraph\">Kun yhtyeen j\u00e4senet tulivat armeijasta pois, aika oli ajanut ohi.<\/p>\n<p class=\"paragraph\">\u2013 Aika pian tajusimme, ett\u00e4 kitaristimme <a href=\"https:\/\/www.iltalehti.fi\/henkilot\/Hasse Walli\" class=\"article-link-person-page\" rel=\"nofollow noopener\" target=\"_blank\">Hasse Walli<\/a> soitti Blues Section -yhtyeess\u00e4, jonka h\u00e4n oli perustanut. Nuorisomusiikki oli k\u00e4\u00e4nt\u00e4nyt aivan p\u00e4\u00e4laelleen, Willberg naurahtaa.<\/p>\n<p class=\"paragraph\">\u2013 K\u00e4vi harmillisesti, ett\u00e4 juuri kun Jormas olisi suuruuden kynnyksell\u00e4, silloin tuli b\u00e4ndin sis\u00e4iset skismat ja p\u00e4\u00e4timme l\u00e4hte\u00e4 armeijaan. Sen j\u00e4lkeen oli uudet ajat, Willberg jatkaa.<\/p>\n<p class=\"paragraph\">Ajan my\u00f6t\u00e4 Willberg korjasi v\u00e4lins\u00e4 vanhoihin yhtyetovereihinsa.<\/p>\n<p class=\"paragraph\">\u2013 Huonotkin v\u00e4lit ovat muuttuneet hyviksi. Voin hyvin ymm\u00e4rt\u00e4\u00e4, ett\u00e4 olin hankala tapaus, kun puhuttiin musiikista. Mielipiteeni yli oli vaikea k\u00e4vell\u00e4, Willberg toteaa.<\/p>\n<p class=\"paragraph\">Vain el\u00e4m\u00e4\u00e4 Nelosella perjantaina kello 20.00 &amp; Ruudussa. <a href=\"https:\/\/www.iltalehti.fi\/telkku\" rel=\"nofollow noopener\" target=\"_blank\">Katso kaikki TV-ohjelmat ja l\u00e4hetysajat Telkun TV-oppaasta.<\/a><\/p>\n","protected":false},"excerpt":{"rendered":"Pepe Willberg palaa Satulinnaan Vain el\u00e4m\u00e4\u00e4 -ohjelman perjantain jaksossa. Pepe Willberg istuu Vain el\u00e4m\u00e4\u00e4 -p\u00f6yd\u00e4n p\u00e4\u00e4ss\u00e4 perjantaina. Petri&hellip;\n","protected":false},"author":2,"featured_media":88422,"comment_status":"","ping_status":"","sticky":false,"template":"","format":"standard","meta":{"footnotes":""},"categories":[130],"tags":[35,138,137,33,31,30,47,141,742,32,484,109],"class_list":{"0":"post-88421","1":"post","2":"type-post","3":"status-publish","4":"format-standard","5":"has-post-thumbnail","7":"category-viihde","8":"tag-24h","9":"tag-audio","10":"tag-entertainment","11":"tag-fi","12":"tag-finland","13":"tag-finnish","14":"tag-musiikki","15":"tag-muusikot-bandit","16":"tag-suomalainen-musiikki","17":"tag-suomi","18":"tag-taiteellinen-ilmaisu-ja-mediat","19":"tag-viihde"},"share_on_mastodon":{"url":"https:\/\/pubeurope.com\/@fi\/115538700866442007","error":""},"_links":{"self":[{"href":"https:\/\/www.europesays.com\/fi\/wp-json\/wp\/v2\/posts\/88421","targetHints":{"allow":["GET"]}}],"collection":[{"href":"https:\/\/www.europesays.com\/fi\/wp-json\/wp\/v2\/posts"}],"about":[{"href":"https:\/\/www.europesays.com\/fi\/wp-json\/wp\/v2\/types\/post"}],"author":[{"embeddable":true,"href":"https:\/\/www.europesays.com\/fi\/wp-json\/wp\/v2\/users\/2"}],"replies":[{"embeddable":true,"href":"https:\/\/www.europesays.com\/fi\/wp-json\/wp\/v2\/comments?post=88421"}],"version-history":[{"count":0,"href":"https:\/\/www.europesays.com\/fi\/wp-json\/wp\/v2\/posts\/88421\/revisions"}],"wp:featuredmedia":[{"embeddable":true,"href":"https:\/\/www.europesays.com\/fi\/wp-json\/wp\/v2\/media\/88422"}],"wp:attachment":[{"href":"https:\/\/www.europesays.com\/fi\/wp-json\/wp\/v2\/media?parent=88421"}],"wp:term":[{"taxonomy":"category","embeddable":true,"href":"https:\/\/www.europesays.com\/fi\/wp-json\/wp\/v2\/categories?post=88421"},{"taxonomy":"post_tag","embeddable":true,"href":"https:\/\/www.europesays.com\/fi\/wp-json\/wp\/v2\/tags?post=88421"}],"curies":[{"name":"wp","href":"https:\/\/api.w.org\/{rel}","templated":true}]}}