{"id":88444,"date":"2025-11-12T21:33:23","date_gmt":"2025-11-12T21:33:23","guid":{"rendered":"https:\/\/www.europesays.com\/fi\/88444\/"},"modified":"2025-11-12T21:33:23","modified_gmt":"2025-11-12T21:33:23","slug":"sointu-borgin-vinkit-marraskuun-harmauden-selattamiseen-upeat-kuvat-ja-salaisuutena-on-paivaunet-seka-sen-ymmartaminen-etta-ollaan-jo-marraskuun-puolivalissa","status":"publish","type":"post","link":"https:\/\/www.europesays.com\/fi\/88444\/","title":{"rendered":"Sointu Borgin vinkit marraskuun harmauden sel\u00e4tt\u00e4miseen, upeat kuvat ja salaisuutena on p\u00e4iv\u00e4unet sek\u00e4 sen ymm\u00e4rt\u00e4minen, ett\u00e4 ollaan jo marraskuun puoliv\u00e4liss\u00e4"},"content":{"rendered":"<p class=\"article-content article-content-width !bg-background\">Mediapersoona  n\u00e4ytt\u00e4\u00e4 k\u00e4rsiv\u00e4n useimpien suomalaisten takaan marraskuun riipaisevasta harmaudesta ja pimeydest\u00e4.\u00a0<\/p>\n<p class=\"font-weight-bold m-font-weight-bold article-content article-content-width !bg-background\">Arkistovideo: Sointu on sek\u00e4 vakava maisterisnainen ett\u00e4 rento tyrkkykokemusasiantuntija<\/p>\n<p class=\"article-content article-content-width !bg-background\"> Yritt\u00e4j\u00e4n\u00e4 h\u00e4n ei kuitenkaan j\u00e4\u00e4 seisomaan tumput suorana, vaan ehdottaa konstia. Siihen liittyy vaakataso. <\/p>\n<p>                <img decoding=\"async\" src=\"https:\/\/www.europesays.com\/fi\/wp-content\/uploads\/2025\/11\/1991663.webp\" width=\"576\" height=\"500\" alt=\"Soinnun viimeisin mediatempaus oli Ylell\u00e4 n\u00e4hty Sointu Borg ja tyrkyt -realitykisa, jossa somevaikuttajat kisasivat kesken\u00e4\u00e4n ja saivat Soinnulta sparrausta.\" loading=\"lazy\" \/>            <\/p>\n<p>\n            Soinnun viimeisin mediatempaus oli Ylell\u00e4 n\u00e4hty Sointu Borg ja tyrkyt -realitykisa, jossa somevaikuttajat kisasivat kesken\u00e4\u00e4n ja saivat Soinnulta sparrausta.<br \/>\n            ATTE KAJOVA\n        <\/p>\n<p class=\"article-content article-content-width !bg-background\">Soinnun Instagram-tilill\u00e4\u00e4n julkaisemassa kuvakimarassa on vinkki, josta jokainen voi ottaa vaarin. Nautinnonhalulle voi antaa periksi, Sointu ehdottaa.<\/p>\n<p>&#8221;Ei mulla muuta&#8221;<\/p>\n<p class=\"article-content article-content-width !bg-background\">Nelj\u00e4st\u00e4 julkaisemastaan kuvasta ensimm\u00e4isess\u00e4 h\u00e4n makaakin s\u00e4ngyll\u00e4\u00e4n rauhoittavan h\u00e4m\u00e4r\u00e4ss\u00e4 valaistuksessa tyynyjen ja v\u00e4llyjen ymp\u00e4r\u00f6im\u00e4n\u00e4.<\/p>\n<p>        <a itemprop=\"url\" href=\"https:\/\/www.seiska.fi\/kotimaa\/nyt-on-kuumaa-sointu-borg-pakeni-ulkomaille\/1873009\" rel=\"nofollow noopener\" target=\"_blank\"><\/p>\n<p>\nRohkeat kuvat!\n<\/p>\n<p class=\"section-date\">\n        <strong class=\"article-section\" data-section=\"kotimaa\"><br \/>\n            kotimaa<br \/>\n        <\/strong><br \/>\n        21.7. 10:07\n    <\/p>\n<p>Nyt on kuumaa! Sointu Borg pakeni ulkomaille\n    <\/p>\n<p itemprop=\"description\" class=\"subtitle \">\n    Sointu Borg l\u00e4hti ulkomaille bikinit p\u00e4\u00e4ll\u00e4.\n<\/p>\n<p>        <\/a><\/p>\n<p class=\"article-content article-content-width !bg-background\">\u2013 Rakastan p\u00e4iv\u00e4unia, enk\u00e4 lopeta, vaikka varmaan pit\u00e4is, Sointu uhoaa kuvatekstiss\u00e4.<\/p>\n<p class=\"article-content article-content-width !bg-background\">\u2013 Ei mulla muuta, h\u00e4n kirjoittaa, vaikka kohta jatkaakin.<\/p>\n<p class=\"article-content article-content-width !bg-background\">Ja Soinnun marraskuunparannusvinkki on aivan pist\u00e4m\u00e4t\u00f6n. Sen voima on positiivisten faktojen poimimisessa ja sis\u00e4ist\u00e4misess\u00e4.<\/p>\n<p>        <a itemprop=\"url\" href=\"https:\/\/www.seiska.fi\/kotimaa\/jestas-sointu-borgilta-paljastus-kauneusoperaatiostaan\/1897103\" rel=\"nofollow noopener\" target=\"_blank\"><\/p>\n<p>\nJestas!\n<\/p>\n<p class=\"section-date\">\n        <strong class=\"article-section\" data-section=\"kotimaa\"><br \/>\n            kotimaa<br \/>\n        <\/strong><br \/>\n        12.8. 14:26\n    <\/p>\n<p>Jestas! Sointu Borgilta paljastus kauneusoperaatiostaan\n    <\/p>\n<p itemprop=\"description\" class=\"subtitle \">\n    Sointu ei piilottele kauneutensa saloja.\n<\/p>\n<p>        <\/a><\/p>\n<p class=\"article-content article-content-width !bg-background\">\u2013 Muista: marraskuu on melkeen puoliv\u00e4liss\u00e4. Kohta on kev\u00e4t.<\/p>\n<p>                <img decoding=\"async\" src=\"https:\/\/www.europesays.com\/fi\/wp-content\/uploads\/2025\/11\/1991669.webp\" width=\"576\" height=\"720\" alt=\"Kun Tampereen upouusi kiekko- ja tapahtuma-areena avattiin, Soinnulla oli avajaisista asti sormensa peliss\u00e4. Tilaisuuksien vip-em\u00e4nn\u00e4t v\u00e4litti Soinnun firma. Sen leiviss\u00e4 esimerkiksi Erika Vikmanin sisko ja somepersoona Jennika n\u00e4htiin Tapparan klubiem\u00e4nt\u00e4n\u00e4.\" loading=\"lazy\" \/>            <\/p>\n<p>\n            Kun Tampereen upouusi kiekko- ja tapahtuma-areena avattiin, Soinnulla oli avajaisista asti sormensa peliss\u00e4. Tilaisuuksien vip-em\u00e4nn\u00e4t v\u00e4litti Soinnun firma. Sen leiviss\u00e4 esimerkiksi Erika Vikmanin sisko ja somepersoona Jennika n\u00e4htiin Tapparan klubiem\u00e4nt\u00e4n\u00e4.<br \/>\n            kristian Wallin\n        <\/p>\n<p class=\"article-content article-content-width !bg-background\">Vaikka fakta on totta, sen j\u00e4lkimm\u00e4isen lauseen realistisuuden puute aiheuttaa kuitenkin nauruntyrskett\u00e4.<\/p>\n<p class=\"article-content article-content-width !bg-background\">\u2013 Voidaanks vaa suoraan hyp\u00e4t\u00e4 joulun yli kev\u00e4\u00e4seen, seuraaja kysyy.<\/p>\n<p class=\"article-content article-content-width !bg-background\">Sointu vastaa kolmella itkunauruhymi\u00f6ll\u00e4.<\/p>\n<p>Sitke\u00e4 ja moninainen<\/p>\n<p class=\"article-content article-content-width !bg-background\">Sointu nousi julkisuuteen Diilist\u00e4 vuonna 2021. Sittemmin v\u00e4lit ohjelmaa vet\u00e4neeseen Jaajoon kuitenkin viileniv\u00e4t ja Sointu l\u00e4hti l\u00e4tkim\u00e4\u00e4n  leivist\u00e4. Ty\u00f6 ei alkuunkaan vastannut sit\u00e4, mist\u00e4 oli sovittu.<\/p>\n<p>        <a itemprop=\"url\" href=\"https:\/\/www.seiska.fi\/vain-seiskassa\/nyt-puhuu-sointu-borg-totuus-valeista-jaajoon\/1611577\" rel=\"nofollow noopener\" target=\"_blank\"><\/p>\n<p>\nSointu Borg\n<\/p>\n<p class=\"section-date\">\n        <strong class=\"article-section\" data-section=\"vain seiskassa\"><br \/>\n            vain seiskassa<br \/>\n        <\/strong><br \/>\n        14.2. 06:00\n    <\/p>\n<p>Nyt puhuu Sointu Borg: Totuus v\u00e4leist\u00e4 Jaajoon\n    <\/p>\n<p itemprop=\"description\" class=\"subtitle \">\n    Sointu on tottunut rep\u00e4isem\u00e4\u00e4n.\n<\/p>\n<p>        <\/a><\/p>\n<p class=\"article-content article-content-width !bg-background\">Vaikka Diili nostikin Soinnun pinnalle, h\u00e4n olisi luultavasti julkisuudessa muutenkin. Niin ennakkoluulotonta ja moneen taipuvaa h\u00e4nen ty\u00f6ns\u00e4 on.<\/p>\n<p>        <a itemprop=\"url\" href=\"https:\/\/www.seiska.fi\/kotimaa\/eeva-sointu-borg-avautuu-huumeiden-viihdekaytosta\/1856052\" rel=\"nofollow noopener\" target=\"_blank\"><\/p>\n<p>\nEeva-lehti:\n<\/p>\n<p class=\"section-date\">\n        <strong class=\"article-section\" data-section=\"kotimaa\"><br \/>\n            kotimaa<br \/>\n        <\/strong><br \/>\n        2.7. 14:58\n    <\/p>\n<p>Eeva: Sointu Borg avautuu huumeiden viihdek\u00e4yt\u00f6st\u00e4\n    <\/p>\n<p itemprop=\"description\" class=\"subtitle \">\n    Bisnesnainen, kirjailija ja somevaikuttaja kokee menestymisen my\u00f6t\u00e4 my\u00f6s menett\u00e4misen pelkoa.\n<\/p>\n<p>        <\/a><\/p>\n<p class=\"article-content article-content-width !bg-background\">Taustalla on kolumneja, kirjoja, puhujakeikkaa, oma realitykisa Tyrkyt, someyritt\u00e4jyytt\u00e4&#8230; Eniten Sointu on saanut positiivista julkisuutta naisten puolesta puhumisesta. Kun  nousi julkisuuteen Kultamekko-Iidana, Sointu oli heti puolustamassa julkkistulokkaan rohkeaa asennetta. My\u00f6s R\u00f6yhke\u00e4sti rohkea -kirja on saanut kiitosta.<\/p>\n<p>        <a itemprop=\"url\" href=\"https:\/\/www.seiska.fi\/kotimaa\/topi-borg-ja-sointu-sisko-juhlivat-topin-kolmekymppisia-poikkeuksellisella-tavalla\/1376827\" rel=\"nofollow noopener\" target=\"_blank\"><\/p>\n<p class=\"section-date\">\n        <strong class=\"article-section\" data-section=\"kotimaa\"><br \/>\n            kotimaa<br \/>\n        <\/strong><br \/>\n        10.6.2024 12:00\n    <\/p>\n<p>Topi Borg ja Sointu-sisko juhlivat Topin kolmekymppisi\u00e4 poikkeuksellisella tavalla\n    <\/p>\n<p itemprop=\"description\" class=\"subtitle \">\n    Kirjolla-sarjan mediasuosikki valitsi syntt\u00e4rijuhlansa kunniaksi harvinaisen kulttuurikohteen\n<\/p>\n<p>        <\/a><\/p>\n<p class=\"article-content article-content-width !bg-background\">Sointu on my\u00f6s muistuttanut, ett\u00e4 kauneuskaan ei ole yksiselitteisesti etu. H\u00e4nen on usein ollut vaikea saada \u00e4\u00e4nens\u00e4 kuuluviin vakavasti otettavana liikenaisena. Tilanteet eiv\u00e4t kuitenkaan ole j\u00e4\u00e4neet Soinnulta vain yrityksiksi.<\/p>\n","protected":false},"excerpt":{"rendered":"Mediapersoona n\u00e4ytt\u00e4\u00e4 k\u00e4rsiv\u00e4n useimpien suomalaisten takaan marraskuun riipaisevasta harmaudesta ja pimeydest\u00e4.\u00a0 Arkistovideo: Sointu on sek\u00e4 vakava maisterisnainen ett\u00e4&hellip;\n","protected":false},"author":2,"featured_media":88445,"comment_status":"","ping_status":"","sticky":false,"template":"","format":"standard","meta":{"footnotes":""},"categories":[136],"tags":[407,2678,137,33,31,30,2233,408,17890,212,17891,4054,14887,16259,2680,32,4140,201,109,5752,5260,4461],"class_list":{"0":"post-88444","1":"post","2":"type-post","3":"status-publish","4":"format-standard","5":"has-post-thumbnail","7":"category-julkkikset","8":"tag-celebrities","9":"tag-diili","10":"tag-entertainment","11":"tag-fi","12":"tag-finland","13":"tag-finnish","14":"tag-hyvinvointi","15":"tag-julkkikset","16":"tag-kaamos","17":"tag-lifestyle","18":"tag-marraskuu","19":"tag-naiset","20":"tag-naiseus","21":"tag-paivaunet","22":"tag-sointu-borg","23":"tag-suomi","24":"tag-syksy","25":"tag-ura","26":"tag-viihde","27":"tag-vinkit","28":"tag-vinkki","29":"tag-yrittaja"},"share_on_mastodon":{"url":"https:\/\/pubeurope.com\/@fi\/115538874430025607","error":""},"_links":{"self":[{"href":"https:\/\/www.europesays.com\/fi\/wp-json\/wp\/v2\/posts\/88444","targetHints":{"allow":["GET"]}}],"collection":[{"href":"https:\/\/www.europesays.com\/fi\/wp-json\/wp\/v2\/posts"}],"about":[{"href":"https:\/\/www.europesays.com\/fi\/wp-json\/wp\/v2\/types\/post"}],"author":[{"embeddable":true,"href":"https:\/\/www.europesays.com\/fi\/wp-json\/wp\/v2\/users\/2"}],"replies":[{"embeddable":true,"href":"https:\/\/www.europesays.com\/fi\/wp-json\/wp\/v2\/comments?post=88444"}],"version-history":[{"count":0,"href":"https:\/\/www.europesays.com\/fi\/wp-json\/wp\/v2\/posts\/88444\/revisions"}],"wp:featuredmedia":[{"embeddable":true,"href":"https:\/\/www.europesays.com\/fi\/wp-json\/wp\/v2\/media\/88445"}],"wp:attachment":[{"href":"https:\/\/www.europesays.com\/fi\/wp-json\/wp\/v2\/media?parent=88444"}],"wp:term":[{"taxonomy":"category","embeddable":true,"href":"https:\/\/www.europesays.com\/fi\/wp-json\/wp\/v2\/categories?post=88444"},{"taxonomy":"post_tag","embeddable":true,"href":"https:\/\/www.europesays.com\/fi\/wp-json\/wp\/v2\/tags?post=88444"}],"curies":[{"name":"wp","href":"https:\/\/api.w.org\/{rel}","templated":true}]}}