{"id":88450,"date":"2025-11-12T21:41:10","date_gmt":"2025-11-12T21:41:10","guid":{"rendered":"https:\/\/www.europesays.com\/fi\/88450\/"},"modified":"2025-11-12T21:41:10","modified_gmt":"2025-11-12T21:41:10","slug":"kuulijat-kritisoivat-ylen-uutuusohjelmaa-taidan-sulkea-koko-toosan","status":"publish","type":"post","link":"https:\/\/www.europesays.com\/fi\/88450\/","title":{"rendered":"Kuulijat kritisoivat Ylen uutuusohjelmaa: \u201dTaidan sulkea koko toosan\u201d"},"content":{"rendered":"<p>Sosiaalisessa mediassa ei heru kehuja Yle Radio Suomen uuden iltap\u00e4iv\u00e4ohjelman toteutukselle. <\/p>\n<p><img decoding=\"async\" class=\"image image-show image-preview\" src=\"https:\/\/www.europesays.com\/fi\/wp-content\/uploads\/2025\/11\/b140d930be4fef7fa4f1786deab52144dbfe3da5df71986af619db1d1d1edd10.jpg\" alt=\"\"\/><img decoding=\"async\" class=\"image image-show\" src=\"https:\/\/www.europesays.com\/fi\/wp-content\/uploads\/2025\/11\/1762983670_331_b140d930be4fef7fa4f1786deab52144dbfe3da5df71986af619db1d1d1edd10.jpg\" alt=\"\"\/><\/p>\n<p>Ylen radiokanavilla on tehty useita muutoksia parlamentaarisen ty\u00f6ryhm\u00e4n edellytt\u00e4mien s\u00e4\u00e4st\u00f6jen vuoksi.  OUTI J\u00c4RVINEN<\/p>\n<p class=\"paragraph\">Yle Radio Suomessa alkoi uusi iltap\u00e4iv\u00e4ohjelma maanantaina.<\/p>\n<p class=\"paragraph\"><strong>Anna Sir\u00e9nin<\/strong> juontama Radio Suomi l\u00e4hell\u00e4si -ohjelma yhdistelee paikallisia ja valtakunnallisia osuuksia.<\/p>\n<p class=\"paragraph\">Ennen ohjelman alkua kerrottiin, ett\u00e4 uudessa iltap\u00e4iv\u00e4ohjelmassa 70 prosenttia puhesis\u00e4ll\u00f6st\u00e4 on maakunnallista. Ohjelmatiedotteessa kerrottiin, ett\u00e4 kaikki 18 Suomen maakuntaa tulevat kuuluviksi.<\/p>\n<p class=\"paragraph\">\u2013 K\u00e4yt\u00e4nn\u00f6ss\u00e4 t\u00e4m\u00e4 tarkoittaa 18 erillist\u00e4, yht\u00e4aikaista l\u00e4hetysikkunaa eli jokaisessa maakunnassa kuullaan juuri sen alueen asioista. Radio Suomi l\u00e4hell\u00e4si -ohjelma kuulostaa siis omanlaiselta eri puolilla Suomea \u2013 nimens\u00e4 mukaisesti l\u00e4hell\u00e4 olevalta, kuvaili paikallisuutisten toimitusp\u00e4\u00e4llikk\u00f6 <strong>Aki Karjalainen<\/strong> Ylen tiedotteessa.<\/p>\n<p class=\"paragraph\">Uutuusohjelmaa Yle Radio Suomen <a href=\"https:\/\/www.facebook.com\/share\/r\/17dJ6twUjR\/\" rel=\"noopener nofollow\" target=\"_blank\">Facebookissa<\/a> kommentoineet eiv\u00e4t ole uuteen toteutukseen tyytyv\u00e4isi\u00e4. Moni kritisoi oman alueensa paikallisten osuuksien toteutusta ja esimerkiksi niiden toisteisuutta.<\/p>\n<p class=\"paragraph\">\u2013 Kyll\u00e4p\u00e4 alkoikin komeasti; Radio Suomi l\u00e4hell\u00e4si, Lappi \u2013 ja Rovaniemell\u00e4 kuuluu jotain Ylivieskan Kela-taksijorinoita ja haastattelutkin tehty viime viikolla. Ei n\u00e4in. Mihin se alueellisuus \u2013 t\u00e4ss\u00e4 ja nyt \u2013 oikein katosi? er\u00e4s kyselee.<\/p>\n<p class=\"paragraph\">\u2013 P\u00e4ij\u00e4t-H\u00e4meest\u00e4 tuli samat jutut kahteen\u2013kolmeen kertaan ja yksi Kanta-H\u00e4mett\u00e4 koskeva juttukin kahteen kertaan<\/p>\n<p class=\"paragraph\">\u2013 Kuuluihan Pirkanmaalta P\u00e4ij\u00e4t-H\u00e4mett\u00e4kin, er\u00e4s ilmoittaa.<\/p>\n<p class=\"paragraph\">\u2013 Te ja teid\u00e4n l\u00f6pin\u00e4t alueellisista l\u00e4hetyksist\u00e4. Muutama minuutti tulee kerralla ja taas katkaistaan. Sitten pit\u00e4isi taas palata takaisin alueellisiin uutisiin. Nytkin katkesi l\u00e4hetys. Sinne meni nekin. Ei t\u00e4st\u00e4 mit\u00e4\u00e4n tule. Voisko tulla vaikka tunti yht\u00e4jaksoisesti alueelta ja sitten taas &#8221;jostain Rovaniemen kirpparista&#8221; juttua. Taidan sulkea koko toosan, yksi kirjoittaa.<\/p>\n<p class=\"paragraph\">\u2013 Olipa pettymys t\u00e4m\u00e4 mainostettu alueellinen osuus. Uusimaa: 2 minuutin p\u00e4tki\u00e4 ja sama asia moneen kertaan!! Onko totta, ett\u00e4 Uudeltamaalta ei ole muuta &#8221;uutista&#8221; kuin Vantaan ratikka. Jos nyt kuuntelijoiden mielipide vaikuttaa, niin toivon, ett\u00e4 koko alueellinen tuotos tulee yhten\u00e4 p\u00e4tk\u00e4n\u00e4 eik\u00e4 2 minuutin p\u00e4tkiss\u00e4.<\/p>\n<p class=\"paragraph\">Kommenttien joukkoon mahtui yksi \u201dhyv\u00e4 Anna\u201d -toivotus. Muutoin kommentoijat keskittyiv\u00e4t kritisoimaan Ylen radiokanavilla tapahtuneita uudistuksia.<\/p>\n<p class=\"paragraph\">\u2013 Siis meill\u00e4h\u00e4n oli omat maakuntaradiot ja iltap\u00e4iv\u00e4t. Sitten ne poistettiin ja nyt palautettiin&#8230; niin mik\u00e4 uudistus&#8230;<\/p>\n<p>Anna Sir\u00e9n juontaa Yle Radio Suomen uutta iltap\u00e4iv\u00e4ohjelmaa Radio Suomi l\u00e4hell\u00e4si.  Yle<\/p>\n<p class=\"paragraph\">\u2013 T\u00e4m\u00e4h\u00e4n on pelkk\u00e4\u00e4 h\u00f6p\u00f6tyst\u00e4, kuten saattoi arvata. Kuka t\u00e4t\u00e4 kuuntelee? Alueellisilla aamuradioilla oli t\u00e4rke\u00e4 merkitys, muun muassa liikennetiedotuksia ja niin edelleen. Pit\u00e4k\u00e4\u00e4 tunkkinne.<\/p>\n<p class=\"paragraph\">\u2013 Ylen linja n\u00e4iss\u00e4 uudistuksissa on aivan p\u00e4\u00e4t\u00f6n. Leikkurit heiluu holtittomasti radiokanavilla. Leikataan tuolta ja kohta lis\u00e4t\u00e4\u00e4n t\u00e4nne. Muistuttaa sit\u00e4 h\u00f6lm\u00f6l\u00e4isten peiton jatko puuhaa&#8230;<\/p>\n<p class=\"paragraph\">\u2013 Eip\u00e4 ollu kummoinen muutos, kuunteluboikotti pit\u00e4\u00e4. Kunpa voisi viel\u00e4 itse p\u00e4\u00e4tt\u00e4\u00e4, maksaako Yle-veroa vai ei, er\u00e4s pohtii.<\/p>\n<p>S\u00e4\u00e4st\u00f6toimet iskiv\u00e4t alueradioihin<\/p>\n<p class=\"paragraph\">Ylen radiokanavilla on t\u00e4n\u00e4 vuonna tehty useita muutoksia. Esimerkiksi alueelliset aamul\u00e4hetykset p\u00e4\u00e4ttyiv\u00e4t elokuun lopussa.<\/p>\n<p class=\"paragraph\">Syyskuusta alkaen on kuultu valtakunnallista Radio Suomen aamu -ohjelmaa, jota juontavat <a href=\"https:\/\/www.iltalehti.fi\/henkilot\/Sanna Pirkkalainen\" class=\"article-link-person-page\" rel=\"nofollow noopener\" target=\"_blank\">Sanna Pirkkalainen<\/a> ja <strong>Matti Yl\u00f6nen<\/strong>. Aamup\u00e4ivisin puolestaan kuullaan Koko Suomen radio -ohjelmaa, jota juontavat <a href=\"https:\/\/www.iltalehti.fi\/henkilot\/Samuli Aaltonen\" class=\"article-link-person-page\" rel=\"nofollow noopener\" target=\"_blank\">Samuli Aaltonen<\/a> ja <a href=\"https:\/\/www.iltalehti.fi\/henkilot\/Pauliina Puurila\" class=\"article-link-person-page\" rel=\"nofollow noopener\" target=\"_blank\">Pauliina Puurila<\/a>.<\/p>\n<p class=\"paragraph\">Radio Suomen aamul\u00e4hetyksiss\u00e4 ovat mukana 1. syyskuuta alkaen juontajat<\/p>\n<p class=\"paragraph\">Taustalla ovat parlamentaarisen ty\u00f6ryhm\u00e4n edellytt\u00e4m\u00e4t s\u00e4\u00e4st\u00f6t, jotka tarkoittavat k\u00e4yt\u00e4nn\u00f6ss\u00e4 66 miljoonan euron sopeutusta vuosina 2025\u20132027.<\/p>\n<p class=\"paragraph\">Ylen vastaava p\u00e4\u00e4toimittaja <strong>Panu Pokkinen<\/strong> kertoo <a href=\"https:\/\/yle.fi\/a\/74-20192358\" rel=\"noopener nofollow\" target=\"_blank\">Ylell\u00e4<\/a>, kuinka alueellisen l\u00e4hetysvirran muutoksilla tehd\u00e4\u00e4n merkitt\u00e4vi\u00e4 s\u00e4\u00e4st\u00f6j\u00e4 ja varmistetaan maakunnallinen l\u00e4hetystoiminta parlamentaarisen ty\u00f6ryhm\u00e4n edellytt\u00e4m\u00e4ll\u00e4 tavalla.<\/p>\n<p class=\"paragraph\">\u2013 Paikallisuutisissa henkil\u00f6st\u00f6 on kokonaisuutena v\u00e4hentynyt kymmenill\u00e4 ihmisill\u00e4, ty\u00f6ntekij\u00f6it\u00e4 on noin 15 prosenttia v\u00e4hemm\u00e4n kuin muutosta edelt\u00e4neess\u00e4 alueorganisaatiossa. Esimerkiksi radiojuontajien m\u00e4\u00e4r\u00e4 on v\u00e4hentynyt parilla kymmenell\u00e4. Toiminnan painopistett\u00e4 on siirretty uutistoimintaan, toteaa Pokkinen Ylell\u00e4.<\/p>\n","protected":false},"excerpt":{"rendered":"Sosiaalisessa mediassa ei heru kehuja Yle Radio Suomen uuden iltap\u00e4iv\u00e4ohjelman toteutukselle. Ylen radiokanavilla on tehty useita muutoksia parlamentaarisen&hellip;\n","protected":false},"author":2,"featured_media":88451,"comment_status":"","ping_status":"","sticky":false,"template":"","format":"standard","meta":{"footnotes":""},"categories":[130],"tags":[35,137,33,31,30,1511,3128,1616,979,32,8490,109],"class_list":{"0":"post-88450","1":"post","2":"type-post","3":"status-publish","4":"format-standard","5":"has-post-thumbnail","7":"category-viihde","8":"tag-24h","9":"tag-entertainment","10":"tag-fi","11":"tag-finland","12":"tag-finnish","13":"tag-joukkoviestinta","14":"tag-journalismi","15":"tag-media-viestinta","16":"tag-sahkoinen-media","17":"tag-suomi","18":"tag-toimittajakunta","19":"tag-viihde"},"share_on_mastodon":{"url":"https:\/\/pubeurope.com\/@fi\/115538905252586741","error":""},"_links":{"self":[{"href":"https:\/\/www.europesays.com\/fi\/wp-json\/wp\/v2\/posts\/88450","targetHints":{"allow":["GET"]}}],"collection":[{"href":"https:\/\/www.europesays.com\/fi\/wp-json\/wp\/v2\/posts"}],"about":[{"href":"https:\/\/www.europesays.com\/fi\/wp-json\/wp\/v2\/types\/post"}],"author":[{"embeddable":true,"href":"https:\/\/www.europesays.com\/fi\/wp-json\/wp\/v2\/users\/2"}],"replies":[{"embeddable":true,"href":"https:\/\/www.europesays.com\/fi\/wp-json\/wp\/v2\/comments?post=88450"}],"version-history":[{"count":0,"href":"https:\/\/www.europesays.com\/fi\/wp-json\/wp\/v2\/posts\/88450\/revisions"}],"wp:featuredmedia":[{"embeddable":true,"href":"https:\/\/www.europesays.com\/fi\/wp-json\/wp\/v2\/media\/88451"}],"wp:attachment":[{"href":"https:\/\/www.europesays.com\/fi\/wp-json\/wp\/v2\/media?parent=88450"}],"wp:term":[{"taxonomy":"category","embeddable":true,"href":"https:\/\/www.europesays.com\/fi\/wp-json\/wp\/v2\/categories?post=88450"},{"taxonomy":"post_tag","embeddable":true,"href":"https:\/\/www.europesays.com\/fi\/wp-json\/wp\/v2\/tags?post=88450"}],"curies":[{"name":"wp","href":"https:\/\/api.w.org\/{rel}","templated":true}]}}