{"id":88462,"date":"2025-11-12T21:59:08","date_gmt":"2025-11-12T21:59:08","guid":{"rendered":"https:\/\/www.europesays.com\/fi\/88462\/"},"modified":"2025-11-12T21:59:08","modified_gmt":"2025-11-12T21:59:08","slug":"juuso-makilahde-paljastaa-isyyden-ilot-harvinaiset-kuvat-lasten-kanssa-instagramissa","status":"publish","type":"post","link":"https:\/\/www.europesays.com\/fi\/88462\/","title":{"rendered":"Juuso M\u00e4kil\u00e4hde paljastaa isyyden ilot: Harvinaiset kuvat lasten kanssa Instagramissa"},"content":{"rendered":"<p class=\"article-content article-content-width !bg-background\">Radiosta ja televisiosta tuttu Juuso M\u00e4kil\u00e4hde kiteytt\u00e4\u00e4 isyyden olemuksen viiteen kuvaan.<\/p>\n<p class=\"font-weight-bold m-font-weight-bold article-content article-content-width !bg-background\">Arkistovideo: Kyll\u00e4 is\u00e4 osaa -t\u00e4hti on is\u00e4asioiden asiantuntija<\/p>\n<p class=\"article-content article-content-width !bg-background\">Instagramissa julkaisemassaan viiden kuvan kokonaisuudessa 41-vuotias juontaja ja toimittaja totisesti pit\u00e4\u00e4 lupauksensa isyyden koko kuvan antamisesta.<\/p>\n<p class=\"article-content article-content-width !bg-background\">Jokaisessa kuvassa h\u00e4nell\u00e4 on j\u00e4lkikasvuaan olkap\u00e4ill\u00e4\u00e4n. Is\u00e4n teht\u00e4v\u00e4 onkin sek\u00e4 kuvaannollisesti ett\u00e4 fyysisesti kannatella lapsiaan.<\/p>\n<p>Hauskat rajaukset<\/p>\n<p class=\"article-content article-content-width !bg-background\">Homman hauskuus ei rajoitu vain Juuson tapaan kannatella lapsiaan harteillaan.<\/p>\n<p class=\"article-content article-content-width !bg-background\">Kuten monet julkkikset, M\u00e4kk\u00e4rikin pit\u00e4\u00e4 visusti perij\u00f6idens\u00e4 kasvot poissa julkisuudesta. Moni ajattelee lastensa puolesta, ett\u00e4 n\u00e4m\u00e4 voivat aikanaan itse aikuistuessaan p\u00e4\u00e4tt\u00e4\u00e4, miten julkisuudessa esiintyv\u00e4t tai ovat esiintym\u00e4tt\u00e4.<\/p>\n<p class=\"article-content article-content-width !bg-background\">Niinp\u00e4 kussakin kuvassa on erilaisilla n\u00e4psill\u00e4 tempuilla lasten kasvot pidetty piilossa. Milloin kasvojen eteen on laitettu tuttuun tapaan syd\u00e4n tai muu tarra, milloin taas M\u00e4kk\u00e4ri on karusti katkaissut lapsilta kuvaannollisesti p\u00e4\u00e4n rajaamalla kasvot kuvasta ulos.<\/p>\n<p class=\"article-content article-content-width !bg-background\">Maailmaa on my\u00f6s kierretty: kaikki kuvat on napattu etel\u00e4n l\u00e4mm\u00f6ss\u00e4. Auringonpaiste ja kuvien taustamaisemat paljastavat t\u00e4m\u00e4n lahjomattomasti.<\/p>\n<p>Ylelt\u00e4 Aamulypsyyn<\/p>\n<p class=\"article-content article-content-width !bg-background\">Juuso on t\u00e4ll\u00e4 hetkell\u00e4 radiojuontajuuden yhdell\u00e4 pinaakkelipaikalla. H\u00e4n luotsaa Suomipop-kanavan vuosia kulttimainetta kantanutta, Jaajon aikoinaan ykk\u00f6spaikalle nostamaa Aamulypsy-ohjelmaa.<\/p>\n<p class=\"article-content article-content-width !bg-background\">Mukana ovat jo <a alt=\"Haku\" class=\"text-primary-red font-extrabold\" href=\"https:\/\/www.seiska.fi\/haku?q=Jaajon\" rel=\"nofollow noopener\" target=\"_blank\">Jaajon<\/a> aikaan ohjelmassa hauskuuttanut <a alt=\"Haku\" class=\"text-primary-red font-extrabold\" href=\"https:\/\/www.seiska.fi\/haku?q=Tuukka Ritokoski\" rel=\"nofollow noopener\" target=\"_blank\">Tuukka Ritokoski<\/a> sek\u00e4 hovimuusikko <a alt=\"Haku\" class=\"text-primary-red font-extrabold\" href=\"https:\/\/www.seiska.fi\/haku?q=Ilkka Iham\u00e4ki\" rel=\"nofollow noopener\" target=\"_blank\">Ilkka Iham\u00e4ki<\/a>. Juuson tavoin my\u00f6s <a alt=\"Haku\" class=\"text-primary-red font-extrabold\" href=\"https:\/\/www.seiska.fi\/haku?q=Tinni Wikstr\u00f6m\" rel=\"nofollow noopener\" target=\"_blank\">Tinni Wikstr\u00f6m<\/a> kuuluu ohjelman nykyankkureihin.<\/p>\n<p class=\"article-content article-content-width !bg-background\">Kannuksensa Juuso on hankkinut pitk\u00e4ll\u00e4 urallaan YleX:ll\u00e4. Televisiossa h\u00e4n on juontanut muun muassa Suomen huonointa kuskia ja Selviytyji\u00e4.<\/p>\n<p class=\"article-content article-content-width !bg-background\">Juuson puoliso <a alt=\"Haku\" class=\"text-primary-red font-extrabold\" href=\"https:\/\/www.seiska.fi\/haku?q=Saara\" rel=\"nofollow noopener\" target=\"_blank\">Saara<\/a> ei esiinny n\u00e4iss\u00e4(k\u00e4\u00e4n) kuvissa. Turvallista on olettaa, ett\u00e4 h\u00e4n on ollut kameran toisella puolella.\u00a0<\/p>\n","protected":false},"excerpt":{"rendered":"Radiosta ja televisiosta tuttu Juuso M\u00e4kil\u00e4hde kiteytt\u00e4\u00e4 isyyden olemuksen viiteen kuvaan. Arkistovideo: Kyll\u00e4 is\u00e4 osaa -t\u00e4hti on is\u00e4asioiden&hellip;\n","protected":false},"author":2,"featured_media":88463,"comment_status":"","ping_status":"","sticky":false,"template":"","format":"standard","meta":{"footnotes":""},"categories":[136],"tags":[11182,407,137,33,31,30,14308,408,6048,17893,99,2271,1478,98,2927,32,109],"class_list":{"0":"post-88462","1":"post","2":"type-post","3":"status-publish","4":"format-standard","5":"has-post-thumbnail","7":"category-julkkikset","8":"tag-aamulypsy","9":"tag-celebrities","10":"tag-entertainment","11":"tag-fi","12":"tag-finland","13":"tag-finnish","14":"tag-harvinainen-kuva","15":"tag-julkkikset","16":"tag-juontaja","17":"tag-juuso-makilahde","18":"tag-lapset","19":"tag-loma","20":"tag-matkailu","21":"tag-perhe","22":"tag-puoliso","23":"tag-suomi","24":"tag-viihde"},"share_on_mastodon":{"url":"https:\/\/pubeurope.com\/@fi\/115538975954160063","error":""},"_links":{"self":[{"href":"https:\/\/www.europesays.com\/fi\/wp-json\/wp\/v2\/posts\/88462","targetHints":{"allow":["GET"]}}],"collection":[{"href":"https:\/\/www.europesays.com\/fi\/wp-json\/wp\/v2\/posts"}],"about":[{"href":"https:\/\/www.europesays.com\/fi\/wp-json\/wp\/v2\/types\/post"}],"author":[{"embeddable":true,"href":"https:\/\/www.europesays.com\/fi\/wp-json\/wp\/v2\/users\/2"}],"replies":[{"embeddable":true,"href":"https:\/\/www.europesays.com\/fi\/wp-json\/wp\/v2\/comments?post=88462"}],"version-history":[{"count":0,"href":"https:\/\/www.europesays.com\/fi\/wp-json\/wp\/v2\/posts\/88462\/revisions"}],"wp:featuredmedia":[{"embeddable":true,"href":"https:\/\/www.europesays.com\/fi\/wp-json\/wp\/v2\/media\/88463"}],"wp:attachment":[{"href":"https:\/\/www.europesays.com\/fi\/wp-json\/wp\/v2\/media?parent=88462"}],"wp:term":[{"taxonomy":"category","embeddable":true,"href":"https:\/\/www.europesays.com\/fi\/wp-json\/wp\/v2\/categories?post=88462"},{"taxonomy":"post_tag","embeddable":true,"href":"https:\/\/www.europesays.com\/fi\/wp-json\/wp\/v2\/tags?post=88462"}],"curies":[{"name":"wp","href":"https:\/\/api.w.org\/{rel}","templated":true}]}}