{"id":88471,"date":"2025-11-12T22:12:11","date_gmt":"2025-11-12T22:12:11","guid":{"rendered":"https:\/\/www.europesays.com\/fi\/88471\/"},"modified":"2025-11-12T22:12:11","modified_gmt":"2025-11-12T22:12:11","slug":"iakas-henkilo-katosi-lapissa-jaljet-johtivat-jarven-jaalle","status":"publish","type":"post","link":"https:\/\/www.europesays.com\/fi\/88471\/","title":{"rendered":"I\u00e4k\u00e4s henkil\u00f6 katosi Lapissa \u2013 J\u00e4ljet johtivat j\u00e4rven j\u00e4\u00e4lle"},"content":{"rendered":"<p>Vanhempi henkil\u00f6 joutui veden varaan Lapissa. Pelastuslaitos ei ota kantaa siihen, l\u00f6ydettiink\u00f6 h\u00e4net elossa.<\/p>\n<p><img decoding=\"async\" class=\"image image-show image-preview\" src=\"https:\/\/www.europesays.com\/fi\/wp-content\/uploads\/2025\/11\/8ebed5d835c2b2f848fbe9c4a601189207619d7eb131c7060421fd421e642ea6.jpg\" alt=\"\"\/><img decoding=\"async\" class=\"image image-show\" src=\"https:\/\/www.europesays.com\/fi\/wp-content\/uploads\/2025\/11\/1762809429_897_8ebed5d835c2b2f848fbe9c4a601189207619d7eb131c7060421fd421e642ea6.jpg\" alt=\"\"\/><\/p>\n<p>Pintapelastajat saavuttivat henkil\u00f6n nopeasti ja t\u00e4m\u00e4 toimitettiin ensihoitoon. Kuvituskuva. Elle Laitila<\/p>\n<p class=\"paragraph\">Lapin pelastuslaitos sai teht\u00e4v\u00e4n Enonteki\u00f6n Ounasj\u00e4rvelle keskiviikkona illalla yhden henkil\u00f6n kadottua.<\/p>\n<p class=\"paragraph\">Ilmoittajan mukaan kyseess\u00e4 oli vanhempi henkil\u00f6, ja j\u00e4ljet johtivat j\u00e4rven j\u00e4\u00e4lle.<\/p>\n<p class=\"paragraph\">Pelastuslaitoksen mukaan henkil\u00f6 oli pudonnut j\u00e4rven j\u00e4\u00e4n l\u00e4pi veteen. Pintapelastajat saavuttivat henkil\u00f6n nopeasti ja t\u00e4m\u00e4 toimitettiin ensihoitoon.<\/p>\n<p class=\"paragraph\">Pelastuslaitoksen p\u00e4ivyst\u00e4v\u00e4 palomestari <strong>Tuomas Korhonen<\/strong> ei kommentoi, miss\u00e4 kunnossa henkil\u00f6 l\u00f6ydettiin.<\/p>\n","protected":false},"excerpt":{"rendered":"Vanhempi henkil\u00f6 joutui veden varaan Lapissa. Pelastuslaitos ei ota kantaa siihen, l\u00f6ydettiink\u00f6 h\u00e4net elossa. Pintapelastajat saavuttivat henkil\u00f6n nopeasti&hellip;\n","protected":false},"author":2,"featured_media":86650,"comment_status":"","ping_status":"","sticky":false,"template":"","format":"standard","meta":{"footnotes":""},"categories":[12],"tags":[35,22,23,26,27,33,31,30,17,24,25,28,29,15,120,18,21,122,54,103,32,167,19,20,16],"class_list":{"0":"post-88471","1":"post","2":"type-post","3":"status-publish","4":"format-standard","5":"has-post-thumbnail","7":"category-suomi","8":"tag-24h","9":"tag-breaking-news","10":"tag-breakingnews","11":"tag-featured-news","12":"tag-featurednews","13":"tag-fi","14":"tag-finland","15":"tag-finnish","16":"tag-headlines","17":"tag-latest-news","18":"tag-latestnews","19":"tag-main-news","20":"tag-mainnews","21":"tag-news","22":"tag-onnettomuustapaus","23":"tag-otsikot","24":"tag-paauutiset","25":"tag-pelastaminen","26":"tag-pelastuspalvelut","27":"tag-sosiaalikysymykset","28":"tag-suomi","29":"tag-terveys","30":"tag-top-stories","31":"tag-topstories","32":"tag-uutiset"},"share_on_mastodon":{"url":"https:\/\/pubeurope.com\/@fi\/115539027366217434","error":""},"_links":{"self":[{"href":"https:\/\/www.europesays.com\/fi\/wp-json\/wp\/v2\/posts\/88471","targetHints":{"allow":["GET"]}}],"collection":[{"href":"https:\/\/www.europesays.com\/fi\/wp-json\/wp\/v2\/posts"}],"about":[{"href":"https:\/\/www.europesays.com\/fi\/wp-json\/wp\/v2\/types\/post"}],"author":[{"embeddable":true,"href":"https:\/\/www.europesays.com\/fi\/wp-json\/wp\/v2\/users\/2"}],"replies":[{"embeddable":true,"href":"https:\/\/www.europesays.com\/fi\/wp-json\/wp\/v2\/comments?post=88471"}],"version-history":[{"count":0,"href":"https:\/\/www.europesays.com\/fi\/wp-json\/wp\/v2\/posts\/88471\/revisions"}],"wp:featuredmedia":[{"embeddable":true,"href":"https:\/\/www.europesays.com\/fi\/wp-json\/wp\/v2\/media\/86650"}],"wp:attachment":[{"href":"https:\/\/www.europesays.com\/fi\/wp-json\/wp\/v2\/media?parent=88471"}],"wp:term":[{"taxonomy":"category","embeddable":true,"href":"https:\/\/www.europesays.com\/fi\/wp-json\/wp\/v2\/categories?post=88471"},{"taxonomy":"post_tag","embeddable":true,"href":"https:\/\/www.europesays.com\/fi\/wp-json\/wp\/v2\/tags?post=88471"}],"curies":[{"name":"wp","href":"https:\/\/api.w.org\/{rel}","templated":true}]}}