{"id":88493,"date":"2025-11-12T22:55:09","date_gmt":"2025-11-12T22:55:09","guid":{"rendered":"https:\/\/www.europesays.com\/fi\/88493\/"},"modified":"2025-11-12T22:55:09","modified_gmt":"2025-11-12T22:55:09","slug":"kuinka-kauan-megadethin-jaahyvaiskiertue-kestaa-dave-mustaine-antaa-oman-veikkauksensa","status":"publish","type":"post","link":"https:\/\/www.europesays.com\/fi\/88493\/","title":{"rendered":"Kuinka kauan Megadethin j\u00e4\u00e4hyv\u00e4iskiertue kest\u00e4\u00e4? Dave Mustaine antaa oman veikkauksensa"},"content":{"rendered":"<p>Dave Mustaine enn\u00e4tti hiljattain jakamaan ajatuksiaan <a href=\"https:\/\/www.kerrang.com\/megadeth-dave-mustaine-farewell-interview-thrash-metal-cover-story\" rel=\"nofollow noopener\" target=\"_blank\">Kerrangin<\/a> toimittajan kanssa Megadethin viimeisest\u00e4 levyst\u00e4, ik\u00e4\u00e4ntymisest\u00e4, Metallica-kuvioista ja sellaisesta. Artikkelissa puhutaan tietysti my\u00f6s yhtyeen tulevasta j\u00e4\u00e4hyv\u00e4iskiertueesta, joka pist\u00e4ytyy Tuskassa ensi kes\u00e4n\u00e4. Vaan kuinka pitk\u00e4\u00e4n b\u00e4ndi aikoo kaiken kaikkiaan j\u00e4tt\u00e4\u00e4 j\u00e4\u00e4hyv\u00e4isi\u00e4?<\/p>\n<p>Mustainella ei selv\u00e4stik\u00e4\u00e4n ole kiire j\u00e4tt\u00e4\u00e4 esiintymislavoja, sill\u00e4 Megadeth aikoo pysytell\u00e4 tien p\u00e4\u00e4ll\u00e4 vuosikausia. Kun Mustaine on nyt 64-vuotias, kiertueen p\u00e4\u00e4tytty\u00e4 herra saattaa odotella vuosilukeman ensimm\u00e4isen numeron vaihtumista.<\/p>\n<p>\u201dT\u00e4ss\u00e4 on kysymys helposti kolmesta viiteen vuoteen pitk\u00e4st\u00e4 kiertueesta. Ja jos me teemme t\u00e4t\u00e4 niin pitk\u00e4\u00e4n, niin hemmetti, minulla on edess\u00e4 sellaiset syntym\u00e4p\u00e4iv\u00e4t, joita en halua viel\u00e4 edes ajatella\u201d, Mustaine kertoo.<\/p>\n<p>Mustainen el\u00e4m\u00e4\u00e4n mahtuu niin rankkoja p\u00e4ihdeongelmia kuin sy\u00f6p\u00e4taisteluakin, ja h\u00e4n vaikuttaa n\u00f6yr\u00e4lt\u00e4 ajan hampaan edess\u00e4. Memento mori, Mustaine tuntuu tuumaavan.<\/p>\n<p>\u201dEn keskity nyt pitk\u00e4ik\u00e4isyyteen tai sellaiseen, ett\u00e4 minun pit\u00e4isi olla yksi niist\u00e4 kavereista, jotka soittavat viel\u00e4 80-vuotiaina. Minun t\u00e4ytyy muistaa, ett\u00e4 ihmiset el\u00e4v\u00e4t ja he my\u00f6s kuolevat. Ja minun t\u00e4ytyy pit\u00e4\u00e4 hyv\u00e4 huoli itsest\u00e4ni\u201d, Mustaine sanoo.<\/p>\n","protected":false},"excerpt":{"rendered":"Dave Mustaine enn\u00e4tti hiljattain jakamaan ajatuksiaan Kerrangin toimittajan kanssa Megadethin viimeisest\u00e4 levyst\u00e4, ik\u00e4\u00e4ntymisest\u00e4, Metallica-kuvioista ja sellaisesta. Artikkelissa puhutaan&hellip;\n","protected":false},"author":2,"featured_media":45115,"comment_status":"","ping_status":"","sticky":false,"template":"","format":"standard","meta":{"footnotes":""},"categories":[132],"tags":[137,33,31,30,195,47,32,109],"class_list":{"0":"post-88493","1":"post","2":"type-post","3":"status-publish","4":"format-standard","5":"has-post-thumbnail","7":"category-musiikki","8":"tag-entertainment","9":"tag-fi","10":"tag-finland","11":"tag-finnish","12":"tag-music","13":"tag-musiikki","14":"tag-suomi","15":"tag-viihde"},"share_on_mastodon":{"url":"https:\/\/pubeurope.com\/@fi\/115539196191504384","error":""},"_links":{"self":[{"href":"https:\/\/www.europesays.com\/fi\/wp-json\/wp\/v2\/posts\/88493","targetHints":{"allow":["GET"]}}],"collection":[{"href":"https:\/\/www.europesays.com\/fi\/wp-json\/wp\/v2\/posts"}],"about":[{"href":"https:\/\/www.europesays.com\/fi\/wp-json\/wp\/v2\/types\/post"}],"author":[{"embeddable":true,"href":"https:\/\/www.europesays.com\/fi\/wp-json\/wp\/v2\/users\/2"}],"replies":[{"embeddable":true,"href":"https:\/\/www.europesays.com\/fi\/wp-json\/wp\/v2\/comments?post=88493"}],"version-history":[{"count":0,"href":"https:\/\/www.europesays.com\/fi\/wp-json\/wp\/v2\/posts\/88493\/revisions"}],"wp:featuredmedia":[{"embeddable":true,"href":"https:\/\/www.europesays.com\/fi\/wp-json\/wp\/v2\/media\/45115"}],"wp:attachment":[{"href":"https:\/\/www.europesays.com\/fi\/wp-json\/wp\/v2\/media?parent=88493"}],"wp:term":[{"taxonomy":"category","embeddable":true,"href":"https:\/\/www.europesays.com\/fi\/wp-json\/wp\/v2\/categories?post=88493"},{"taxonomy":"post_tag","embeddable":true,"href":"https:\/\/www.europesays.com\/fi\/wp-json\/wp\/v2\/tags?post=88493"}],"curies":[{"name":"wp","href":"https:\/\/api.w.org\/{rel}","templated":true}]}}