{"id":88521,"date":"2025-11-12T23:47:13","date_gmt":"2025-11-12T23:47:13","guid":{"rendered":"https:\/\/www.europesays.com\/fi\/88521\/"},"modified":"2025-11-12T23:47:13","modified_gmt":"2025-11-12T23:47:13","slug":"egotrippi-tekee-paluun-klubikiertueille-kyseessa-ensimmainen-rundi-kahdeksaan-vuoteen","status":"publish","type":"post","link":"https:\/\/www.europesays.com\/fi\/88521\/","title":{"rendered":"Egotrippi tekee paluun klubikiertueille: kyseess\u00e4 ensimm\u00e4inen rundi kahdeksaan vuoteen"},"content":{"rendered":"<p><strong>Egotrippi <\/strong>l\u00e4htee kev\u00e4\u00e4ll\u00e4 2026 ensimm\u00e4iselle klubikiertueelleen sitten vuoden 2018. Liki kaksikymment\u00e4 konserttia k\u00e4sitt\u00e4v\u00e4 Jossain t\u00e4ytyy olla p\u00e4iv\u00e4nvaloo kiertue on nimetty yhtyeen alkuvuodesta julkaistavan uuden kappaleen mukaan. Kiertueen lippujen myynti alkaa t\u00e4n\u00e4\u00e4n.\u00a0<\/p>\n<p>B\u00e4ndi tunnetaan muun muassa hiteist\u00e4 Matkustaja, Mestaripiirros, Unihiekkaa ja \u00c4l\u00e4 koskaan ikin\u00e4. Kev\u00e4\u00e4n kiertueella ja alkuvuoden singlell\u00e4 kuullaan Egotrippi\u00e4 sen uudessa kokoonpanossa. Yhtyeess\u00e4 vuodesta 2013 rumpuja soittanut <strong>Risto Niinikoski<\/strong> j\u00e4tt\u00e4ytyi pois, ja h\u00e4nen tilalleen palaa <strong>Sampo Haapaniemi<\/strong>, joka soitti Egotripiss\u00e4 vuosina 1996\u20132013. Ensi vuonna tulee kuluneeksi 30 vuotta siit\u00e4, kun Haapaniemi liittyi b\u00e4ndiin ensimm\u00e4isen kerran.<\/p>\n<p>Lue my\u00f6s: <a href=\"https:\/\/www.rumba.fi\/uutiset\/helsingissa-jarjestetaan-reivit-joissa-piristeita-saa-suoraan-tiskin-takaa\/\" title=\"Helsingiss\u00e4 j\u00e4rjestet\u00e4\u00e4n reivit, joissa piristeit\u00e4 saa suoraan tiskin takaa\" class=\"underline-custom !font-montserrat !font-bold !underline-offset-4 !decoration-4 !decoration-tilt-light !text-md\" rel=\"nofollow noopener\" target=\"_blank\">Helsingiss\u00e4 j\u00e4rjestet\u00e4\u00e4n reivit, joissa piristeit\u00e4 saa suoraan tiskin takaa<\/a><\/p>\n<p>Lue my\u00f6s: <a href=\"https:\/\/www.rumba.fi\/uutiset\/saatana-ei-saavu-moskovaan-mutta-perkele-saapuu-helsinkiin-ja-tampereelle\/\" title=\"Saatana ei saavu Moskovaan, mutta Perkele saapuu Helsinkiin ja Tampereelle\" class=\"underline-custom !font-montserrat !font-bold !underline-offset-4 !decoration-4 !decoration-tilt-light !text-md\" rel=\"nofollow noopener\" target=\"_blank\">Saatana ei saavu Moskovaan, mutta Perkele saapuu Helsinkiin ja Tampereelle<\/a><\/p>\n<p>Keikkapaikat alla.<\/p>\n<p><strong>EGOTRIPPI \u2013 JOSSAIN T\u00c4YTYY OLLA P\u00c4IV\u00c4NVALOO -KIERTUE<\/strong><br \/>6.3. Rauma, Kulttuurikuppila Brummi<br \/>7.3. Tampere, Tavara-asema<br \/>13.3. J\u00e4rvenp\u00e4\u00e4, Aino Areena<br \/>14.3. Pori, Kulturhuset Fiini<br \/>20.3. Salo, Musine<br \/>21.3. Turku, Teatro<br \/>27.3. Levi, Hulluporo Areena\u00a0<br \/>28.3. Levi, Hulluporo Areena\u00a0<br \/>3.4. Tallink, Victoria<br \/>10.4. Lahti, Finlandia-klubi<br \/>11.4. Kouvola, Pato-klubi<br \/>17.4. Jyv\u00e4skyl\u00e4, Freetime<br \/>18.4. Helsinki, Tavastia<br \/>23.4. Tuusula, Krapin Paja<br \/>24.4. J\u00e4ms\u00e4, Himos Areena<br \/>25.4. Joensuu, Kerubi<br \/>1.5. Porvoo, Taidetehdas<br \/>8.5. Oulu, Toppila Klubi\u00a0<br \/>9.5. Pieks\u00e4m\u00e4ki, Kulttuurikeskus Poleeni<\/p>\n","protected":false},"excerpt":{"rendered":"Egotrippi l\u00e4htee kev\u00e4\u00e4ll\u00e4 2026 ensimm\u00e4iselle klubikiertueelleen sitten vuoden 2018. Liki kaksikymment\u00e4 konserttia k\u00e4sitt\u00e4v\u00e4 Jossain t\u00e4ytyy olla p\u00e4iv\u00e4nvaloo kiertue&hellip;\n","protected":false},"author":2,"featured_media":88522,"comment_status":"","ping_status":"","sticky":false,"template":"","format":"standard","meta":{"footnotes":""},"categories":[132],"tags":[137,33,31,30,195,47,32,109],"class_list":{"0":"post-88521","1":"post","2":"type-post","3":"status-publish","4":"format-standard","5":"has-post-thumbnail","7":"category-musiikki","8":"tag-entertainment","9":"tag-fi","10":"tag-finland","11":"tag-finnish","12":"tag-music","13":"tag-musiikki","14":"tag-suomi","15":"tag-viihde"},"share_on_mastodon":{"url":"https:\/\/pubeurope.com\/@fi\/115539400691622923","error":""},"_links":{"self":[{"href":"https:\/\/www.europesays.com\/fi\/wp-json\/wp\/v2\/posts\/88521","targetHints":{"allow":["GET"]}}],"collection":[{"href":"https:\/\/www.europesays.com\/fi\/wp-json\/wp\/v2\/posts"}],"about":[{"href":"https:\/\/www.europesays.com\/fi\/wp-json\/wp\/v2\/types\/post"}],"author":[{"embeddable":true,"href":"https:\/\/www.europesays.com\/fi\/wp-json\/wp\/v2\/users\/2"}],"replies":[{"embeddable":true,"href":"https:\/\/www.europesays.com\/fi\/wp-json\/wp\/v2\/comments?post=88521"}],"version-history":[{"count":0,"href":"https:\/\/www.europesays.com\/fi\/wp-json\/wp\/v2\/posts\/88521\/revisions"}],"wp:featuredmedia":[{"embeddable":true,"href":"https:\/\/www.europesays.com\/fi\/wp-json\/wp\/v2\/media\/88522"}],"wp:attachment":[{"href":"https:\/\/www.europesays.com\/fi\/wp-json\/wp\/v2\/media?parent=88521"}],"wp:term":[{"taxonomy":"category","embeddable":true,"href":"https:\/\/www.europesays.com\/fi\/wp-json\/wp\/v2\/categories?post=88521"},{"taxonomy":"post_tag","embeddable":true,"href":"https:\/\/www.europesays.com\/fi\/wp-json\/wp\/v2\/tags?post=88521"}],"curies":[{"name":"wp","href":"https:\/\/api.w.org\/{rel}","templated":true}]}}