{"id":88523,"date":"2025-11-12T23:50:08","date_gmt":"2025-11-12T23:50:08","guid":{"rendered":"https:\/\/www.europesays.com\/fi\/88523\/"},"modified":"2025-11-12T23:50:08","modified_gmt":"2025-11-12T23:50:08","slug":"sm-liiga-doug-sheddenin-sportia-noyryytettiin-valmentajalta-kovaa-tekstia","status":"publish","type":"post","link":"https:\/\/www.europesays.com\/fi\/88523\/","title":{"rendered":"SM-liiga: Doug Sheddenin Sportia n\u00f6yryytettiin \u2013 valmentajalta kovaa teksti\u00e4"},"content":{"rendered":"<p>Tappara oli tyly vieras Vaasassa keskiviikkona.<\/p>\n<p>12.11. 22:26<\/p>\n<p class=\"article-body mb-nof-24 px-nof-16\">Vaasan Sport oli t\u00e4ysin vastaantulija Tapparaa vastaan SM-liigan keskiviikon kierroksella. Tappara n\u00f6yryytti vaasalaisia vieraskent\u00e4ll\u00e4 per\u00e4ti lukemin 1\u20137.<\/p>\n<p class=\"article-body mb-nof-24 px-nof-16\">Sportin ahdinko sarjassa syveni. Joukkue on toiseksi viimeisen\u00e4 ker\u00e4tty\u00e4\u00e4n 19 ottelusta 20 pistett\u00e4. Vain HIFK on takana 18 pisteell\u00e4\u00e4n.<\/p>\n<p class=\"article-body mb-nof-24 px-nof-16\">Ei siis ihme, ett\u00e4 Sportin tuore p\u00e4\u00e4valmentaja <a class=\"article-personlink\" href=\"https:\/\/www.is.fi\/haku\/?query=Doug%20Shedden\" rel=\"nofollow noopener\" target=\"_blank\">Doug Shedden<\/a> oli tiukalla p\u00e4\u00e4ll\u00e4 lehdist\u00f6tilaisuudessa ottelun j\u00e4lkeen. H\u00e4nt\u00e4 kismittiv\u00e4t etenkin Tapparan aloitustilanteista v\u00e4rkk\u00e4\u00e4m\u00e4t maalit.<\/p>\n<p class=\"article-body mb-nof-24 px-nof-16\">\u2013 Saimme haluamamme maalin heti alkuun. On sellainen uusi asia kuin video, ja katsoimme t\u00e4n\u00e4 aamuna, miten he (Tappara) toimivat aloituksissa. Muutama meid\u00e4n kaverimme nukkui, entinen Leijona-luotsi Shedden aloitti.<\/p>\n<p class=\"article-body mb-nof-24 px-nof-16\">\u2013 T\u00e4t\u00e4 joukkuetta vastaan ei voi nukkua. Ei voi pelata kuin pojat, kun vastassa on miehi\u00e4. Jos meill\u00e4 ei ole ty\u00f6haalarit p\u00e4\u00e4ll\u00e4, meill\u00e4 ei ole mahdollisuuksia. Se n\u00e4htiin t\u00e4n\u00e4\u00e4n. Hyv\u00e4 joukkue n\u00f6yryytt\u00e4\u00e4, jos ei ole valmis pelaamaan.<\/p>\n<p class=\"article-body mb-nof-24 px-nof-16\">Sport otti maalin j\u00e4lkeen kymmeness\u00e4 minuutissa kolme j\u00e4\u00e4hy\u00e4. Tappara teki kaksi ylivoimamaalia.<\/p>\n<p class=\"article-body mb-nof-24 px-nof-16\">\u2013 Emme ole lahjakkain joukkue, joten emme voi olla tappamassa j\u00e4\u00e4hyj\u00e4 koko illan. Se on pettymys, Shedden sanoi.<\/p>\n<p class=\"article-body mb-nof-24 px-nof-16\">Sportille tarjoutuu nopeasti mahdollisuus nollata tilanne, sill\u00e4 joukkue kohtaa HPK:n vieraskent\u00e4ll\u00e4 jo torstaina.<\/p>\n<p class=\"article-body mb-nof-24 px-nof-16\">\u2013 Meid\u00e4n pit\u00e4\u00e4 her\u00e4t\u00e4 ja tutkia tiettyj\u00e4 asioita. Pelaajat ovat ammattilaisia. Heid\u00e4n pit\u00e4\u00e4 saada itsens\u00e4 henkisesti valmiiksi huomiseksi.<\/p>\n","protected":false},"excerpt":{"rendered":"Tappara oli tyly vieras Vaasassa keskiviikkona. 12.11. 22:26 Vaasan Sport oli t\u00e4ysin vastaantulija Tapparaa vastaan SM-liigan keskiviikon kierroksella.&hellip;\n","protected":false},"author":2,"featured_media":88524,"comment_status":"","ping_status":"","sticky":false,"template":"","format":"standard","meta":{"footnotes":""},"categories":[158],"tags":[33,31,30,34,159,32,160],"class_list":{"0":"post-88523","1":"post","2":"type-post","3":"status-publish","4":"format-standard","5":"has-post-thumbnail","7":"category-urheilu","8":"tag-fi","9":"tag-finland","10":"tag-finnish","11":"tag-ilta-sanomat","12":"tag-sports","13":"tag-suomi","14":"tag-urheilu"},"share_on_mastodon":{"url":"https:\/\/pubeurope.com\/@fi\/115539412526792253","error":""},"_links":{"self":[{"href":"https:\/\/www.europesays.com\/fi\/wp-json\/wp\/v2\/posts\/88523","targetHints":{"allow":["GET"]}}],"collection":[{"href":"https:\/\/www.europesays.com\/fi\/wp-json\/wp\/v2\/posts"}],"about":[{"href":"https:\/\/www.europesays.com\/fi\/wp-json\/wp\/v2\/types\/post"}],"author":[{"embeddable":true,"href":"https:\/\/www.europesays.com\/fi\/wp-json\/wp\/v2\/users\/2"}],"replies":[{"embeddable":true,"href":"https:\/\/www.europesays.com\/fi\/wp-json\/wp\/v2\/comments?post=88523"}],"version-history":[{"count":0,"href":"https:\/\/www.europesays.com\/fi\/wp-json\/wp\/v2\/posts\/88523\/revisions"}],"wp:featuredmedia":[{"embeddable":true,"href":"https:\/\/www.europesays.com\/fi\/wp-json\/wp\/v2\/media\/88524"}],"wp:attachment":[{"href":"https:\/\/www.europesays.com\/fi\/wp-json\/wp\/v2\/media?parent=88523"}],"wp:term":[{"taxonomy":"category","embeddable":true,"href":"https:\/\/www.europesays.com\/fi\/wp-json\/wp\/v2\/categories?post=88523"},{"taxonomy":"post_tag","embeddable":true,"href":"https:\/\/www.europesays.com\/fi\/wp-json\/wp\/v2\/tags?post=88523"}],"curies":[{"name":"wp","href":"https:\/\/api.w.org\/{rel}","templated":true}]}}