{"id":88578,"date":"2025-11-13T01:14:09","date_gmt":"2025-11-13T01:14:09","guid":{"rendered":"https:\/\/www.europesays.com\/fi\/88578\/"},"modified":"2025-11-13T01:14:09","modified_gmt":"2025-11-13T01:14:09","slug":"helsingin-yliopiston-ylioppilaskunta-myy-keskustakiinteistonsa-kevalle-kotimaa","status":"publish","type":"post","link":"https:\/\/www.europesays.com\/fi\/88578\/","title":{"rendered":"Helsingin yliopiston ylioppilaskunta myy keskustakiinteist\u00f6ns\u00e4 Kevalle | Kotimaa"},"content":{"rendered":"<p class=\"aw-1gybjub aw-5vja16 kEtdKx kmuxyA yle__article__paragraph\">Kaupan my\u00f6t\u00e4 Helsingin yliopiston ylioppilaskunta menett\u00e4\u00e4 sek\u00e4 Vanhan ett\u00e4 Uuden ylioppilastalon omistuksen. <\/p>\n<p><img decoding=\"async\" alt=\"Vanha ylioppilastalo. \" src=\"https:\/\/www.europesays.com\/fi\/wp-content\/uploads\/2025\/11\/39-153113168dcf56205154.jpeg\" class=\"aw-1l9m598 hKVVvP\"\/><\/p>\n<p>Avaa kuvien katselu<\/p>\n<p>Kiinteist\u00f6kauppojen my\u00f6t\u00e4 Helsingin yliopiston ylioppilaskunta joutuu luopumaan Vanhasta ylioppilastalosta. Kuva: Jussi Mankkinen \/ Yle<\/p>\n<p class=\"aw-1gybjub aw-1p7kakr kEtdKx cEmitX yle__article__paragraph\">Helsingin yliopiston ylioppilaskunnan HYY:n edustajisto on my\u00f6h\u00e4\u00e4n keskiviikkoiltana p\u00e4\u00e4tt\u00e4nyt kokouksessaan myyd\u00e4 keskustakiinteist\u00f6ns\u00e4 ty\u00f6el\u00e4kevakuuttaja Kevalle. HYY kertoo tiedotteessaan, ett\u00e4 kauppaan kuuluvat Uusi ja Vanhan ylioppilastalo sek\u00e4 Citytalo, Kaivotalo ja Grand Hansa -kokonaisuuteen kuuluvat Kaivokatu 12 ja Hansatalo.<\/p>\n<p class=\"aw-1gybjub aw-1p7kakr kEtdKx cEmitX yle__article__paragraph\">Ylva Palvelut Oy:n alle kuuluva ravintolaliiketoiminta ja Ylva Palvelut Oy:n alle siirtyv\u00e4 kolmas ylioppilastalo Domus Gaudium j\u00e4\u00e4v\u00e4t HYY:n omistukseen. Kun kaikki j\u00e4rjestelyt on saatu p\u00e4\u00e4t\u00f6kseen, ylioppilaskunta on HYY:n mukaan velaton.<\/p>\n<p class=\"aw-1gybjub aw-1p7kakr kEtdKx cEmitX yle__article__paragraph\">Kaupan lopullinen toteutumisajankohta vahvistuu my\u00f6hemmin. Kauppahintaa ei kerrota julkisuuteen<\/p>\n<p class=\"aw-1gybjub aw-1p7kakr kEtdKx cEmitX yle__article__paragraph\">\u2013 Nyt tehdyt p\u00e4\u00e4t\u00f6kset ovat olleet kaikkea muuta kuin helppoja. T\u00e4rkeint\u00e4 meille on ollut se, ett\u00e4 voimme turvata ylioppilaskunnan monipuolisen opiskelijael\u00e4m\u00e4n ja j\u00e4rjest\u00f6toiminnan, kommentoi ylioppilaskunnan hallituksen puheenjohtaja <strong class=\"aw-ak79eh KyCXm yle__article__strong\">Petra Pulli<\/strong>.<\/p>\n<p class=\"aw-1gybjub aw-1p7kakr kEtdKx cEmitX yle__article__paragraph\">HYY siirt\u00e4\u00e4 kaiken toimintansa vuoden 2026 aikana Uudelta ylioppilastalolta Domus Gaudiumille Lepp\u00e4suolle. J\u00e4rjest\u00f6ille ja kokonaistilamuutoksille on varattu noin puolen vuoden siirtym\u00e4aika.<\/p>\n<p>Taustalla HYY:n talousvaikeudet<\/p>\n<p class=\"aw-1gybjub aw-1p7kakr kEtdKx cEmitX yle__article__paragraph\">Kaupan syyn\u00e4 ovat HYY:n pahat talousvaikeudet, joiden taustalla ovat ylioppilaskunnan ep\u00e4onniset kiinteist\u00f6hankkeet.<\/p>\n<p class=\"aw-1gybjub aw-1p7kakr kEtdKx cEmitX yle__article__paragraph\">Ylioppilaskunnan liiketoimintaa hoitava tyt\u00e4ryhti\u00f6 <a class=\"aw-iao6s4 iHOxEa yle__article__link\" href=\"https:\/\/yle.fi\/a\/74-20152448\" role=\"link\" rel=\"nofollow noopener\" target=\"_blank\">Ylva on myynyt<\/a> jo aiemmin Hakaniemess\u00e4 sijaitsevan Lyyra-korttelin ruotsalaiselle kiinteist\u00f6sijoitusyhti\u00f6lle.<\/p>\n<p class=\"aw-1gybjub aw-1p7kakr kEtdKx cEmitX yle__article__paragraph\">HYY tunnettiin pitk\u00e4\u00e4n yhten\u00e4 maailman rikkaimmista ylioppilaskunnista. Se on omistanut Helsingin keskustan arvokiinteist\u00f6j\u00e4 yli sadan vuoden ajan.<\/p>\n<p class=\"aw-1gybjub aw-1p7kakr kEtdKx cEmitX yle__article__paragraph\">\u2013 Uudesta ja Vanhasta ylioppilastalosta luopuminen on historiallinen ja vaikea p\u00e4\u00e4t\u00f6s, josta saa tuntea my\u00f6s surua. Kuitenkin p\u00e4\u00e4t\u00f6ksen johdosta voimme jatkossakin k\u00e4ytt\u00e4\u00e4 kaikki j\u00e4senmaksutuotot vain opiskelijatoimintaan, ja meill\u00e4 on viimein n\u00e4kym\u00e4 tulevaan. HYY:n toiminta voi muuttua, kuten se on muuttunut historiassa lukuisia kertoja, mutta ylioppilaskunta s\u00e4ilyy, sanoo ylioppilaskunnan p\u00e4\u00e4sihteeri <strong class=\"aw-ak79eh KyCXm yle__article__strong\">Paula Karhunen<\/strong> HYY:n tiedotteessa.<\/p>\n<p class=\"aw-1gybjub aw-1p7kakr kEtdKx cEmitX yle__article__paragraph\">\u2013 Keva ymm\u00e4rt\u00e4\u00e4 Vanhan ylioppilastalon kulttuurihistoriallisen merkityksen ja arvon. Olemme ryhtyneet selvitt\u00e4m\u00e4\u00e4n mahdollisuutta myyd\u00e4 Vanhan ylioppilastalon kulttuurihistoriallisesti arvokkaat osat esimerkiksi yhtym\u00e4lle, jota Helsingin yliopisto on ollut kokoamassa, Kevan kiinteist\u00f6sijoitusjohtaja <strong class=\"aw-ak79eh KyCXm yle__article__strong\">Carl-Henrik Roselius<\/strong> kertoo Kevan tiedotteessa.<\/p>\n","protected":false},"excerpt":{"rendered":"Kaupan my\u00f6t\u00e4 Helsingin yliopiston ylioppilaskunta menett\u00e4\u00e4 sek\u00e4 Vanhan ett\u00e4 Uuden ylioppilastalon omistuksen. Avaa kuvien katselu Kiinteist\u00f6kauppojen my\u00f6t\u00e4 Helsingin&hellip;\n","protected":false},"author":2,"featured_media":88579,"comment_status":"","ping_status":"","sticky":false,"template":"","format":"standard","meta":{"footnotes":""},"categories":[12],"tags":[22,23,26,27,33,31,30,17,466,17903,104,17905,71,24,25,28,29,15,18,21,3639,32,19,20,1168,16,17904],"class_list":{"0":"post-88578","1":"post","2":"type-post","3":"status-publish","4":"format-standard","5":"has-post-thumbnail","7":"category-suomi","8":"tag-breaking-news","9":"tag-breakingnews","10":"tag-featured-news","11":"tag-featurednews","12":"tag-fi","13":"tag-finland","14":"tag-finnish","15":"tag-headlines","16":"tag-helsingin-yliopisto","17":"tag-helsingin-yliopiston-ylioppilaskunta","18":"tag-helsinki","19":"tag-keva","20":"tag-kotimaa","21":"tag-latest-news","22":"tag-latestnews","23":"tag-main-news","24":"tag-mainnews","25":"tag-news","26":"tag-otsikot","27":"tag-paauutiset","28":"tag-rakennukset","29":"tag-suomi","30":"tag-top-stories","31":"tag-topstories","32":"tag-uusimaa","33":"tag-uutiset","34":"tag-vanha-ylioppilastalo"},"share_on_mastodon":{"url":"https:\/\/pubeurope.com\/@fi\/115539743037798822","error":""},"_links":{"self":[{"href":"https:\/\/www.europesays.com\/fi\/wp-json\/wp\/v2\/posts\/88578","targetHints":{"allow":["GET"]}}],"collection":[{"href":"https:\/\/www.europesays.com\/fi\/wp-json\/wp\/v2\/posts"}],"about":[{"href":"https:\/\/www.europesays.com\/fi\/wp-json\/wp\/v2\/types\/post"}],"author":[{"embeddable":true,"href":"https:\/\/www.europesays.com\/fi\/wp-json\/wp\/v2\/users\/2"}],"replies":[{"embeddable":true,"href":"https:\/\/www.europesays.com\/fi\/wp-json\/wp\/v2\/comments?post=88578"}],"version-history":[{"count":0,"href":"https:\/\/www.europesays.com\/fi\/wp-json\/wp\/v2\/posts\/88578\/revisions"}],"wp:featuredmedia":[{"embeddable":true,"href":"https:\/\/www.europesays.com\/fi\/wp-json\/wp\/v2\/media\/88579"}],"wp:attachment":[{"href":"https:\/\/www.europesays.com\/fi\/wp-json\/wp\/v2\/media?parent=88578"}],"wp:term":[{"taxonomy":"category","embeddable":true,"href":"https:\/\/www.europesays.com\/fi\/wp-json\/wp\/v2\/categories?post=88578"},{"taxonomy":"post_tag","embeddable":true,"href":"https:\/\/www.europesays.com\/fi\/wp-json\/wp\/v2\/tags?post=88578"}],"curies":[{"name":"wp","href":"https:\/\/api.w.org\/{rel}","templated":true}]}}