{"id":88584,"date":"2025-11-13T01:33:07","date_gmt":"2025-11-13T01:33:07","guid":{"rendered":"https:\/\/www.europesays.com\/fi\/88584\/"},"modified":"2025-11-13T01:33:07","modified_gmt":"2025-11-13T01:33:07","slug":"tutkimus-tama-rokote-voi-ehkaista-dementiaa","status":"publish","type":"post","link":"https:\/\/www.europesays.com\/fi\/88584\/","title":{"rendered":"Tutkimus: T\u00e4m\u00e4 rokote voi ehk\u00e4ist\u00e4 dementiaa"},"content":{"rendered":"<p>\n\tKatariina Lankinen\t12.11.2025 21:24, muokattu<br \/>\n\t12.11.2025 15:33\n<\/p>\n<p>\t\t\t\t\t\t\t\t\tTutkimus<\/p>\n<p>Nature Medicine -lehdess\u00e4 julkaistun tuoreen <a href=\"https:\/\/www.nature.com\/articles\/s41591-025-03972-5\" rel=\"nofollow noopener\" target=\"_blank\">tutkimuksen<\/a> mukaan vy\u00f6ruusurokote voi auttaa ehk\u00e4isem\u00e4\u00e4n dementiaa v\u00e4hent\u00e4m\u00e4ll\u00e4 vesirokkoa ja vy\u00f6ruusua aiheuttavan varicella-zosterviruksen (VZV) uudelleenaktivoitumisen riski\u00e4. Tutkimuksesta uutisoi <a href=\"https:\/\/www.washingtonpost.com\/health\/2025\/11\/02\/shingles-vaccine-dementia-prevention\/\" rel=\"nofollow noopener\" target=\"_blank\">Washington Post<\/a>.<\/p>\n<p>Tutkimuksen mukaan ihmisill\u00e4, jotka kokivat useita vy\u00f6ruusuepisodeja, oli toisen tautiepisodin j\u00e4lkeen korkeampi dementian riski verrattuna niihin, joilla tauti oli ollut vain kerran. Riski pysyi korkeampana useiden vuosien ajan.<\/p>\n<p>Kun ihminen sairastaa lapsuudessaan vesirokon, virus voi j\u00e4\u00e4d\u00e4 torkkumaan hermostoon. Ihmisen ik\u00e4\u00e4ntyess\u00e4 virus voi aktivoitua uudelleen, mutta usein immuunij\u00e4rjestelm\u00e4 ly\u00f6 sen takaisin alas, sanoo yksi tutkimuksen kirjoittajista, l\u00e4\u00e4ketieteen professori <strong>Pascal Geldsetzer <\/strong>Stanfordin yliopistosta.<\/p>\n<p>Joskus virus kuitenkin aktivoitu t\u00e4ysin, ja silloin ilmaantuvat vy\u00f6ruusun tyypilliset oireet: kirvelev\u00e4t, kihelm\u00f6iv\u00e4t, kivuliaat rakkulat ja ihottuma.<\/p>\n<p>Tutkijat tarkastelivat yli sadan miljoonan ihmisen s\u00e4hk\u00f6isi\u00e4 potilastietoja Yhdysvalloissa vuosilta 2007\u20132023.<\/p>\n<p>Otettuaan huomioon 400 erilaista muuttujaa \u2013 mukaan lukien krooniset sairaudet, demografiset tiedot, l\u00e4\u00e4kem\u00e4\u00e4r\u00e4ykset ja l\u00e4\u00e4k\u00e4rik\u00e4ynnit \u2013 he havaitsivat 27\u201333 prosenttia alhaisemman riskin sairastua dementiaan kolmen vuoden kuluessa vy\u00f6ruusurokotteen ottamisesta.<\/p>\n<p>Niill\u00e4, jotka kokivat useita vy\u00f6ruusuepisodeja, oli 7\u20139 prosenttia korkeampi dementian riski 3\u20139 vuotta toisen tautiepisodin j\u00e4lkeen verrattuna niihin, joilla oli vain yksi episodi.<\/p>\n<p>Tutkimus osoitti, ett\u00e4 molemmat rokoteversiot \u2013 toinen el\u00e4v\u00e4ll\u00e4 viruskannalla ja toinen ilman \u2013 v\u00e4hent\u00e4v\u00e4t viruksen uudelleenaktivoitumisia ja siten dementian riski\u00e4.<\/p>\n","protected":false},"excerpt":{"rendered":"Katariina Lankinen 12.11.2025 21:24, muokattu 12.11.2025 15:33 Tutkimus Nature Medicine -lehdess\u00e4 julkaistun tuoreen tutkimuksen mukaan vy\u00f6ruusurokote voi auttaa&hellip;\n","protected":false},"author":2,"featured_media":88585,"comment_status":"","ping_status":"","sticky":false,"template":"","format":"standard","meta":{"footnotes":""},"categories":[165],"tags":[33,31,30,166,32,167],"class_list":{"0":"post-88584","1":"post","2":"type-post","3":"status-publish","4":"format-standard","5":"has-post-thumbnail","7":"category-terveys","8":"tag-fi","9":"tag-finland","10":"tag-finnish","11":"tag-health","12":"tag-suomi","13":"tag-terveys"},"share_on_mastodon":{"url":"https:\/\/pubeurope.com\/@fi\/115539817602521424","error":""},"_links":{"self":[{"href":"https:\/\/www.europesays.com\/fi\/wp-json\/wp\/v2\/posts\/88584","targetHints":{"allow":["GET"]}}],"collection":[{"href":"https:\/\/www.europesays.com\/fi\/wp-json\/wp\/v2\/posts"}],"about":[{"href":"https:\/\/www.europesays.com\/fi\/wp-json\/wp\/v2\/types\/post"}],"author":[{"embeddable":true,"href":"https:\/\/www.europesays.com\/fi\/wp-json\/wp\/v2\/users\/2"}],"replies":[{"embeddable":true,"href":"https:\/\/www.europesays.com\/fi\/wp-json\/wp\/v2\/comments?post=88584"}],"version-history":[{"count":0,"href":"https:\/\/www.europesays.com\/fi\/wp-json\/wp\/v2\/posts\/88584\/revisions"}],"wp:featuredmedia":[{"embeddable":true,"href":"https:\/\/www.europesays.com\/fi\/wp-json\/wp\/v2\/media\/88585"}],"wp:attachment":[{"href":"https:\/\/www.europesays.com\/fi\/wp-json\/wp\/v2\/media?parent=88584"}],"wp:term":[{"taxonomy":"category","embeddable":true,"href":"https:\/\/www.europesays.com\/fi\/wp-json\/wp\/v2\/categories?post=88584"},{"taxonomy":"post_tag","embeddable":true,"href":"https:\/\/www.europesays.com\/fi\/wp-json\/wp\/v2\/tags?post=88584"}],"curies":[{"name":"wp","href":"https:\/\/api.w.org\/{rel}","templated":true}]}}