{"id":88590,"date":"2025-11-13T01:38:14","date_gmt":"2025-11-13T01:38:14","guid":{"rendered":"https:\/\/www.europesays.com\/fi\/88590\/"},"modified":"2025-11-13T01:38:14","modified_gmt":"2025-11-13T01:38:14","slug":"moni-ei-osta-asuntoa-vaan-mieluummin-sijoittaa-rahat","status":"publish","type":"post","link":"https:\/\/www.europesays.com\/fi\/88590\/","title":{"rendered":"Moni ei osta asuntoa, vaan mieluummin sijoittaa rahat"},"content":{"rendered":"<p>Ilta-Sanomien lukijat kertovat, haluavatko asua omistusasunnossa vai vuokralla.<\/p>\n<p>11.11. 20:15<\/p>\n<p class=\"article-body mb-nof-24 px-nof-16\">Vaikka varaa olisi tai ainakin mahdollisuus saada lainaa, l\u00e4hesk\u00e4\u00e4n kaikki eiv\u00e4t innostu asunnon ostamisesta. T\u00e4m\u00e4 ilmenee vastauksista, joita Ilta-Sanomat sai kysytty\u00e4\u00e4n lukijoilta <a class=\"article-genericlink\" href=\"https:\/\/www.is.fi\/taloussanomat\/art-2000011613542.html\" rel=\"nofollow noopener\" target=\"_blank\">aiheesta. <\/a><\/p>\n<p class=\"article-body mb-nof-24 px-nof-16\">\u2013\u2009Miksi sitoa itse\u00e4\u00e4n seiniin, joiden yll\u00e4pito kallistuu koko ajan kuntien ja valtion veroruuvilla ja joiden arvon kehityst\u00e4 ei tied\u00e4. Putkiremontti odottaa nurkan takana, eik\u00e4 naapuriaan voi valita, 33-vuotias mies Keski-Suomesta miettii.<\/p>\n<p class=\"article-body mb-nof-24 px-nof-16\">41-vuotias nainen Helsingist\u00e4 ei my\u00f6sk\u00e4\u00e4n havittele omaa asuntoa. H\u00e4n on asunut jo 23 paikkakunnalla ja muistuttaa, ett\u00e4 vuokra-asunnosta p\u00e4\u00e4see eroon helpommin kuin omistusasunnosta.<\/p>\n<p class=\"article-body mb-nof-24 px-nof-16\">Naisen mielest\u00e4 el\u00e4m\u00e4 on ylip\u00e4\u00e4t\u00e4\u00e4n helpompaa, kun on v\u00e4hemm\u00e4n omaisuutta.<\/p>\n<p class=\"article-body mb-nof-24 px-nof-16\">\u2013\u2009Eih\u00e4n sit\u00e4 asuntoaan oikeasti kukaan omista. Se on vain lainaa el\u00e4m\u00e4lt\u00e4, h\u00e4n pohtii.<\/p>\n<p class=\"article-body mb-nof-24 px-nof-16\">Perinteisesti suomalaiset ovat ostaneet asuntonsa melko nuorina, mink\u00e4 j\u00e4lkeen varallisuutta on kerrytetty lyhent\u00e4m\u00e4ll\u00e4 asuntolainaa ja s\u00e4\u00e4st\u00e4m\u00e4ll\u00e4 yli j\u00e4\u00e4v\u00e4t rahat ensin tilille ja my\u00f6hemmin ehk\u00e4 osakkeisiin tai rahastoon.<\/p>\n<p class=\"article-body mb-nof-24 px-nof-16\">\u2013\u2009Nyt moni nuori aikuinen on huomannut, ettei sama vaurastumisen malli en\u00e4\u00e4 toimi, vakuutusyhti\u00f6 L\u00e4hi-Tapiolan ekonomisti <a class=\"article-personlink\" href=\"https:\/\/www.is.fi\/haku\/?query=Hannu%20Nummiaro\" rel=\"nofollow noopener\" target=\"_blank\">Hannu Nummiaro<\/a> arvioi <a class=\"article-genericlink\" href=\"https:\/\/www.is.fi\/taloussanomat\/art-2000011613542.html\" rel=\"nofollow noopener\" target=\"_blank\">STT:lle<\/a> viime viikonloppuna.<\/p>\n<p class=\"article-body mb-nof-24 px-nof-16\">Yksi heist\u00e4 on 29-vuotias nainen Kittil\u00e4st\u00e4. H\u00e4nest\u00e4 on helpompaa asua vuokralla kuin omistaa asunto. Sit\u00e4 paitsi kotipaikkakunnalla ei ole vapaana taloja tai asuntoja, joissa h\u00e4n haluaisi asua.<\/p>\n<p class=\"article-body mb-nof-24 px-nof-16\">\u2013\u2009Tai jos on, hinta aivan on posketon. Rakentamaan en ala, nainen kertoo.<\/p>\n<p class=\"article-body mb-nof-24 px-nof-16\">\u2013\u2009Isompien asuntojen neli\u00f6vuokrat ovat niin edullisia, etten varsinaisesti edes haikaile omistusasuntoon, 29-vuotias vaasalaismies puolestaan arvioi.<\/p>\n<p class=\"article-body mb-nof-24 px-nof-16\">H\u00e4nell\u00e4 ei olisi mit\u00e4\u00e4n vaikeuksia ostaa asuntoa, mutta h\u00e4nest\u00e4 varallisuuden karttumiselle ratkaisevinta on huolehtia riitt\u00e4v\u00e4n isosta s\u00e4\u00e4st\u00f6summasta osakkeisiin.<\/p>\n<p class=\"article-body mb-nof-24 px-nof-16\">Omistusasumisen kannattajiakin on. 37-vuotias mies Pohjanmaalta asuu vuokralla pakosta, koska tekee p\u00e4tk\u00e4t\u00f6it\u00e4 ja osa-aikaisuuksia.<\/p>\n<p class=\"article-body mb-nof-24 px-nof-16\">\u2013\u2009En saa lainaa vaikka lainakulut ei paljon vuokrakuluista eroaisikaan, h\u00e4n harmittelee.<\/p>\n<p class=\"article-body mb-nof-24 px-nof-16\">Pirkkalassa asuva 33-vuotias kahden lapsen is\u00e4 asuu mieluiten tuloihinsa n\u00e4hden sopivan hintaisessa omistusasunnossa, koska pystyy siten itse vaikuttamaan menoihin. Oma koti tuntuu turvalliselta, kun mahdollinen muuttaminen on omissa eik\u00e4 vuokranantajan k\u00e4siss\u00e4.<\/p>\n<p class=\"article-body mb-nof-24 px-nof-16\">\u2013\u2009Ymm\u00e4rr\u00e4n, ett\u00e4 etenkin perheasuntojen hinnat ovat karanneet k\u00e4sist\u00e4, ja etenkin uudet asunnot ovat pitk\u00e4lti keskituloisten saavuttamattomissa, h\u00e4n lis\u00e4\u00e4.<\/p>\n<p class=\"article-body mb-nof-24 px-nof-16\">Yleinen kustannusten nousu ja taloudellinen ep\u00e4varmuus ovat ajaneet miehen my\u00f6s rahastos\u00e4\u00e4st\u00e4j\u00e4ksi: rahastoihin h\u00e4n laittaa 10\u201320 prosenttia nettotuloistaan.<\/p>\n<p class=\"article-body mb-nof-24 px-nof-16\">Mies puolisoineen tekee rahastosijoituksia my\u00f6s kahdelle lapselleen, jotta heill\u00e4 olisi aikanaan taloudellista turvaa esimerkiksi el\u00e4ke-ep\u00e4varmuuksien keskell\u00e4. Mies kannustaa muitakin sijoittamaan \u2013 edes pieni\u00e4 summia.<\/p>\n<p class=\"article-body mb-nof-24 px-nof-16\">\u2013\u2009Vaikkapa 15 euron rahastosijoitus 2 kuukauden v\u00e4leinkin on jo erinomainen saavutus.<\/p>\n<p class=\"article-body mb-nof-24 px-nof-16\">Sijoittamista asunnon hankkimisen ohella suosii my\u00f6s 38-vuotias helsinkil\u00e4ismies. Sijoittamisen ja asunnon ostamisen vertailu on h\u00e4nest\u00e4 v\u00e4h\u00e4n naurettavaa.<\/p>\n<p class=\"article-body mb-nof-24 px-nof-16\">\u2013\u2009Asuntoa varten otetaan isoja lainoja, joita monet eiv\u00e4t saisi sijoittamiseen, h\u00e4n perustelee.<\/p>\n<p class=\"article-body mb-nof-24 px-nof-16\">Aikanaan mies otti koko asunnon hinnan verran lainaa. Sijoituksiin h\u00e4n ei olisi koskaan saanut samaa m\u00e4\u00e4r\u00e4\u00e4.<\/p>\n<p class=\"article-body mb-nof-24 px-nof-16\">39-vuotias nainen Turusta on ostanut asunnon, mutta empii, oliko se j\u00e4rkev\u00e4\u00e4.<\/p>\n<p class=\"article-body mb-nof-24 px-nof-16\">\u2013\u2009Jos tulee sota, voi joutua j\u00e4tt\u00e4m\u00e4\u00e4n kodin, mutta asuntolaina ei h\u00e4vi\u00e4 minnek\u00e4\u00e4n. Rahastossa omaisuus on paremmassa turvassa, h\u00e4n pohtii.<\/p>\n","protected":false},"excerpt":{"rendered":"Ilta-Sanomien lukijat kertovat, haluavatko asua omistusasunnossa vai vuokralla. 11.11. 20:15 Vaikka varaa olisi tai ainakin mahdollisuus saada lainaa,&hellip;\n","protected":false},"author":2,"featured_media":88591,"comment_status":"","ping_status":"","sticky":false,"template":"","format":"standard","meta":{"footnotes":""},"categories":[76],"tags":[79,77,33,31,30,34,32,78],"class_list":{"0":"post-88590","1":"post","2":"type-post","3":"status-publish","4":"format-standard","5":"has-post-thumbnail","7":"category-talous","8":"tag-business","9":"tag-economy","10":"tag-fi","11":"tag-finland","12":"tag-finnish","13":"tag-ilta-sanomat","14":"tag-suomi","15":"tag-talous"},"share_on_mastodon":{"url":"https:\/\/pubeurope.com\/@fi\/115539837199439247","error":""},"_links":{"self":[{"href":"https:\/\/www.europesays.com\/fi\/wp-json\/wp\/v2\/posts\/88590","targetHints":{"allow":["GET"]}}],"collection":[{"href":"https:\/\/www.europesays.com\/fi\/wp-json\/wp\/v2\/posts"}],"about":[{"href":"https:\/\/www.europesays.com\/fi\/wp-json\/wp\/v2\/types\/post"}],"author":[{"embeddable":true,"href":"https:\/\/www.europesays.com\/fi\/wp-json\/wp\/v2\/users\/2"}],"replies":[{"embeddable":true,"href":"https:\/\/www.europesays.com\/fi\/wp-json\/wp\/v2\/comments?post=88590"}],"version-history":[{"count":0,"href":"https:\/\/www.europesays.com\/fi\/wp-json\/wp\/v2\/posts\/88590\/revisions"}],"wp:featuredmedia":[{"embeddable":true,"href":"https:\/\/www.europesays.com\/fi\/wp-json\/wp\/v2\/media\/88591"}],"wp:attachment":[{"href":"https:\/\/www.europesays.com\/fi\/wp-json\/wp\/v2\/media?parent=88590"}],"wp:term":[{"taxonomy":"category","embeddable":true,"href":"https:\/\/www.europesays.com\/fi\/wp-json\/wp\/v2\/categories?post=88590"},{"taxonomy":"post_tag","embeddable":true,"href":"https:\/\/www.europesays.com\/fi\/wp-json\/wp\/v2\/tags?post=88590"}],"curies":[{"name":"wp","href":"https:\/\/api.w.org\/{rel}","templated":true}]}}