{"id":88592,"date":"2025-11-13T01:39:11","date_gmt":"2025-11-13T01:39:11","guid":{"rendered":"https:\/\/www.europesays.com\/fi\/88592\/"},"modified":"2025-11-13T01:39:11","modified_gmt":"2025-11-13T01:39:11","slug":"hovin-entista-tyontekijaa-epaillaan-seksuaalirikoksista","status":"publish","type":"post","link":"https:\/\/www.europesays.com\/fi\/88592\/","title":{"rendered":"Hovin entist\u00e4 ty\u00f6ntekij\u00e4\u00e4 ep\u00e4ill\u00e4\u00e4n seksuaalirikoksista"},"content":{"rendered":"<p><strong class=\"typography-bold\">Uhrin puhelimesta l\u00f6ytyneet tiedot johdattivat poliisin ep\u00e4illyn j\u00e4ljille, ja tutkinta h\u00e4nen osaltaan laajeni nopeasti.<\/strong><\/p>\n<p>Entist\u00e4 Ruotsin hovin ty\u00f6ntekij\u00e4\u00e4 ep\u00e4ill\u00e4\u00e4n useista lapsiin kohdistuneista seksuaalirikoksista, kertoo <a class=\"underline\" data-testid=\"external-link\" href=\"https:\/\/www.aftonbladet.se\/nyheter\/a\/dRgBVO\/medarbetare-vid-hovet-misstanks-for-barnsexbrott?utm_so%E2%80%A6\" rel=\"noopener noreferrer nofollow\" data-sentry-component=\"ExternalLink\" data-sentry-source-file=\"ExternalLink.tsx\" target=\"_blank\">Aftonbladet<\/a>.<\/p>\n<p>Lehden mukaan mies ty\u00f6skenteli tiiviisti kuningasperheen kanssa ja h\u00e4net kutsuttiin my\u00f6s kuninkaallisiin risti\u00e4isiin.<\/p>\n<p>Ruotsin hovin tiedotusp\u00e4\u00e4llikk\u00f6 <strong class=\"typography-bold\">Margareta Thorgren <\/strong>kertoo Aftonbladetille, ett\u00e4 noin 50-vuotias mies on erotettu virastaan.<\/p>\n<p><strong class=\"typography-bold\">Viestittely\u00e4 Snapchatissa<\/strong><\/p>\n<p>Tapaus alkoi selvit\u00e4, kun rikoksen uhriksi joutuneen nuoren huolestunut vanhempi otti yhteytt\u00e4 poliisiin saatuaan tiet\u00e4\u00e4, ett\u00e4 h\u00e4nen tytt\u00e4rens\u00e4 oli viestitellyt tuntemattoman henkil\u00f6n kanssa Snapchatissa.<\/p>\n<p>Tyt\u00f6n puhelimesta l\u00f6ytyneet tiedot johdattivat poliisin ep\u00e4illyn j\u00e4ljille, ja tutkinta h\u00e4nen osaltaan laajeni nopeasti.<\/p>\n<p>Poliisi on onnistunut tunnistamaan yhteens\u00e4 kymmenen tytt\u00f6\u00e4 miehen puhelimesta l\u00f6ytyneiden keskustelujen ja kuvien perusteella.<\/p>\n<p>Tutkimuksissa on k\u00e4ynyt ilmi, ett\u00e4 tyt\u00f6t olivat 7\u201314-vuotiaita, kun mies otti heihin yhteytt\u00e4 ja keskusteli heid\u00e4n kanssaan Snapchatissa. Tutkinnan mukaan mies on teeskennellyt olevansa nuori mies jutellessaan lasten kanssa.<\/p>\n<p>Miehen ep\u00e4ill\u00e4\u00e4n houkutelleen lapsia esiintym\u00e4\u00e4n seksuaalisesti. H\u00e4nen asunnostaan tehdyss\u00e4 kotietsinn\u00e4ss\u00e4 poliisi l\u00f6ysi noin sata lapsipornografiakuvaa. Lis\u00e4ksi h\u00e4nt\u00e4 ep\u00e4ill\u00e4\u00e4n lasten salakuvauksesta uima-altaalla.<\/p>\n","protected":false},"excerpt":{"rendered":"Uhrin puhelimesta l\u00f6ytyneet tiedot johdattivat poliisin ep\u00e4illyn j\u00e4ljille, ja tutkinta h\u00e4nen osaltaan laajeni nopeasti. Entist\u00e4 Ruotsin hovin ty\u00f6ntekij\u00e4\u00e4&hellip;\n","protected":false},"author":2,"featured_media":88593,"comment_status":"","ping_status":"","sticky":false,"template":"","format":"standard","meta":{"footnotes":""},"categories":[14],"tags":[22,23,26,27,33,31,30,17,24,25,28,29,15,18,21,32,19,20,56,16,59,60,61],"class_list":{"0":"post-88592","1":"post","2":"type-post","3":"status-publish","4":"format-standard","5":"has-post-thumbnail","7":"category-ulkomaat","8":"tag-breaking-news","9":"tag-breakingnews","10":"tag-featured-news","11":"tag-featurednews","12":"tag-fi","13":"tag-finland","14":"tag-finnish","15":"tag-headlines","16":"tag-latest-news","17":"tag-latestnews","18":"tag-main-news","19":"tag-mainnews","20":"tag-news","21":"tag-otsikot","22":"tag-paauutiset","23":"tag-suomi","24":"tag-top-stories","25":"tag-topstories","26":"tag-ulkomaat","27":"tag-uutiset","28":"tag-world","29":"tag-world-news","30":"tag-worldnews"},"share_on_mastodon":{"url":"https:\/\/pubeurope.com\/@fi\/115539841143875230","error":""},"_links":{"self":[{"href":"https:\/\/www.europesays.com\/fi\/wp-json\/wp\/v2\/posts\/88592","targetHints":{"allow":["GET"]}}],"collection":[{"href":"https:\/\/www.europesays.com\/fi\/wp-json\/wp\/v2\/posts"}],"about":[{"href":"https:\/\/www.europesays.com\/fi\/wp-json\/wp\/v2\/types\/post"}],"author":[{"embeddable":true,"href":"https:\/\/www.europesays.com\/fi\/wp-json\/wp\/v2\/users\/2"}],"replies":[{"embeddable":true,"href":"https:\/\/www.europesays.com\/fi\/wp-json\/wp\/v2\/comments?post=88592"}],"version-history":[{"count":0,"href":"https:\/\/www.europesays.com\/fi\/wp-json\/wp\/v2\/posts\/88592\/revisions"}],"wp:featuredmedia":[{"embeddable":true,"href":"https:\/\/www.europesays.com\/fi\/wp-json\/wp\/v2\/media\/88593"}],"wp:attachment":[{"href":"https:\/\/www.europesays.com\/fi\/wp-json\/wp\/v2\/media?parent=88592"}],"wp:term":[{"taxonomy":"category","embeddable":true,"href":"https:\/\/www.europesays.com\/fi\/wp-json\/wp\/v2\/categories?post=88592"},{"taxonomy":"post_tag","embeddable":true,"href":"https:\/\/www.europesays.com\/fi\/wp-json\/wp\/v2\/tags?post=88592"}],"curies":[{"name":"wp","href":"https:\/\/api.w.org\/{rel}","templated":true}]}}