{"id":88594,"date":"2025-11-13T01:40:09","date_gmt":"2025-11-13T01:40:09","guid":{"rendered":"https:\/\/www.europesays.com\/fi\/88594\/"},"modified":"2025-11-13T01:40:09","modified_gmt":"2025-11-13T01:40:09","slug":"kohta-iskee-myrsky-jos-olet-taalla-varaudu-iltalehti","status":"publish","type":"post","link":"https:\/\/www.europesays.com\/fi\/88594\/","title":{"rendered":"Kohta iskee myrsky \u2013 Jos olet t\u00e4\u00e4ll\u00e4, varaudu &#8211; Iltalehti"},"content":{"rendered":"<ol>\n<li><a href=\"https:\/\/news.google.com\/rss\/articles\/CBMif0FVX3lxTE9RdE1vWUZtQWMzZnlNdURxRTUzVVRQR1RvMzZ1Yi0talF2b3pQR3dIbEkyejNuOHlwdTRfNnRMX0lZOTRUR01qQzF3UzNBRHVJWG4zNm1BREhYRnMzbTgwVV82enFUSGhtYk5OVzhESjVnSTBqNFJOZm1aUWIyMWM?oc=5\" target=\"_blank\" rel=\"nofollow noopener\">Kohta iskee myrsky \u2013 Jos olet t\u00e4\u00e4ll\u00e4, varaudu<\/a>&nbsp;&nbsp;Iltalehti<\/li>\n<li><a href=\"https:\/\/news.google.com\/rss\/articles\/CBMiXEFVX3lxTE1XcFNtWE16RDU3SVhULUdXS0VncHpzdlYzUTQwY3lDUm92Q0tCcWo1N3I0OXJfdUdHUFJrdk5sZHluekU1NzJNTjZzSmdCRVBkQmZ3SkRHRFh6ZHNU?oc=5\" target=\"_blank\" rel=\"nofollow noopener\">Talvimyrsky tulossa \u2013 jopa 40 senttimetri\u00e4 lunta<\/a>&nbsp;&nbsp;Ilta-Sanomat<\/li>\n<li><a href=\"https:\/\/news.google.com\/rss\/articles\/CBMiQkFVX3lxTE4wWE9Uc3FDX0dPdEpOejhtb2drbDZKSHRDY2hpQjNvOEtTR2JIOGFmb0ZubDRLNzNjRWhWMW1lRWpzUQ?oc=5\" target=\"_blank\" rel=\"nofollow noopener\">Lapin tiet ja jalkak\u00e4yt\u00e4v\u00e4t ovat eritt\u00e4in liukkaat \u2013 sateet jatkuvat ja kolareitakin on sattunut<\/a>&nbsp;&nbsp;Yle<\/li>\n<li><a href=\"https:\/\/news.google.com\/rss\/articles\/CBMidkFVX3lxTFBZcGIyRXdUVHJNRmxvc3o0Znp4RWZZTnRiRUwxMUczZEJpOEtGbDZDcm5tRkZtMzJRZlRNMlJySGs3ZHNRQXNMWlJjMDRiM2hWZVprb2ViS1lub2NtY0c2SkZ3aDlucUpmQXEtT3VHcmdyODVSQ2c?oc=5\" target=\"_blank\" rel=\"nofollow noopener\">Ennuste: Lauha syksy on muuttumassa kylm\u00e4ksi alkutalveksi &#8211;<\/a>&nbsp;&nbsp;Ilmatieteen laitos<\/li>\n<li><a href=\"https:\/\/news.google.com\/rss\/articles\/CBMiWEFVX3lxTFBqVVd0WDRhOXlBUXkwanBGdERBdUV2RF9QSDQycEJpY2I1ekV1cnFtSXUtTm9qdWppR2gwWkNqSV9IZjJYaXlJelFoUFAtUk5uMmczYTJuSjc?oc=5\" target=\"_blank\" rel=\"nofollow noopener\">Varaudu talvimyrskyyn: Jopa 40 cm lunta ja tuulituhoja \u2013 suomalaisten suosikkikohteessa katastrofin ainekset<\/a>&nbsp;&nbsp;Foreca<\/li>\n<\/ol>\n","protected":false},"excerpt":{"rendered":"Kohta iskee myrsky \u2013 Jos olet t\u00e4\u00e4ll\u00e4, varaudu&nbsp;&nbsp;Iltalehti Talvimyrsky tulossa \u2013 jopa 40 senttimetri\u00e4 lunta&nbsp;&nbsp;Ilta-Sanomat Lapin tiet ja&hellip;\n","protected":false},"author":2,"featured_media":88595,"comment_status":"","ping_status":"","sticky":false,"template":"","format":"standard","meta":{"footnotes":""},"categories":[12],"tags":[35,22,23,26,27,33,31,30,17,713,24,25,28,29,715,15,18,21,710,714,1942,32,19,20,16],"class_list":{"0":"post-88594","1":"post","2":"type-post","3":"status-publish","4":"format-standard","5":"has-post-thumbnail","7":"category-suomi","8":"tag-24h","9":"tag-breaking-news","10":"tag-breakingnews","11":"tag-featured-news","12":"tag-featurednews","13":"tag-fi","14":"tag-finland","15":"tag-finnish","16":"tag-headlines","17":"tag-lampotila-saa","18":"tag-latest-news","19":"tag-latestnews","20":"tag-main-news","21":"tag-mainnews","22":"tag-meteorologia","23":"tag-news","24":"tag-otsikot","25":"tag-paauutiset","26":"tag-saa","27":"tag-saaennustus","28":"tag-sateinen-saa","29":"tag-suomi","30":"tag-top-stories","31":"tag-topstories","32":"tag-uutiset"},"share_on_mastodon":{"url":"https:\/\/pubeurope.com\/@fi\/115539844986067716","error":""},"_links":{"self":[{"href":"https:\/\/www.europesays.com\/fi\/wp-json\/wp\/v2\/posts\/88594","targetHints":{"allow":["GET"]}}],"collection":[{"href":"https:\/\/www.europesays.com\/fi\/wp-json\/wp\/v2\/posts"}],"about":[{"href":"https:\/\/www.europesays.com\/fi\/wp-json\/wp\/v2\/types\/post"}],"author":[{"embeddable":true,"href":"https:\/\/www.europesays.com\/fi\/wp-json\/wp\/v2\/users\/2"}],"replies":[{"embeddable":true,"href":"https:\/\/www.europesays.com\/fi\/wp-json\/wp\/v2\/comments?post=88594"}],"version-history":[{"count":0,"href":"https:\/\/www.europesays.com\/fi\/wp-json\/wp\/v2\/posts\/88594\/revisions"}],"wp:featuredmedia":[{"embeddable":true,"href":"https:\/\/www.europesays.com\/fi\/wp-json\/wp\/v2\/media\/88595"}],"wp:attachment":[{"href":"https:\/\/www.europesays.com\/fi\/wp-json\/wp\/v2\/media?parent=88594"}],"wp:term":[{"taxonomy":"category","embeddable":true,"href":"https:\/\/www.europesays.com\/fi\/wp-json\/wp\/v2\/categories?post=88594"},{"taxonomy":"post_tag","embeddable":true,"href":"https:\/\/www.europesays.com\/fi\/wp-json\/wp\/v2\/tags?post=88594"}],"curies":[{"name":"wp","href":"https:\/\/api.w.org\/{rel}","templated":true}]}}