{"id":88611,"date":"2025-11-13T02:07:12","date_gmt":"2025-11-13T02:07:12","guid":{"rendered":"https:\/\/www.europesays.com\/fi\/88611\/"},"modified":"2025-11-13T02:07:12","modified_gmt":"2025-11-13T02:07:12","slug":"il-tassa-on-kovatuloisin-k-kauppias-ja-lidl-pomo-uutissuomalainen","status":"publish","type":"post","link":"https:\/\/www.europesays.com\/fi\/88611\/","title":{"rendered":"IL: T\u00e4ss\u00e4 on kovatuloisin K-kauppias ja Lidl-pomo | Uutissuomalainen"},"content":{"rendered":"<p>Viime vuoden verotietojen perusteella kovatuloisin K-kauppias oli Kupittaan K-Citymarketin <strong>Hannu Aaltonen<\/strong>, <a href=\"https:\/\/www.iltalehti.fi\/kotimaa\/a\/475557e2-a2ce-4e77-a968-e889a0f8098d\" rel=\"nofollow noopener\" target=\"_blank\">kertoo<\/a> Iltalehti.<\/p>\n<p>Aaltonen oli my\u00f6s edellisen vuoden K-kauppiaiden verotietojen tulokuningas.<\/p>\n<p>Aaltosen p\u00e4\u00e4osin p\u00e4\u00e4omatuloista koostuvat tulot olivat yhteens\u00e4 yli 2,5 miljoonaa euroa.<\/p>\n<p>Lehden mukaan Lidl-pomojen tulot j\u00e4iv\u00e4t t\u00e4st\u00e4 kauas taakse. Lidl Suomen johtoryhm\u00e4n eniten tienannut, Suomeen veroja maksava j\u00e4sen <strong>Sami Pyyk\u00f6nen<\/strong> tienasi yhteens\u00e4 372 839 euroa viime vuonna.<\/p>\n","protected":false},"excerpt":{"rendered":"Viime vuoden verotietojen perusteella kovatuloisin K-kauppias oli Kupittaan K-Citymarketin Hannu Aaltonen, kertoo Iltalehti. Aaltonen oli my\u00f6s edellisen vuoden&hellip;\n","protected":false},"author":2,"featured_media":88612,"comment_status":"","ping_status":"","sticky":false,"template":"","format":"standard","meta":{"footnotes":""},"categories":[5],"tags":[22,23,26,27,33,31,30,17,2644,2646,898,24,25,28,29,15,18,21,2645,32,19,20,860,16,17790,2186],"class_list":{"0":"post-88611","1":"post","2":"type-post","3":"status-publish","4":"format-standard","5":"has-post-thumbnail","7":"category-otsikot","8":"tag-breaking-news","9":"tag-breakingnews","10":"tag-featured-news","11":"tag-featurednews","12":"tag-fi","13":"tag-finland","14":"tag-finnish","15":"tag-headlines","16":"tag-kotitalouksien-tulot-ja-rahankaytto","17":"tag-kuluttajakayttaytyminen","18":"tag-kulutustavarat","19":"tag-latest-news","20":"tag-latestnews","21":"tag-main-news","22":"tag-mainnews","23":"tag-news","24":"tag-otsikot","25":"tag-paauutiset","26":"tag-palkka-ja-tyosuhde-edut","27":"tag-suomi","28":"tag-top-stories","29":"tag-topstories","30":"tag-tyoelama","31":"tag-uutiset","32":"tag-verotiedot-2024","33":"tag-verotus"},"share_on_mastodon":{"url":"https:\/\/pubeurope.com\/@fi\/115539951184536233","error":""},"_links":{"self":[{"href":"https:\/\/www.europesays.com\/fi\/wp-json\/wp\/v2\/posts\/88611","targetHints":{"allow":["GET"]}}],"collection":[{"href":"https:\/\/www.europesays.com\/fi\/wp-json\/wp\/v2\/posts"}],"about":[{"href":"https:\/\/www.europesays.com\/fi\/wp-json\/wp\/v2\/types\/post"}],"author":[{"embeddable":true,"href":"https:\/\/www.europesays.com\/fi\/wp-json\/wp\/v2\/users\/2"}],"replies":[{"embeddable":true,"href":"https:\/\/www.europesays.com\/fi\/wp-json\/wp\/v2\/comments?post=88611"}],"version-history":[{"count":0,"href":"https:\/\/www.europesays.com\/fi\/wp-json\/wp\/v2\/posts\/88611\/revisions"}],"wp:featuredmedia":[{"embeddable":true,"href":"https:\/\/www.europesays.com\/fi\/wp-json\/wp\/v2\/media\/88612"}],"wp:attachment":[{"href":"https:\/\/www.europesays.com\/fi\/wp-json\/wp\/v2\/media?parent=88611"}],"wp:term":[{"taxonomy":"category","embeddable":true,"href":"https:\/\/www.europesays.com\/fi\/wp-json\/wp\/v2\/categories?post=88611"},{"taxonomy":"post_tag","embeddable":true,"href":"https:\/\/www.europesays.com\/fi\/wp-json\/wp\/v2\/tags?post=88611"}],"curies":[{"name":"wp","href":"https:\/\/api.w.org\/{rel}","templated":true}]}}