{"id":88621,"date":"2025-11-13T02:30:17","date_gmt":"2025-11-13T02:30:17","guid":{"rendered":"https:\/\/www.europesays.com\/fi\/88621\/"},"modified":"2025-11-13T02:30:17","modified_gmt":"2025-11-13T02:30:17","slug":"katso-paljonko-eri-tyottomyyskassoista-joutuu-maksamaan-ilta-sanomat","status":"publish","type":"post","link":"https:\/\/www.europesays.com\/fi\/88621\/","title":{"rendered":"Katso, paljonko eri ty\u00f6tt\u00f6myyskassoista joutuu maksamaan &#8211; Ilta-Sanomat"},"content":{"rendered":"<ol>\n<li><a href=\"https:\/\/news.google.com\/rss\/articles\/CBMiZEFVX3lxTE81ZGlUcnZjeU9Kd1EwaC1PbEJ0UEI4QkQzQjJXY0tUNWdvQ0JkTXRYbHY1NmJTS01iN0M1MVJqS1d5b2lDZVk3Y2NkRnVGdXJYN3BSNEZuOTRULWNNVG1jSHRLdUI?oc=5\" target=\"_blank\" rel=\"nofollow noopener\">Katso, paljonko eri ty\u00f6tt\u00f6myyskassoista joutuu maksamaan<\/a>&nbsp;&nbsp;Ilta-Sanomat<\/li>\n<li><a href=\"https:\/\/news.google.com\/rss\/articles\/CBMif0FVX3lxTFBJQjllMjhLbVlzLU1VazlCZng1dXZCek5vWHZTZzFDNXFDMnRqZ3N1N0c4Q3ZJeTlCRkxzSUxWd29pWURNanVER21rdGd2Wm5sRHE4REExNEowNk4wczVWdURrU3p5dE5YbXU1Rm1GdkxsUExEOGg5QVNDZGJtTWc?oc=5\" target=\"_blank\" rel=\"nofollow noopener\">T\u00e4llaiset muutokset iskev\u00e4t ty\u00f6tt\u00f6myyskassojen j\u00e4senmaksuihin<\/a>&nbsp;&nbsp;Iltalehti<\/li>\n<li><a href=\"https:\/\/news.google.com\/rss\/articles\/CBMi1AFBVV95cUxPelR2YVBsOTdZckVGVmgtT1JfYTJpT0xmemFYMFc5dWE4cUxzS0t3dkJ2RFRWNUlCMllySGNZR1JsWGU0YjN5MXhrcTU2VVNKRTJmU0lTQXhpY0tlUi0wSHp3WFdVelh0VzlUOExYcWNfQzlnOWNKdk0wVUpGTEtDUFJKSXNzNU1NaHU1bjBWdnl0ckM3SlpFUnFaR05QejdoaUVWRTFqRW16bXc2Vy0wQjZuazFrbnRlZWVkQ2lOOEl6S2tINjlRc3dZenlySENkeTFFNw?oc=5\" target=\"_blank\" rel=\"nofollow noopener\">Yritt\u00e4j\u00e4kassan j\u00e4senmaksu s\u00e4ilyy ennallaan \u2013 kassa varautunut ep\u00e4varmaan taloustilanteeseen<\/a>&nbsp;&nbsp;ePressi<\/li>\n<li><a href=\"https:\/\/news.google.com\/rss\/articles\/CBMi1AFBVV95cUxOSFZWS29JcUw3Y1UzUmZJZGtiZzZWNmVHRDRJZE5zQnliV0p1ZDZ2S1NHWTA3SG9RX1dVX0ljYjd6bHFBUmNteXZXT2lzcTRrM1lsZ1FVQUNhR0VJbGxHRnRIekczNDNINUs3cHNZcXdXY2R6SmwxWjdEazVrX1diYXMwQzRDRmNreXVzd0l5TFdJbHNVQkw3SmxZWEZtNEM3c2Y1TS1oUnpwN1ZhR21QV2ZGcEJiWGk0cWhOUkwzUTZ0bjFWMmc2dlk2ekhaTGRlVWFmYw?oc=5\" target=\"_blank\" rel=\"nofollow noopener\">J\u00e4senmaksu pysyy ensi vuonna ennallaan useimmissa ty\u00f6tt\u00f6myyskassoissa<\/a>&nbsp;&nbsp;STT Info<\/li>\n<li><a href=\"https:\/\/news.google.com\/rss\/articles\/CBMi2gFBVV95cUxQRlRPWS1ucXRrQlVWdVpSNHZhYzRiZUJsbHNhWEJCMFk3WjBJMEplaF9FRDlqbF9XdjNRUnBLWldyT3NYX25KdjF4YWtOTHFEUE1Nc1pqMmM4WjVVTERvVlMyZGVGY05oaUtuNDVJR0c4VFpiNTlsaktFczZBUkZkazFIeWpEVDhPdDNmU0dEVFNRMXpCYlphSW9HSnE1cnFLbHF0d1ZiOEJaWTdaNlpOMXVtU3FEOEpuSFhMX3dJV0tPWmFtTG8yYWpabGxwODdjdXJNX0U5elAyUQ?oc=5\" target=\"_blank\" rel=\"nofollow noopener\">Yritt\u00e4j\u00e4kassa ei korota j\u00e4senmaksuaan \u2013 Yritysten lopettaminen ei ole n\u00e4kynyt ansiop\u00e4iv\u00e4rahan saajien m\u00e4\u00e4r\u00e4ss\u00e4<\/a>&nbsp;&nbsp;Yrittajat.fi<\/li>\n<\/ol>\n","protected":false},"excerpt":{"rendered":"Katso, paljonko eri ty\u00f6tt\u00f6myyskassoista joutuu maksamaan&nbsp;&nbsp;Ilta-Sanomat T\u00e4llaiset muutokset iskev\u00e4t ty\u00f6tt\u00f6myyskassojen j\u00e4senmaksuihin&nbsp;&nbsp;Iltalehti Yritt\u00e4j\u00e4kassan j\u00e4senmaksu s\u00e4ilyy ennallaan \u2013 kassa varautunut&hellip;\n","protected":false},"author":2,"featured_media":88622,"comment_status":"","ping_status":"","sticky":false,"template":"","format":"standard","meta":{"footnotes":""},"categories":[76],"tags":[79,77,33,31,30,34,32,78],"class_list":{"0":"post-88621","1":"post","2":"type-post","3":"status-publish","4":"format-standard","5":"has-post-thumbnail","7":"category-talous","8":"tag-business","9":"tag-economy","10":"tag-fi","11":"tag-finland","12":"tag-finnish","13":"tag-ilta-sanomat","14":"tag-suomi","15":"tag-talous"},"share_on_mastodon":{"url":"https:\/\/pubeurope.com\/@fi\/115540041588389735","error":""},"_links":{"self":[{"href":"https:\/\/www.europesays.com\/fi\/wp-json\/wp\/v2\/posts\/88621","targetHints":{"allow":["GET"]}}],"collection":[{"href":"https:\/\/www.europesays.com\/fi\/wp-json\/wp\/v2\/posts"}],"about":[{"href":"https:\/\/www.europesays.com\/fi\/wp-json\/wp\/v2\/types\/post"}],"author":[{"embeddable":true,"href":"https:\/\/www.europesays.com\/fi\/wp-json\/wp\/v2\/users\/2"}],"replies":[{"embeddable":true,"href":"https:\/\/www.europesays.com\/fi\/wp-json\/wp\/v2\/comments?post=88621"}],"version-history":[{"count":0,"href":"https:\/\/www.europesays.com\/fi\/wp-json\/wp\/v2\/posts\/88621\/revisions"}],"wp:featuredmedia":[{"embeddable":true,"href":"https:\/\/www.europesays.com\/fi\/wp-json\/wp\/v2\/media\/88622"}],"wp:attachment":[{"href":"https:\/\/www.europesays.com\/fi\/wp-json\/wp\/v2\/media?parent=88621"}],"wp:term":[{"taxonomy":"category","embeddable":true,"href":"https:\/\/www.europesays.com\/fi\/wp-json\/wp\/v2\/categories?post=88621"},{"taxonomy":"post_tag","embeddable":true,"href":"https:\/\/www.europesays.com\/fi\/wp-json\/wp\/v2\/tags?post=88621"}],"curies":[{"name":"wp","href":"https:\/\/api.w.org\/{rel}","templated":true}]}}