{"id":88670,"date":"2025-11-13T03:51:17","date_gmt":"2025-11-13T03:51:17","guid":{"rendered":"https:\/\/www.europesays.com\/fi\/88670\/"},"modified":"2025-11-13T03:51:17","modified_gmt":"2025-11-13T03:51:17","slug":"konkurssiin-haetusta-yksityiskoulusta-tehtiin-useita-rikosilmoituksia-poliisi-aloitti-esiselvityksen-paikalliset","status":"publish","type":"post","link":"https:\/\/www.europesays.com\/fi\/88670\/","title":{"rendered":"Konkurssiin haetusta yksityiskoulusta tehtiin useita rikosilmoituksia \u2013 poliisi aloitti esiselvityksen | Paikalliset"},"content":{"rendered":"<p>Helsingin poliisi kertoo aloittaneensa Helsinki Design Schoolia koskevan esiselvityksen.<\/p>\n<p>Koulun toiminnasta on tehty useita rikosilmoituksia. Poliisille j\u00e4tettyj\u00e4 rikosilmoituksia ovat tehneet useat oppilaat ja opettajat.<\/p>\n<p><strong class=\"diks-storyline__impact\">Rikosilmoituksia<\/strong> tehneet opettajat kertovat j\u00e4\u00e4neens\u00e4 ilman palkkoja ja oppilaat kertovat maksaneensa koulutusmaksuja koulutuksesta, jota ei ole annettu.<\/p>\n<p><a href=\"https:\/\/www.hs.fi\/helsinki\/art-2000011622005.html\" rel=\"nofollow noopener\" target=\"_blank\">Helsingin Sanomien tietojen<\/a> mukaan koulu on velkaa sek\u00e4 luennoitsijoille ett\u00e4 oppilaitoksen kanssa yhteisty\u00f6t\u00e4 tehneille yrityksille. Rikosilmoituksissa on nostettu esiin my\u00f6s mahdollisia tekij\u00e4noikeuksien rikkomuksia.<\/p>\n<p>Oppilaitos on lehden tietojen mukaan my\u00f6s laskuttanut opiskelijoilta lukukausimaksuja hyvin etupainotteisesti ja l\u00e4hett\u00e4m\u00e4ll\u00e4 maksukehotuksia.<\/p>\n<p><strong class=\"diks-storyline__impact\">Muun muassa<\/strong> <a href=\"https:\/\/yle.fi\/a\/74-20193171\" rel=\"nofollow noopener\" target=\"_blank\">Yle kertoi<\/a> maanantaina (10. marraskuuta), ett\u00e4 yksityinen visuaalisten alojen koulu Helsinki Design School on j\u00e4tt\u00e4nyt konkurssihakemuksen Helsingin k\u00e4r\u00e4j\u00e4oikeuteen.<\/p>\n<p>Konkurssin hakijana oli koulussa opettanut muotisuunnittelija <strong>Paola Suhonen<\/strong>, joka on HS:n tietojen mukaan yksi velkojista.<\/p>\n<p><strong class=\"diks-storyline__impact\">Koulu on tarjonnut<\/strong> muun muassa graafisen suunnittelun, valokuvauksen, muoti- ja sisustussuunnittelun sek\u00e4 muotimarkkinoinnin opintoja.<\/p>\n<p>Opintojen kesto on koulutuksesta riippuen 10\u201311 kuukautta, ja kurssit maksavat noin 3\u2009000\u20134\u2009000 euroa.<\/p>\n<p>Helsinki Design School on <a href=\"https:\/\/www.helsinkidesignschool.fi\/koulutusohjelmat\/interior-design\/?sivu=koulutusohjelmat\" rel=\"nofollow noopener\" target=\"_blank\">julkaissut nettisivuillaan<\/a> pitk\u00e4n kirjoituksen, jossa se ottaa kantaa lehtikirjoituksiin ja pahoittelee toiminnan p\u00e4\u00e4ttymist\u00e4.<\/p>\n<p>T\u00e4ll\u00e4 hetkell\u00e4 poliisi selvitt\u00e4\u00e4, onko koulun toiminnassa syyt\u00e4 ep\u00e4ill\u00e4 rikosta.<\/p>\n","protected":false},"excerpt":{"rendered":"Helsingin poliisi kertoo aloittaneensa Helsinki Design Schoolia koskevan esiselvityksen. Koulun toiminnasta on tehty useita rikosilmoituksia. Poliisille j\u00e4tettyj\u00e4 rikosilmoituksia&hellip;\n","protected":false},"author":2,"featured_media":88671,"comment_status":"","ping_status":"","sticky":false,"template":"","format":"standard","meta":{"footnotes":""},"categories":[5],"tags":[22,23,26,27,33,31,30,17,615,96,757,53,24,25,28,29,15,617,18,21,52,38,32,19,20,16],"class_list":{"0":"post-88670","1":"post","2":"type-post","3":"status-publish","4":"format-standard","5":"has-post-thumbnail","7":"category-otsikot","8":"tag-breaking-news","9":"tag-breakingnews","10":"tag-featured-news","11":"tag-featurednews","12":"tag-fi","13":"tag-finland","14":"tag-finnish","15":"tag-headlines","16":"tag-koulut","17":"tag-koulutus","18":"tag-koulutus-ja-kasvatus","19":"tag-laki-oikeus-ja-rikos","20":"tag-latest-news","21":"tag-latestnews","22":"tag-main-news","23":"tag-mainnews","24":"tag-news","25":"tag-opiskelijat-ja-oppilaat","26":"tag-otsikot","27":"tag-paauutiset","28":"tag-poliisi","29":"tag-rikos","30":"tag-suomi","31":"tag-top-stories","32":"tag-topstories","33":"tag-uutiset"},"share_on_mastodon":{"url":"https:\/\/pubeurope.com\/@fi\/115540360105646570","error":""},"_links":{"self":[{"href":"https:\/\/www.europesays.com\/fi\/wp-json\/wp\/v2\/posts\/88670","targetHints":{"allow":["GET"]}}],"collection":[{"href":"https:\/\/www.europesays.com\/fi\/wp-json\/wp\/v2\/posts"}],"about":[{"href":"https:\/\/www.europesays.com\/fi\/wp-json\/wp\/v2\/types\/post"}],"author":[{"embeddable":true,"href":"https:\/\/www.europesays.com\/fi\/wp-json\/wp\/v2\/users\/2"}],"replies":[{"embeddable":true,"href":"https:\/\/www.europesays.com\/fi\/wp-json\/wp\/v2\/comments?post=88670"}],"version-history":[{"count":0,"href":"https:\/\/www.europesays.com\/fi\/wp-json\/wp\/v2\/posts\/88670\/revisions"}],"wp:featuredmedia":[{"embeddable":true,"href":"https:\/\/www.europesays.com\/fi\/wp-json\/wp\/v2\/media\/88671"}],"wp:attachment":[{"href":"https:\/\/www.europesays.com\/fi\/wp-json\/wp\/v2\/media?parent=88670"}],"wp:term":[{"taxonomy":"category","embeddable":true,"href":"https:\/\/www.europesays.com\/fi\/wp-json\/wp\/v2\/categories?post=88670"},{"taxonomy":"post_tag","embeddable":true,"href":"https:\/\/www.europesays.com\/fi\/wp-json\/wp\/v2\/tags?post=88670"}],"curies":[{"name":"wp","href":"https:\/\/api.w.org\/{rel}","templated":true}]}}