{"id":88688,"date":"2025-11-13T04:29:09","date_gmt":"2025-11-13T04:29:09","guid":{"rendered":"https:\/\/www.europesays.com\/fi\/88688\/"},"modified":"2025-11-13T04:29:09","modified_gmt":"2025-11-13T04:29:09","slug":"sointu-borg-paljastaa-kalleimman-torsayskohteensa-se-ja-viinat","status":"publish","type":"post","link":"https:\/\/www.europesays.com\/fi\/88688\/","title":{"rendered":"Sointu Borg paljastaa kalleimman t\u00f6rs\u00e4yskohteensa \u2013 \u201dSe ja viinat\u201d"},"content":{"rendered":"<p>Somevaikuttaja Sointu Borg puhuu suorat sanat tienesteist\u00e4\u00e4n Ukkola-ohjelman uusimmassa jaksossa.<\/p>\n<p class=\"paragraph\">Somevaikuttaja ja podcastaaja <strong>Sointu Borg<\/strong> takoi viime vuonna yhteens\u00e4 yli 333 000 euron tienestit. Vain muutama vuosi sitten tilanne oli toisin, ja Borg oli omien sanojensa mukaan \u201dpersaukinen opiskelija\u201d ja eli Kelan tuilla.<\/p>\n<p class=\"paragraph\">\u2013 Mulla on ollut aika nopeaa t\u00e4m\u00e4 nousu, Borg kommentoi Iltalehden Ukkola-ohjelmassa.<\/p>\n<p class=\"paragraph\">\u2013 Harvoin t\u00e4st\u00e4 puhutaan \u00e4\u00e4neen, h\u00e4n jatkaa suoraa puhettaan jaksossa.<\/p>\n<p class=\"paragraph\">Borg yll\u00e4tt\u00e4\u00e4 toimittaja <strong>Sanna Ukkolan<\/strong> paljastamalla my\u00f6s, mik\u00e4 on ollut kallein h\u00e4nen ostamansa luksusasia.<\/p>\n<p class=\"paragraph\">\u2013 Se ja viinat, h\u00e4n kuittaa.<\/p>\n<p class=\"paragraph\">Katso Ukkola-ohjelman uusin jakso, jossa Sointu Borg avautuu tienaamistaan rahoista.<\/p>\n<p><img decoding=\"async\" class=\"image image-show image-preview\" src=\"https:\/\/www.europesays.com\/fi\/wp-content\/uploads\/2025\/11\/948095f3bd1fe97adbd5fce16be727e30de3236d4fff6fbe925b86f312894f29.jpg\" alt=\"\"\/><img decoding=\"async\" class=\"image image-show\" src=\"https:\/\/www.europesays.com\/fi\/wp-content\/uploads\/2025\/11\/1763008149_727_948095f3bd1fe97adbd5fce16be727e30de3236d4fff6fbe925b86f312894f29.jpg\" alt=\"\"\/><\/p>\n<p>Sointu Borg kertoo Ukkola-ohjelmassa tienesteist\u00e4\u00e4n. Kaisa Vehkalahti<\/p>\n","protected":false},"excerpt":{"rendered":"Somevaikuttaja Sointu Borg puhuu suorat sanat tienesteist\u00e4\u00e4n Ukkola-ohjelman uusimmassa jaksossa. Somevaikuttaja ja podcastaaja Sointu Borg takoi viime vuonna&hellip;\n","protected":false},"author":2,"featured_media":88689,"comment_status":"","ping_status":"","sticky":false,"template":"","format":"standard","meta":{"footnotes":""},"categories":[136],"tags":[35,407,137,33,31,30,1511,408,763,1616,979,32,397,484,109],"class_list":{"0":"post-88688","1":"post","2":"type-post","3":"status-publish","4":"format-standard","5":"has-post-thumbnail","7":"category-julkkikset","8":"tag-24h","9":"tag-celebrities","10":"tag-entertainment","11":"tag-fi","12":"tag-finland","13":"tag-finnish","14":"tag-joukkoviestinta","15":"tag-julkkikset","16":"tag-kulttuuri-ja-viihde","17":"tag-media-viestinta","18":"tag-sahkoinen-media","19":"tag-suomi","20":"tag-taide","21":"tag-taiteellinen-ilmaisu-ja-mediat","22":"tag-viihde"},"share_on_mastodon":{"url":"https:\/\/pubeurope.com\/@fi\/115540509671796417","error":""},"_links":{"self":[{"href":"https:\/\/www.europesays.com\/fi\/wp-json\/wp\/v2\/posts\/88688","targetHints":{"allow":["GET"]}}],"collection":[{"href":"https:\/\/www.europesays.com\/fi\/wp-json\/wp\/v2\/posts"}],"about":[{"href":"https:\/\/www.europesays.com\/fi\/wp-json\/wp\/v2\/types\/post"}],"author":[{"embeddable":true,"href":"https:\/\/www.europesays.com\/fi\/wp-json\/wp\/v2\/users\/2"}],"replies":[{"embeddable":true,"href":"https:\/\/www.europesays.com\/fi\/wp-json\/wp\/v2\/comments?post=88688"}],"version-history":[{"count":0,"href":"https:\/\/www.europesays.com\/fi\/wp-json\/wp\/v2\/posts\/88688\/revisions"}],"wp:featuredmedia":[{"embeddable":true,"href":"https:\/\/www.europesays.com\/fi\/wp-json\/wp\/v2\/media\/88689"}],"wp:attachment":[{"href":"https:\/\/www.europesays.com\/fi\/wp-json\/wp\/v2\/media?parent=88688"}],"wp:term":[{"taxonomy":"category","embeddable":true,"href":"https:\/\/www.europesays.com\/fi\/wp-json\/wp\/v2\/categories?post=88688"},{"taxonomy":"post_tag","embeddable":true,"href":"https:\/\/www.europesays.com\/fi\/wp-json\/wp\/v2\/tags?post=88688"}],"curies":[{"name":"wp","href":"https:\/\/api.w.org\/{rel}","templated":true}]}}