{"id":88742,"date":"2025-11-13T05:55:08","date_gmt":"2025-11-13T05:55:08","guid":{"rendered":"https:\/\/www.europesays.com\/fi\/88742\/"},"modified":"2025-11-13T05:55:08","modified_gmt":"2025-11-13T05:55:08","slug":"michael-jackson-julkaisi-videon-huumeidenkaytostaan-peruuttamaton-muutos-kehossa","status":"publish","type":"post","link":"https:\/\/www.europesays.com\/fi\/88742\/","title":{"rendered":"Michael Jackson julkaisi videon huumeidenk\u00e4yt\u00f6st\u00e4\u00e4n \u2013 peruuttamaton muutos kehossa"},"content":{"rendered":"<p>Paris Jacksonin nen\u00e4ss\u00e4 on kolmas reik\u00e4.<\/p>\n<p>12.11. 22:40<\/p>\n<p class=\"article-body mb-nof-24 px-nof-16\">Vanhassa Kummeli-sketsiss\u00e4 <a class=\"article-personlink\" href=\"https:\/\/www.is.fi\/haku\/?query=Timo%20Kahilaisen\" rel=\"nofollow noopener\" target=\"_blank\">Timo Kahilaisen<\/a> esitt\u00e4m\u00e4 hahmo j\u00e4rkyttyy, kun h\u00e4n l\u00f6yt\u00e4\u00e4 itselt\u00e4\u00e4n <a class=\"article-genericlink\" href=\"https:\/\/www.youtube.com\/watch?v=BSOPmUo-BNo&amp;pp=ygUZa3VtbWVsaSByZWlracOkIHDDpMOkc3PDpA%3D%3D\" rel=\"nofollow noopener\" target=\"_blank\">\u201dreiki\u00e4 p\u00e4\u00e4st\u00e4\u201d<\/a>.<\/p>\n<p class=\"article-body mb-nof-24 px-nof-16\">\u2013 Ne on sieraimet, <a class=\"article-personlink\" href=\"https:\/\/www.is.fi\/haku\/?query=Heikki%20Silvennoinen\" rel=\"nofollow noopener\" target=\"_blank\">Heikki Silvennoinen<\/a> rauhoittelee.<\/p>\n<p class=\"article-body mb-nof-24 px-nof-16\">Popin kuninkaan <a class=\"article-personlink\" href=\"https:\/\/www.is.fi\/haku\/?query=Michael%20Jacksonin\" rel=\"nofollow noopener\" target=\"_blank\">Michael Jacksonin<\/a> tyt\u00e4r <a class=\"article-personlink\" href=\"https:\/\/www.is.fi\/haku\/?query=Paris%20Jackson\" rel=\"nofollow noopener\" target=\"_blank\">Paris Jackson<\/a>, 27, on kertonut samansuuntaista.<\/p>\n<p class=\"article-body mb-nof-24 px-nof-16\">H\u00e4nell\u00e4 on nimitt\u00e4in kahden sieraimen lis\u00e4ksi viel\u00e4 kolmas reik\u00e4 nen\u00e4ss\u00e4\u00e4n.<\/p>\n<p class=\"article-body mb-nof-24 px-nof-16\">Syy on karu: ankara huumeidenk\u00e4ytt\u00f6.<\/p>\n<p class=\"article-body mb-nof-24 px-nof-16\">Jackson on paljastanut asian Tiktokissa julkaistulla <a class=\"article-genericlink\" href=\"https:\/\/www.tiktok.com\/@parisjacksonbrasil\/video\/7570873760492817671?_r=1&amp;_t=ZP-91IKTuRdw6B\" rel=\"nofollow noopener\" target=\"_blank\">videolla<\/a>.<\/p>\n<p class=\"article-body mb-nof-24 px-nof-16\">\u2013 En ole koskaan puhunut t\u00e4st\u00e4&#8230; Joskus, kun hengit\u00e4n nen\u00e4ni kautta, nen\u00e4ni vihelt\u00e4\u00e4 lujaa, h\u00e4n aloittaa.<\/p>\n<p class=\"article-body mb-nof-24 px-nof-16\">Sitten h\u00e4n esittelee nen\u00e4\u00e4ns\u00e4 l\u00e4hikuvassa. H\u00e4n valaisee sieraimiaan puhelimen taskulampulla.<\/p>\n<p class=\"article-body mb-nof-24 px-nof-16\">Paljastuu hurja n\u00e4ky: Jacksonin sierainten v\u00e4liss\u00e4 on reik\u00e4.<\/p>\n<p class=\"article-body mb-nof-24 px-nof-16\">\u2013 Minulla on puhjennut nen\u00e4n v\u00e4lisein\u00e4. Syyn varmaan arvaattekin, h\u00e4n tokaisee hymyillen.<\/p>\n<p class=\"article-body mb-nof-24 px-nof-16\">\u2013 \u00c4lk\u00e4\u00e4 vet\u00e4k\u00f6 kamaa, lapset.<\/p>\n<p class=\"article-body mb-nof-24 px-nof-16\">\u2013 Tai&#8230; vet\u00e4k\u00e4\u00e4. Kuka min\u00e4 olen sanomaan. Mutta en suosittele, se pilasi el\u00e4m\u00e4ni, h\u00e4n miettii \u00e4\u00e4neen.<\/p>\n<p class=\"article-body mb-nof-24 px-nof-16\">Reik\u00e4 on ollut Jacksonin nen\u00e4ss\u00e4 jo 20-vuotiaasta saakka.<\/p>\n<p class=\"article-body mb-nof-24 px-nof-16\">\u2013 Voisin t\u00f6k\u00e4t\u00e4 spagetin sen l\u00e4pi.<\/p>\n<p class=\"article-body mb-nof-24 px-nof-16\">Jackson ei aio kuitenkaan korjauttaa reik\u00e4\u00e4 plastiikkakirurgilla.<\/p>\n<p class=\"article-body mb-nof-24 px-nof-16\">\u2013 Olen ollut kuivilla nyt viisi vuotta, ja leikkaus tarkoittaisi l\u00e4\u00e4kkeiden vet\u00e4mist\u00e4. En uskalla riskeerata, h\u00e4n sanoo.<\/p>\n<p class=\"article-body mb-nof-24 px-nof-16\">Lopuksi h\u00e4n esittelee videolla, miten kolmas sierain vihelt\u00e4\u00e4.<\/p>\n<p class=\"article-body mb-nof-24 px-nof-16\">Paris Jacksonin el\u00e4m\u00e4 ei ole ollut helpoimmasta p\u00e4\u00e4st\u00e4.<\/p>\n<p class=\"article-body mb-nof-24 px-nof-16\">H\u00e4n kertoi Rolling Stonen <a class=\"article-genericlink\" href=\"https:\/\/www.rollingstone.com\/music\/music-features\/paris-jackson-life-after-neverland-128510\/\" rel=\"nofollow noopener\" target=\"_blank\">haastattelussa<\/a> vuonna 2017, miten oli huumekoukussa jo 15-vuotiaana. H\u00e4n kertoi my\u00f6s joutuneensa seksuaalisen hyv\u00e4ksik\u00e4yt\u00f6n uhriksi ja yritt\u00e4neens\u00e4 itsemurhaa useita kertoja.<\/p>\n<p class=\"article-body mb-nof-24 px-nof-16\">H\u00e4n onnistui tekem\u00e4\u00e4n el\u00e4m\u00e4ss\u00e4\u00e4n ryhtiliikkeen menty\u00e4\u00e4n Utahiin sis\u00e4oppilaitokseen.<\/p>\n<p class=\"article-body mb-nof-24 px-nof-16\">Kokemukset koulussa olivat kuitenkin lopulta ik\u00e4vi\u00e4. T\u00e4m\u00e4 paljastui seurapiirit\u00e4hti Paris Hiltonia k\u00e4sitelleess\u00e4 This is Paris -dokumentissa, miss\u00e4 Hilton kertoi joutuneensa seksuaalisen ahdistelun ja kiusaamisen kohteeksi kyseisess\u00e4 koulussa.<\/p>\n<p class=\"article-body mb-nof-24 px-nof-16\">Paris Jackson kertoi Instagramissaan samanlaisista kokemuksista.<\/p>\n<p class=\"article-body mb-nof-24 px-nof-16\">\u2013 Olin pari vuotta teinin\u00e4 k\u00e4yt\u00f6ksen muuttamiseen pyrkineess\u00e4 sis\u00e4oppilaitoksessa ja sain PTSD:n. K\u00e4rsin yh\u00e4 painajaisista ja vaikeuksista luottaa ihmisiin, h\u00e4n <a class=\"article-genericlink\" href=\"https:\/\/www.today.com\/popculture\/paris-jackson-supports-paris-hilton-opens-about-ptsd-diagnosis-t193239\" rel=\"nofollow noopener\" target=\"_blank\">paljasti<\/a> somep\u00e4ivityksess\u00e4\u00e4n vuonna 2020.<\/p>\n<p class=\"article-body mb-nof-24 px-nof-16\">Jackson kommentoi aiemmin syksyll\u00e4 h\u00e4nen is\u00e4st\u00e4\u00e4n tekeill\u00e4 olevaa fiktioelokuvaa Michael.<\/p>\n<p class=\"article-body mb-nof-24 px-nof-16\">H\u00e4n oikoi julkisuudessa esitettyj\u00e4 v\u00e4itteit\u00e4. Elokuvassa Michael Jacksonin is\u00e4\u00e4 Joseph Jacksonia esitt\u00e4v\u00e4 Colman Domingo oli v\u00e4itt\u00e4nyt, ett\u00e4 Paris olisi antanut elokuvalle siunauksensa ja ollut h\u00e4nt\u00e4 kohtaan \u201dihana ja l\u00e4mminhenkinen\u201d.<\/p>\n<p class=\"article-body mb-nof-24 px-nof-16\">\u2013 Osallistuin elokuvaan nolla prosenttia, Jackson pamautti Instagramissa.<\/p>\n<p class=\"article-body mb-nof-24 px-nof-16\">\u2013 Luin yhden k\u00e4sikirjoituksen ensimm\u00e4isist\u00e4 luonnoksista ja annoin palautetta siit\u00e4, mik\u00e4 minusta ei ollut rehellisesti kuvattu tai ei tuntunut minusta oikealta. Kun he eiv\u00e4t muuttaneet mit\u00e4\u00e4n, jatkoin omaa el\u00e4m\u00e4\u00e4ni. T\u00e4ll\u00e4 ei ole mit\u00e4\u00e4n tekemist\u00e4 minun kanssani. Siunausta ja onnea, h\u00e4n jatkoi.<\/p>\n<p class=\"article-body mb-nof-24 px-nof-16\">Vuonna 2009 kuolleella Michael Jacksonilla on kolme lasta: vuonna 1997 syntynyt <a class=\"article-personlink\" href=\"https:\/\/www.is.fi\/haku\/?query=Prince\" rel=\"nofollow noopener\" target=\"_blank\">Prince<\/a>, vuonna 1998 syntynyt Paris ja vuonna 2002 syntynyt <a class=\"article-personlink\" href=\"https:\/\/www.is.fi\/haku\/?query=Bigi\" rel=\"nofollow noopener\" target=\"_blank\">Bigi<\/a>.<\/p>\n<p class=\"article-body mb-nof-24 px-nof-16\">Maailman menestyneimpiin kuuluneen popt\u00e4hden mainetta ovat tahrineet <a class=\"article-genericlink\" href=\"https:\/\/www.is.fi\/tv-ja-elokuvat\/art-2000011065618.html\" rel=\"nofollow noopener\" target=\"_blank\">syyt\u00f6kset lasten seksuaalisesta hyv\u00e4ksik\u00e4yt\u00f6st\u00e4<\/a>.<\/p>\n<p><script async src=\"\/\/www.tiktok.com\/embed.js\"><\/script><\/p>\n","protected":false},"excerpt":{"rendered":"Paris Jacksonin nen\u00e4ss\u00e4 on kolmas reik\u00e4. 12.11. 22:40 Vanhassa Kummeli-sketsiss\u00e4 Timo Kahilaisen esitt\u00e4m\u00e4 hahmo j\u00e4rkyttyy, kun h\u00e4n l\u00f6yt\u00e4\u00e4&hellip;\n","protected":false},"author":2,"featured_media":88743,"comment_status":"","ping_status":"","sticky":false,"template":"","format":"standard","meta":{"footnotes":""},"categories":[130],"tags":[137,33,31,30,34,32,109],"class_list":{"0":"post-88742","1":"post","2":"type-post","3":"status-publish","4":"format-standard","5":"has-post-thumbnail","7":"category-viihde","8":"tag-entertainment","9":"tag-fi","10":"tag-finland","11":"tag-finnish","12":"tag-ilta-sanomat","13":"tag-suomi","14":"tag-viihde"},"share_on_mastodon":{"url":"https:\/\/pubeurope.com\/@fi\/115540847692233128","error":""},"_links":{"self":[{"href":"https:\/\/www.europesays.com\/fi\/wp-json\/wp\/v2\/posts\/88742","targetHints":{"allow":["GET"]}}],"collection":[{"href":"https:\/\/www.europesays.com\/fi\/wp-json\/wp\/v2\/posts"}],"about":[{"href":"https:\/\/www.europesays.com\/fi\/wp-json\/wp\/v2\/types\/post"}],"author":[{"embeddable":true,"href":"https:\/\/www.europesays.com\/fi\/wp-json\/wp\/v2\/users\/2"}],"replies":[{"embeddable":true,"href":"https:\/\/www.europesays.com\/fi\/wp-json\/wp\/v2\/comments?post=88742"}],"version-history":[{"count":0,"href":"https:\/\/www.europesays.com\/fi\/wp-json\/wp\/v2\/posts\/88742\/revisions"}],"wp:featuredmedia":[{"embeddable":true,"href":"https:\/\/www.europesays.com\/fi\/wp-json\/wp\/v2\/media\/88743"}],"wp:attachment":[{"href":"https:\/\/www.europesays.com\/fi\/wp-json\/wp\/v2\/media?parent=88742"}],"wp:term":[{"taxonomy":"category","embeddable":true,"href":"https:\/\/www.europesays.com\/fi\/wp-json\/wp\/v2\/categories?post=88742"},{"taxonomy":"post_tag","embeddable":true,"href":"https:\/\/www.europesays.com\/fi\/wp-json\/wp\/v2\/tags?post=88742"}],"curies":[{"name":"wp","href":"https:\/\/api.w.org\/{rel}","templated":true}]}}