{"id":88750,"date":"2025-11-13T06:01:11","date_gmt":"2025-11-13T06:01:11","guid":{"rendered":"https:\/\/www.europesays.com\/fi\/88750\/"},"modified":"2025-11-13T06:01:11","modified_gmt":"2025-11-13T06:01:11","slug":"suomen-kaunein-koti-tassa-on-katsojien-ennakkosuosikki","status":"publish","type":"post","link":"https:\/\/www.europesays.com\/fi\/88750\/","title":{"rendered":"Suomen kaunein koti: T\u00e4ss\u00e4 on katsojien ennakkosuosikki"},"content":{"rendered":"<p>Suomen kauneinta kotia voi \u00e4\u00e4nest\u00e4\u00e4 viel\u00e4 t\u00e4n\u00e4\u00e4n.<\/p>\n<p><img decoding=\"async\" class=\"image image-show image-preview\" src=\"https:\/\/www.europesays.com\/fi\/wp-content\/uploads\/2025\/11\/50c7750c7ac18574ffdc0d5fce8550caff6d81f7d56452d314fce1ddc17ed090.jpg\" alt=\"\"\/><img decoding=\"async\" class=\"image image-show\" src=\"https:\/\/www.europesays.com\/fi\/wp-content\/uploads\/2025\/11\/1763013671_870_50c7750c7ac18574ffdc0d5fce8550caff6d81f7d56452d314fce1ddc17ed090.jpg\" alt=\"\"\/><\/p>\n<p>Pekka Pakkanen, Hanna Sumari ja Joanna Amemori n\u00e4hd\u00e4\u00e4n ruudussa viel\u00e4 viikon kuluttua, jolloin voittaja paljastetaan. MTV3<\/p>\n<p class=\"paragraph\">Suomen kauneinta kotia 2025 voi \u00e4\u00e4nest\u00e4\u00e4 viel\u00e4 t\u00e4n\u00e4\u00e4n iltayhdeks\u00e4\u00e4n saakka. Tuolloin MTV3:lla p\u00e4\u00e4ttyy ohjelman erikoisjakso.<\/p>\n<p class=\"paragraph\">Erikoisjaksossa esitell\u00e4\u00e4n kaksi ruukkialueilla sijaitsevaa kotia. Ne eiv\u00e4t kuitenkaan en\u00e4\u00e4 ota osaa varsinaiseen mittel\u00f6\u00f6n, eiv\u00e4tk\u00e4 siis kuuluu kymmenen finalistin joukkoon.<\/p>\n<p class=\"paragraph\">N\u00e4ist\u00e4 finalisteista katsojat saavat t\u00e4h\u00e4n iltaan kello 21.00 saakka \u00e4\u00e4nest\u00e4\u00e4 suosikkiaan koko kisan voittajaksi. Ohjelman <a href=\"https:\/\/www.facebook.com\/Suomenkauneinkoti\" target=\"_blank\" rel=\"noopener nofollow\">Facebook<\/a>-sivun perusteella voi vet\u00e4\u00e4 johtop\u00e4\u00e4t\u00f6ksen, ett\u00e4 yksi kohteista on todellinen ennakkosuosikki. Se valittiin loppukisaan mukaan viimeisen\u00e4. <a href=\"https:\/\/www.iltalehti.fi\/tv-ja-leffat\/6eccba3e-bbe3-45c4-9938-572b383b7513\" rel=\"nofollow noopener\" target=\"_blank\">Kyseess\u00e4 on Pudasj\u00e4rven Rytingiss\u00e4 Pohjois-Pohjanmaalla sijaitseva hirsitalo<\/a>. Vuonna 1805 rakennetun kodin erikoisuutena on se, ettei sis\u00e4lle tule juoksevaa vett\u00e4 lainkaan. Peseytyminen tapahtuu ulkosaunassa.<\/p>\n<p class=\"paragraph\">\u2013\u2009T\u00e4llainen el\u00e4m\u00e4ntapa edellytt\u00e4\u00e4 vaivann\u00e4k\u00f6\u00e4 ja voi s\u00e4teill\u00e4 koko el\u00e4m\u00e4\u00e4n rauhaa ja merkityksellisyytt\u00e4. Se ei sovi kaikille, tuomari <strong>Pekka Pakkanen<\/strong> arvioi tv:ss\u00e4.<\/p>\n<p class=\"paragraph\">Somessa <strong>Seija<\/strong> povaa Rytingille varmaa voittoa.<\/p>\n<p class=\"paragraph\">\u2013\u2009Nytkin t\u00e4m\u00e4 tuleva voittaja sai aika nuukasti pisteit\u00e4, mutta kyll\u00e4 kansa tiet\u00e4\u00e4, h\u00e4n kommentoi.<\/p>\n<p class=\"paragraph\">Pekka Pakkanen, <strong>Joanna Amemori<\/strong> ja <strong>Hanna Sumari<\/strong> antoivat kukin talolle 9 pistett\u00e4, eli yhteens\u00e4 se sai 27 pistett\u00e4.<\/p>\n<p class=\"paragraph\">\u2013\u2009Rytingiss\u00e4 oleva talo on upea! \u00c4\u00e4ni sinne, my\u00f6s <strong>Tuija<\/strong> hehkuttaa Fb:ssa.<\/p>\n<p class=\"paragraph\">\u2013\u2009Vanhan vaaliminen, <strong>Susanna<\/strong> perustelee valintaansa.<\/p>\n<p class=\"paragraph\">\u2013\u2009Rytinki oli hieno, <strong>P\u00e4ivi<\/strong> liittyy kehujien joukkoon.<\/p>\n<p class=\"paragraph\">Samaan porukkaan kuuluvat muun muassa my\u00f6s <strong>Minna<\/strong>, <strong>Birgit<\/strong>, <strong>Marjo<\/strong>, <strong>Marjut<\/strong>, <strong>Kirsi<\/strong>, <strong>Tuula<\/strong>, <strong>Irma<\/strong>, <strong>Sinikka<\/strong>, <strong>Suvi<\/strong>, <strong>Anne<\/strong>, <strong>Sari<\/strong>, <strong>Marjut<\/strong> ja <strong>Eija<\/strong>.<\/p>\n<p class=\"paragraph\"><strong>Tarja<\/strong> ei sit\u00e4 vastoin oikein osaa p\u00e4\u00e4tt\u00e4\u00e4.<\/p>\n<p class=\"paragraph\">\u2013\u2009Rytinki oli tavallaan hieno, mutta ihan k\u00e4yt\u00e4nn\u00f6n el\u00e4misen kannalta hankala. Kes\u00e4ll\u00e4 viel\u00e4 voi p\u00e4rj\u00e4t\u00e4 ilman vesijohtoa (ei meid\u00e4nk\u00e4\u00e4n m\u00f6kill\u00e4mme sellaista ole), mutta kuvittelen, millaista olisi k\u00f6mpi\u00e4 talvipakkasella pime\u00e4ss\u00e4 pihan per\u00e4lle huussiin&#8230; Ei sopisi ainakaan minulle.<\/p>\n<p>Seppo ja Arja \u00c4ik\u00e4s asuvat Rytingiss\u00e4 ja heille sopii oikein mainiosti se, ettei sis\u00e4lle tule juoksevaa vett\u00e4. \u2013\u2009Kylyyn p\u00e4\u00e4see joka p\u00e4iv\u00e4 kylpem\u00e4\u00e4n. Se ei ole mik\u00e4\u00e4n ongelma, Arja viittaa pihasaunaan eli vienankarjalaiseen kylyyn. MTV3<\/p>\n<p class=\"paragraph\">Suomen kaunein koti t\u00e4n\u00e4\u00e4n MTV3:lla kello 20.00 &amp; Katsomossa. <a href=\"https:\/\/www.iltalehti.fi\/telkku\/\" rel=\"nofollow noopener\" target=\"_blank\">Katso kaikki\u00a0TV-ohjelmat ja l\u00e4hetysajat Telkun TV-oppaasta<\/a>.<\/p>\n","protected":false},"excerpt":{"rendered":"Suomen kauneinta kotia voi \u00e4\u00e4nest\u00e4\u00e4 viel\u00e4 t\u00e4n\u00e4\u00e4n. Pekka Pakkanen, Hanna Sumari ja Joanna Amemori n\u00e4hd\u00e4\u00e4n ruudussa viel\u00e4 viikon&hellip;\n","protected":false},"author":2,"featured_media":88751,"comment_status":"","ping_status":"","sticky":false,"template":"","format":"standard","meta":{"footnotes":""},"categories":[5],"tags":[35,36,22,23,26,27,33,31,30,17,24,25,28,29,15,18,21,979,32,19,20,2140,140,139,16],"class_list":{"0":"post-88750","1":"post","2":"type-post","3":"status-publish","4":"format-standard","5":"has-post-thumbnail","7":"category-otsikot","8":"tag-24h","9":"tag-asuintalot-ja-asunnot","10":"tag-breaking-news","11":"tag-breakingnews","12":"tag-featured-news","13":"tag-featurednews","14":"tag-fi","15":"tag-finland","16":"tag-finnish","17":"tag-headlines","18":"tag-latest-news","19":"tag-latestnews","20":"tag-main-news","21":"tag-mainnews","22":"tag-news","23":"tag-otsikot","24":"tag-paauutiset","25":"tag-sahkoinen-media","26":"tag-suomi","27":"tag-top-stories","28":"tag-topstories","29":"tag-tosi-tv-ohjelmat","30":"tag-tv-ja-elokuvat","31":"tag-tv-ohjelmat","32":"tag-uutiset"},"share_on_mastodon":{"url":"https:\/\/pubeurope.com\/@fi\/115540871409809040","error":""},"_links":{"self":[{"href":"https:\/\/www.europesays.com\/fi\/wp-json\/wp\/v2\/posts\/88750","targetHints":{"allow":["GET"]}}],"collection":[{"href":"https:\/\/www.europesays.com\/fi\/wp-json\/wp\/v2\/posts"}],"about":[{"href":"https:\/\/www.europesays.com\/fi\/wp-json\/wp\/v2\/types\/post"}],"author":[{"embeddable":true,"href":"https:\/\/www.europesays.com\/fi\/wp-json\/wp\/v2\/users\/2"}],"replies":[{"embeddable":true,"href":"https:\/\/www.europesays.com\/fi\/wp-json\/wp\/v2\/comments?post=88750"}],"version-history":[{"count":0,"href":"https:\/\/www.europesays.com\/fi\/wp-json\/wp\/v2\/posts\/88750\/revisions"}],"wp:featuredmedia":[{"embeddable":true,"href":"https:\/\/www.europesays.com\/fi\/wp-json\/wp\/v2\/media\/88751"}],"wp:attachment":[{"href":"https:\/\/www.europesays.com\/fi\/wp-json\/wp\/v2\/media?parent=88750"}],"wp:term":[{"taxonomy":"category","embeddable":true,"href":"https:\/\/www.europesays.com\/fi\/wp-json\/wp\/v2\/categories?post=88750"},{"taxonomy":"post_tag","embeddable":true,"href":"https:\/\/www.europesays.com\/fi\/wp-json\/wp\/v2\/tags?post=88750"}],"curies":[{"name":"wp","href":"https:\/\/api.w.org\/{rel}","templated":true}]}}