{"id":88753,"date":"2025-11-13T06:13:09","date_gmt":"2025-11-13T06:13:09","guid":{"rendered":"https:\/\/www.europesays.com\/fi\/88753\/"},"modified":"2025-11-13T06:13:09","modified_gmt":"2025-11-13T06:13:09","slug":"tama-on-viimeisin-julkinen-esiintyminen","status":"publish","type":"post","link":"https:\/\/www.europesays.com\/fi\/88753\/","title":{"rendered":"T\u00e4m\u00e4 on viimeisin julkinen esiintyminen"},"content":{"rendered":"<p>Paula Koivuniemi poistui julkisuudesta konserttinsa j\u00e4lkeen.<\/p>\n<p class=\"paragraph\">Laulaja <a href=\"https:\/\/www.iltalehti.fi\/henkilot\/Paula Koivuniemi\" class=\"article-link-person-page\" rel=\"nofollow noopener\" target=\"_blank\">Paula Koivuniemi<\/a> on el\u00e4nyt viime vuodet hiljaiseloa.<\/p>\n<p class=\"paragraph\">Koivuniemi lopetti uransa toukokuussa 2024 pidetyss\u00e4 Kiitos Paula -j\u00e4\u00e4hyv\u00e4iskonsertissa. Se on toistaiseksi h\u00e4nen viimeinen julkinen n\u00e4ytt\u00e4ytymisens\u00e4.<\/p>\n<p><img decoding=\"async\" class=\"image image-show image-preview\" src=\"https:\/\/www.europesays.com\/fi\/wp-content\/uploads\/2025\/11\/40213a0c51eb86e24f1a3afd22ce86e147533eaf7e79e48b1bcfe9c3412a82e4.jpg\" alt=\"\"\/><img decoding=\"async\" class=\"image image-show\" src=\"https:\/\/www.europesays.com\/fi\/wp-content\/uploads\/2025\/11\/1763014389_261_40213a0c51eb86e24f1a3afd22ce86e147533eaf7e79e48b1bcfe9c3412a82e4.jpg\" alt=\"\"\/><\/p>\n<p>Paula Koivuniemi toukokuussa 2024. Roosa Br\u00f6ijer<\/p>\n<p>Viimeisin kuva<\/p>\n<p class=\"paragraph\">Viimeisin kuva, joka Koivuniemest\u00e4 on n\u00e4hty julkisuudessa, on lauluntekij\u00e4 <a href=\"https:\/\/www.iltalehti.fi\/henkilot\/Ilkka Vainio\" class=\"article-link-person-page\" rel=\"nofollow noopener\" target=\"_blank\">Ilkka \u201dIle\u201d Vainion<\/a><a href=\"https:\/\/www.iltalehti.fi\/viihdeuutiset\/8eccd82f-db45-4ca0-9ebc-ce13b5993abd\" rel=\"nofollow noopener\" target=\"_blank\"> toukokuussa julkaisema kuva<\/a>. Julkaisu on sittemmin poistettu Vainion Facebook-tililt\u00e4. Vainio perusteli kuvan poistamista sill\u00e4, ett\u00e4 jotkin \u201dpimeiden pelkurit\u201d pitiv\u00e4t kuvan julkaisemista sopimattomana.<\/p>\n<p class=\"paragraph\">Kuvassa oli Koivuniemi ja h\u00e4nen <strong>Toni<\/strong>-poikansa. Vainion mukaan kaksikko saapui tapaamaan h\u00e4nt\u00e4 levy-yhti\u00f6\u00f6n.<\/p>\n<p>Viimeinen konsertti<\/p>\n<p class=\"paragraph\">Koivuniemen uraa juhlistanut Kiitos Paula -konsertti <a href=\"https:\/\/www.iltalehti.fi\/musiikki\/6ece23b6-ddc5-4a24-ad72-8707ac558874\" rel=\"nofollow noopener\" target=\"_blank\">j\u00e4rjestettiin Tampereella toukokuussa 2024<\/a>. Koivuniemi ilmoitti puolisen vuotta aiemmin, ett\u00e4 h\u00e4n j\u00e4tt\u00e4\u00e4 esiintymislavat.<\/p>\n<p class=\"paragraph\">Koivuniemi ei itse esiintynyt konsertissa, vaan h\u00e4nen kappaleitaan esittiv\u00e4t muut artistit, kuten <a href=\"https:\/\/www.iltalehti.fi\/henkilot\/Lea Laven\" class=\"article-link-person-page\" rel=\"nofollow noopener\" target=\"_blank\">Lea Laven<\/a>, <a href=\"https:\/\/www.iltalehti.fi\/henkilot\/Marion Rung\" class=\"article-link-person-page\" rel=\"nofollow noopener\" target=\"_blank\">Marion Rung<\/a> ja <a href=\"https:\/\/www.iltalehti.fi\/henkilot\/Tuure Kilpel\u00e4inen\" class=\"article-link-person-page\" rel=\"nofollow noopener\" target=\"_blank\">Tuure Kilpel\u00e4inen<\/a>. Konsertin p\u00e4\u00e4tteeksi Koivuniemi nousi lavalle halaamaan esiintyji\u00e4 ja tervehtim\u00e4\u00e4n yleis\u00f6\u00e4. Koivuniemi itki lavalla ja vilkutti liikuttuneena yleis\u00f6lle.<\/p>\n<p>Paula Koivuniemi nousi kiitoskonsertissaan lavalle. Roosa Br\u00f6ijer<\/p>\n<p>Somekanavat hiljentyiv\u00e4t<\/p>\n<p class=\"paragraph\">Koivuniemen omat sosiaalisen median kanavat ovat hiljentyneet. Koivuniemen Instagram-tilille on julkaistu t\u00e4n\u00e4 vuonna vain kaksi julkaisua. Molemmat mainostavat h\u00e4nen fanituotteitaan.<\/p>\n<p class=\"paragraph\">Juhlakonsertin j\u00e4lkeen Koivuniemi esitteli toukokuussa 2024 <strong>Oliver<\/strong>-kissaansa seuraajilleen Instagramissa.<\/p>\n<p class=\"paragraph\">\u2013 Muutama on t\u00e4\u00e4ll\u00e4 kysellyt, mit\u00e4 Oliverille kuuluu. Herra voi hyvin, nautiskelee auringonpaisteesta ja toivottaa kaikille mukavaa viikonloppua!<\/p>\n<p class=\"paragraph\">Katso kuva alapuolelta. Jos kuva ei n\u00e4y, voit katsoa sen <a href=\"https:\/\/www.instagram.com\/p\/C7W4ZEuNyq4\/\" rel=\"noopener nofollow\" target=\"_blank\">t\u00e4st\u00e4 linkist\u00e4<\/a>.<\/p>\n<p class=\"paragraph\">Elokuussa 2024 Koivuniemi julkaisi itsest\u00e4\u00e4n kuvan Instagram-tililleen. Kuvassa Koivuniemi poseeraa Hietaniemen uimarannalla punaisessa bleiseriss\u00e4.<\/p>\n<p class=\"paragraph\">\u2013 Kerran kes\u00e4ss\u00e4 t\u00e4ytyy k\u00e4yd\u00e4 rannalla, vaikka sitten pilvisen\u00e4 p\u00e4iv\u00e4n\u00e4 ja takki p\u00e4\u00e4ll\u00e4. No nyt on t\u00e4m\u00e4kin teht\u00e4v\u00e4 suoritettu, kuvatekstiss\u00e4 luki.<\/p>\n<p class=\"paragraph\">Katso kuva alapuolelta. Jos kuva ei n\u00e4y, voit katsoa sen <a href=\"https:\/\/www.instagram.com\/p\/C-hrt5bthw6\/\" rel=\"noopener nofollow\" target=\"_blank\">t\u00e4st\u00e4 linkist\u00e4<\/a>.<\/p>\n<p>Aiemmat vuodet<\/p>\n<p class=\"paragraph\">Koivuniemi osallistui viel\u00e4 vuonna 2022 julkisiin tilaisuuksiin. H\u00e4n osallistui muun muassa vuoden 2022 Linnan juhliin ja aiemmin samana vuonna <a href=\"https:\/\/www.iltalehti.fi\/henkilot\/Vesa-Matti Loiri\" class=\"article-link-person-page\" rel=\"nofollow noopener\" target=\"_blank\">Vesa-Matti Loirin<\/a> hautajaisiin.<\/p>\n<p class=\"paragraph\"><a href=\"https:\/\/www.iltalehti.fi\/viihdeuutiset\/7e0db58a-338b-48a8-bd2b-3d669b6202f0\" rel=\"nofollow noopener\" target=\"_blank\">Viimeisimm\u00e4n kansihaastattelun<\/a> Koivuniemi antoi Iltalehdelle vuonna 2020. Haastattelussa puhuttiin muun muassa Koivuniemen rakkausel\u00e4m\u00e4st\u00e4. Koivuniemi kertoi, ettei h\u00e4n en\u00e4\u00e4 kaipaa rakkaussuhteita.<\/p>\n<p class=\"paragraph\">\u2013\u2009Rakkaussuhteiden aika on ohi. Ne asiat ovat jo niin kaukana, ei ole en\u00e4\u00e4 ajankohtaista mietti\u00e4 tuollaista. Olen tyytyv\u00e4inen el\u00e4m\u00e4\u00e4ni, joka minulla on. Siin\u00e4 on kaipaamani palaset, Koivuniemi kertoi Iltalehdelle.<\/p>\n<p class=\"paragraph\">H\u00e4n t\u00e4ytt\u00e4\u00e4 ensi kes\u00e4n\u00e4 79 vuotta. Laulajan aktiivinen keikkailu-ura ehti kest\u00e4\u00e4 l\u00e4hes kuusi vuosikymment\u00e4. Paula Koivuniemen ensilevytys Perhonen kun julkaistiin vuonna 1966.<\/p>\n<p>Paula Koivuniemi vuonna 2020. Pasi Liesimaa<\/p>\n<p class=\"paragraph\">Koivunimen tunnetuimpia kappaleita ovat muun muassa Tummat silm\u00e4t, ruskea tukka, Sata kes\u00e4\u00e4, tuhat y\u00f6t\u00e4 ja Aikuinen nainen.<\/p>\n<p><script async src=\"\/\/www.instagram.com\/embed.js\"><\/script><\/p>\n","protected":false},"excerpt":{"rendered":"Paula Koivuniemi poistui julkisuudesta konserttinsa j\u00e4lkeen. Laulaja Paula Koivuniemi on el\u00e4nyt viime vuodet hiljaiseloa. Koivuniemi lopetti uransa toukokuussa&hellip;\n","protected":false},"author":2,"featured_media":88754,"comment_status":"","ping_status":"","sticky":false,"template":"","format":"standard","meta":{"footnotes":""},"categories":[136],"tags":[35,138,407,137,33,31,30,408,47,141,742,32,484,109],"class_list":{"0":"post-88753","1":"post","2":"type-post","3":"status-publish","4":"format-standard","5":"has-post-thumbnail","7":"category-julkkikset","8":"tag-24h","9":"tag-audio","10":"tag-celebrities","11":"tag-entertainment","12":"tag-fi","13":"tag-finland","14":"tag-finnish","15":"tag-julkkikset","16":"tag-musiikki","17":"tag-muusikot-bandit","18":"tag-suomalainen-musiikki","19":"tag-suomi","20":"tag-taiteellinen-ilmaisu-ja-mediat","21":"tag-viihde"},"share_on_mastodon":{"url":"https:\/\/pubeurope.com\/@fi\/115540918612177371","error":""},"_links":{"self":[{"href":"https:\/\/www.europesays.com\/fi\/wp-json\/wp\/v2\/posts\/88753","targetHints":{"allow":["GET"]}}],"collection":[{"href":"https:\/\/www.europesays.com\/fi\/wp-json\/wp\/v2\/posts"}],"about":[{"href":"https:\/\/www.europesays.com\/fi\/wp-json\/wp\/v2\/types\/post"}],"author":[{"embeddable":true,"href":"https:\/\/www.europesays.com\/fi\/wp-json\/wp\/v2\/users\/2"}],"replies":[{"embeddable":true,"href":"https:\/\/www.europesays.com\/fi\/wp-json\/wp\/v2\/comments?post=88753"}],"version-history":[{"count":0,"href":"https:\/\/www.europesays.com\/fi\/wp-json\/wp\/v2\/posts\/88753\/revisions"}],"wp:featuredmedia":[{"embeddable":true,"href":"https:\/\/www.europesays.com\/fi\/wp-json\/wp\/v2\/media\/88754"}],"wp:attachment":[{"href":"https:\/\/www.europesays.com\/fi\/wp-json\/wp\/v2\/media?parent=88753"}],"wp:term":[{"taxonomy":"category","embeddable":true,"href":"https:\/\/www.europesays.com\/fi\/wp-json\/wp\/v2\/categories?post=88753"},{"taxonomy":"post_tag","embeddable":true,"href":"https:\/\/www.europesays.com\/fi\/wp-json\/wp\/v2\/tags?post=88753"}],"curies":[{"name":"wp","href":"https:\/\/api.w.org\/{rel}","templated":true}]}}