{"id":88767,"date":"2025-11-13T06:39:08","date_gmt":"2025-11-13T06:39:08","guid":{"rendered":"https:\/\/www.europesays.com\/fi\/88767\/"},"modified":"2025-11-13T06:39:08","modified_gmt":"2025-11-13T06:39:08","slug":"anniina-valtonen-heratti-huolta-seuraajien-keskuudessa","status":"publish","type":"post","link":"https:\/\/www.europesays.com\/fi\/88767\/","title":{"rendered":"Anniina Valtonen her\u00e4tti huolta seuraajien keskuudessa"},"content":{"rendered":"<p>            TIMO KORHONEN\n        <\/p>\n<p class=\"subtitle \">Anniinan h\u00e4vi\u00e4minen h\u00e4mm\u00e4stytti seuraajia.<\/p>\n<p class=\"article-content article-content-width !bg-background\">Suosikkimeteorologi , 35, kertoi marraskuun alussa kohtaamistaan y\u00f6llisest\u00e4 kauhunhetkest\u00e4.<\/p>\n<p class=\"font-weight-bold m-font-weight-bold article-content article-content-width !bg-background\">Katso arkistovideo: Anniina ylpe\u00e4n\u00e4 Nastolasta<\/p>\n<p class=\"article-content article-content-width !bg-background\">Anniina kuvaili tuolloin sosiaalisen median p\u00e4ivityksess\u00e4\u00e4n her\u00e4nneens\u00e4 keskell\u00e4 y\u00f6t\u00e4 lapsensa itkuun. Pime\u00e4ss\u00e4 h\u00e4n huomasi koko lapsen naaman ja s\u00e4ngyn olevan m\u00e4r\u00e4t, ja valot p\u00e4\u00e4lle pantuaan h\u00e4n tajusi kauhukseen lapsen olleen oksennuksen peitossa.<\/p>\n<p class=\"article-content article-content-width !bg-background\">\u2013 N\u00e4ky on kuin kauhuelokuvasta! Huudan mieheni apuun. Meill\u00e4 on edess\u00e4 joka perheen todellinen kauhujen y\u00f6! Anniina kuvaili dramaattista tilannetta.<\/p>\n<p>        <a itemprop=\"url\" href=\"https:\/\/www.seiska.fi\/kotimaa\/harvinainen-kuva-nain-iso-on-anniina-valtosen-lapsi\/1948763\" rel=\"nofollow noopener\" target=\"_blank\"><\/p>\n<p>\nN\u00e4in iso on Anniina Valtosen lapsi\n<\/p>\n<p class=\"section-date\">\n        <strong class=\"article-section\" data-section=\"kotimaa\"><br \/>\n            kotimaa<br \/>\n        <\/strong><br \/>\n        2.10. 11:03\n    <\/p>\n<p>Harvinainen kuva! N\u00e4in iso on Anniina Valtosen lapsi\n    <\/p>\n<p itemprop=\"description\" class=\"subtitle \">\n    Anniinan esikoispoika t\u00e4ytt\u00e4\u00e4 joulukuussa kaksi vuotta.\n<\/p>\n<p>        <\/a><\/p>\n<p class=\"article-content article-content-width !bg-background\">Kauhujen y\u00f6n j\u00e4lkeen Anniina vaikutti kadonneen j\u00e4ljett\u00f6miin, ja h\u00e4nen sosiaalinen mediansa hiljeni.<\/p>\n<p>Vatsatauti ja nuha takana<\/p>\n<p class=\"article-content article-content-width !bg-background\">Keskiviikkona (12.11.) Anniina julkaisi viimein tilannep\u00e4ivityksen Instagram-sivullaan.<\/p>\n<p class=\"article-content article-content-width !bg-background\">Julkaisemassaan kuvassa Anniina istuu rento farkkupaita yll\u00e4\u00e4n toimistop\u00f6yd\u00e4n \u00e4\u00e4ress\u00e4.\u00a0<\/p>\n<p class=\"article-content article-content-width !bg-background\">\u2013 Heippa t\u00e4\u00e4ll\u00e4 ollaan! Yht\u00e4 vatsatautia ja kaupanp\u00e4\u00e4lliseksi tullutta r\u00e4k\u00e4tautia ehompana, s\u00e4\u00e4nainen tervehtii julkaisussaan.<\/p>\n<p>        <a itemprop=\"url\" href=\"https:\/\/www.seiska.fi\/katso\/anniina-valtonen-paljastaa-hammastyttavan-asian-tyostaan\/1942256\" rel=\"nofollow noopener\" target=\"_blank\"><\/p>\n<p>\nAnniina Valtonen\n<\/p>\n<p class=\"section-date\">\n        <strong class=\"article-section\" data-section=\"katso\"><br \/>\n            katso<br \/>\n        <\/strong><br \/>\n        26.9. 10:21\n    <\/p>\n<p>Anniina Valtonen paljastaa h\u00e4mm\u00e4stytt\u00e4v\u00e4n asian ty\u00f6st\u00e4\u00e4n\n    <\/p>\n<p itemprop=\"description\" class=\"subtitle \">\n    Suosikkimeteorologi Anniina Valtonen p\u00e4\u00e4st\u00e4\u00e4 katsojat kulissien taakse.\n<\/p>\n<p>        <\/a><\/p>\n<p class=\"article-content article-content-width !bg-background\"> Anniina my\u00f6nt\u00e4\u00e4, ett\u00e4 h\u00e4nen per\u00e4\u00e4ns\u00e4 on kyselty, ja poissaolo jopa television s\u00e4\u00e4l\u00e4hetyksist\u00e4 on her\u00e4tt\u00e4nyt seuraajien keskuudessa ilmeisesti ihmetyst\u00e4. <\/p>\n<p class=\"article-content article-content-width !bg-background\">\u2013 Osa on ollut huolissaan, ett\u00e4 mihin olen kadonnut, kun ei ole telkkarissa n\u00e4kynyt, h\u00e4n alkaa.<\/p>\n<p class=\"italic m-italic article-content article-content-width !bg-background\">\u2013 No osa syy on ollut sairastelu, mutta toinen on se, ett\u00e4 minulla on nyt marraskuussa paljon toimistovuoroja. Valmistelen joulukuun alussa Ylen sovelluksessa julkaistavaa s\u00e4\u00e4sis\u00e4lt\u00f6\u00e4.<\/p>\n<p class=\"article-content article-content-width !bg-background\">Meteorologeilla l\u00e4hetysvuorot sijoittuvat usein aamuun ja iltaan, mutta Anniina muistuttaa, ett\u00e4 aina n\u00e4in ei ole.<\/p>\n<p class=\"article-content article-content-width !bg-background\">\u2013 V\u00e4lill\u00e4 saamme nauttia virka-ajalla teht\u00e4v\u00e4st\u00e4 ty\u00f6st\u00e4, tv-kasvo valottaa toivottaen seuraajilleen mukavaa keskiviikkop\u00e4iv\u00e4\u00e4.<\/p>\n<p>        <a itemprop=\"url\" href=\"https:\/\/www.seiska.fi\/katso\/anniina-valtonen-paljastaa-totuuden-saakulissien-takaa\/1941353\" rel=\"nofollow noopener\" target=\"_blank\"><\/p>\n<p>\nAnniina Valtonen:\n<\/p>\n<p class=\"section-date\">\n        <strong class=\"article-section\" data-section=\"katso\"><br \/>\n            katso<br \/>\n        <\/strong><br \/>\n        25.9. 15:15\n    <\/p>\n<p>Anniina Valtonen paljastaa totuuden s\u00e4\u00e4kulissien takaa\n    <\/p>\n<p itemprop=\"description\" class=\"subtitle \">\n    Kaikki ei ole sit\u00e4, milt\u00e4 tv-ruudusta n\u00e4ytt\u00e4\u00e4.\n<\/p>\n<p>        <\/a><\/p>\n<p class=\"article-content article-content-width !bg-background\">Anniinan esikoislapsi syntyi joulukuussa 2023, eli potra poika t\u00e4ytt\u00e4\u00e4 ensi kuussa kaksi vuotta. <\/p>\n<p class=\"article-content article-content-width !bg-background\"> Anniina on pit\u00e4nyt perheeseens\u00e4 liittyv\u00e4t asiat p\u00e4\u00e4asiassa poissa sosiaalisen median maailmasta, mutta jakaa silloin t\u00e4ll\u00f6in seuraajilleen arkisia hetki\u00e4, joita kohtaa poikansa kanssa. <\/p>\n","protected":false},"excerpt":{"rendered":"TIMO KORHONEN Anniinan h\u00e4vi\u00e4minen h\u00e4mm\u00e4stytti seuraajia. Suosikkimeteorologi , 35, kertoi marraskuun alussa kohtaamistaan y\u00f6llisest\u00e4 kauhunhetkest\u00e4. Katso arkistovideo: Anniina&hellip;\n","protected":false},"author":2,"featured_media":88768,"comment_status":"","ping_status":"","sticky":false,"template":"","format":"standard","meta":{"footnotes":""},"categories":[136],"tags":[10445,407,137,33,31,30,6033,408,212,7346,98,3496,32,4967,17930,109],"class_list":{"0":"post-88767","1":"post","2":"type-post","3":"status-publish","4":"format-standard","5":"has-post-thumbnail","7":"category-julkkikset","8":"tag-anniina-valtonen","9":"tag-celebrities","10":"tag-entertainment","11":"tag-fi","12":"tag-finland","13":"tag-finnish","14":"tag-huoli","15":"tag-julkkikset","16":"tag-lifestyle","17":"tag-meteorologi","18":"tag-perhe","19":"tag-sairastuminen","20":"tag-suomi","21":"tag-terveyshuolia","22":"tag-vatsatauti","23":"tag-viihde"},"share_on_mastodon":{"url":"https:\/\/pubeurope.com\/@fi\/115541020717835448","error":""},"_links":{"self":[{"href":"https:\/\/www.europesays.com\/fi\/wp-json\/wp\/v2\/posts\/88767","targetHints":{"allow":["GET"]}}],"collection":[{"href":"https:\/\/www.europesays.com\/fi\/wp-json\/wp\/v2\/posts"}],"about":[{"href":"https:\/\/www.europesays.com\/fi\/wp-json\/wp\/v2\/types\/post"}],"author":[{"embeddable":true,"href":"https:\/\/www.europesays.com\/fi\/wp-json\/wp\/v2\/users\/2"}],"replies":[{"embeddable":true,"href":"https:\/\/www.europesays.com\/fi\/wp-json\/wp\/v2\/comments?post=88767"}],"version-history":[{"count":0,"href":"https:\/\/www.europesays.com\/fi\/wp-json\/wp\/v2\/posts\/88767\/revisions"}],"wp:featuredmedia":[{"embeddable":true,"href":"https:\/\/www.europesays.com\/fi\/wp-json\/wp\/v2\/media\/88768"}],"wp:attachment":[{"href":"https:\/\/www.europesays.com\/fi\/wp-json\/wp\/v2\/media?parent=88767"}],"wp:term":[{"taxonomy":"category","embeddable":true,"href":"https:\/\/www.europesays.com\/fi\/wp-json\/wp\/v2\/categories?post=88767"},{"taxonomy":"post_tag","embeddable":true,"href":"https:\/\/www.europesays.com\/fi\/wp-json\/wp\/v2\/tags?post=88767"}],"curies":[{"name":"wp","href":"https:\/\/api.w.org\/{rel}","templated":true}]}}